{"id":6600,"date":"2019-05-10T15:41:19","date_gmt":"2019-05-10T13:41:19","guid":{"rendered":"https:\/\/www.fredonoccitanie.com\/jevi\/?p=6600"},"modified":"2019-05-10T15:41:19","modified_gmt":"2019-05-10T13:41:19","slug":"france-3-occitanie-valorise-les-campings-engages-zero-phyto","status":"publish","type":"post","link":"https:\/\/www.fredonoccitanie.com\/jevi\/2019\/05\/10\/france-3-occitanie-valorise-les-campings-engages-zero-phyto\/","title":{"rendered":"France 3 Occitanie valorise les campings \u00ab\u00a0Engag\u00e9s Z\u00e9ro Phyto\u00a0\u00bb"},"content":{"rendered":"\n<h3 class=\"wp-block-heading\">France 3 Occitanie fait honneur \u00e0 nos campings Z\u00e9ro phyto, un reportage dans l&rsquo;un d&rsquo;eux \u00e0 Marseillan-plage<\/h3>\n\n\n\n<p> 18 campings d&rsquo;Occitanie viennent de se voir d\u00e9cerner le prix \u00ab\u00a0Engag\u00e9  Z\u00e9ro phyto\u00a0\u00bb pour leur d\u00e9marche respectueuse de l&rsquo;environnement : aucun  pesticide n&rsquo;est utilis\u00e9 dans leurs espaces verts. Parmi eux, le camping  Beauregard de Marseillan-Plage (H\u00e9rault), o\u00f9 tourisme et biodiversit\u00e9  font bon m\u00e9nage.<\/p>\n\n\n\n<figure class=\"wp-block-embed-youtube wp-block-embed is-type-video is-provider-youtube wp-embed-aspect-16-9 wp-has-aspect-ratio\"><div class=\"wp-block-embed__wrapper\">\n<div class='avia-iframe-wrap'><iframe loading=\"lazy\" title=\"Un camping de l&#039;H\u00e9rault labellis\u00e9 Z\u00e9ro Phyto\" width=\"1500\" height=\"844\" src=\"https:\/\/www.youtube.com\/embed\/qLaXdueNrgA?feature=oembed\" frameborder=\"0\" allow=\"accelerometer; autoplay; clipboard-write; encrypted-media; gyroscope; picture-in-picture\" allowfullscreen><\/iframe><\/div>\n<\/div><\/figure>\n","protected":false},"excerpt":{"rendered":"<p>France 3 Occitanie fait honneur \u00e0 nos campings Z\u00e9ro phyto, un reportage dans l&rsquo;un d&rsquo;eux \u00e0 Marseillan-plage 18 campings d&rsquo;Occitanie viennent de se voir d\u00e9cerner le prix \u00ab\u00a0Engag\u00e9 Z\u00e9ro phyto\u00a0\u00bb pour leur d\u00e9marche respectueuse de l&rsquo;environnement : aucun pesticide n&rsquo;est utilis\u00e9 dans leurs espaces verts. Parmi eux, le camping Beauregard de Marseillan-Plage (H\u00e9rault), o\u00f9 tourisme [&hellip;]<\/p>\n","protected":false},"author":1,"featured_media":6602,"comment_status":"open","ping_status":"open","sticky":false,"template":"","format":"standard","meta":{"footnotes":""},"categories":[8],"tags":[7],"class_list":["post-6600","post","type-post","status-publish","format-standard","has-post-thumbnail","hentry","category-jevi","tag-actualites-jevi"],"_links":{"self":[{"href":"https:\/\/www.fredonoccitanie.com\/jevi\/wp-json\/wp\/v2\/posts\/6600","targetHints":{"allow":["GET"]}}],"collection":[{"href":"https:\/\/www.fredonoccitanie.com\/jevi\/wp-json\/wp\/v2\/posts"}],"about":[{"href":"https:\/\/www.fredonoccitanie.com\/jevi\/wp-json\/wp\/v2\/types\/post"}],"author":[{"embeddable":true,"href":"https:\/\/www.fredonoccitanie.com\/jevi\/wp-json\/wp\/v2\/users\/1"}],"replies":[{"embeddable":true,"href":"https:\/\/www.fredonoccitanie.com\/jevi\/wp-json\/wp\/v2\/comments?post=6600"}],"version-history":[{"count":0,"href":"https:\/\/www.fredonoccitanie.com\/jevi\/wp-json\/wp\/v2\/posts\/6600\/revisions"}],"wp:featuredmedia":[{"embeddable":true,"href":"https:\/\/www.fredonoccitanie.com\/jevi\/wp-json\/wp\/v2\/media\/6602"}],"wp:attachment":[{"href":"https:\/\/www.fredonoccitanie.com\/jevi\/wp-json\/wp\/v2\/media?parent=6600"}],"wp:term":[{"taxonomy":"category","embeddable":true,"href":"https:\/\/www.fredonoccitanie.com\/jevi\/wp-json\/wp\/v2\/categories?post=6600"},{"taxonomy":"post_tag","embeddable":true,"href":"https:\/\/www.fredonoccitanie.com\/jevi\/wp-json\/wp\/v2\/tags?post=6600"}],"curies":[{"name":"wp","href":"https:\/\/api.w.org\/{rel}","templated":true}]}}