{"id":6586,"date":"2019-05-09T14:53:23","date_gmt":"2019-05-09T12:53:23","guid":{"rendered":"https:\/\/www.fredonoccitanie.com\/jevi\/?p=6586"},"modified":"2019-05-09T14:53:23","modified_gmt":"2019-05-09T12:53:23","slug":"collectivites-objectif-zero-phyto-appel-a-candidatures","status":"publish","type":"post","link":"https:\/\/www.fredonoccitanie.com\/jevi\/2019\/05\/09\/collectivites-objectif-zero-phyto-appel-a-candidatures\/","title":{"rendered":"Collectivit\u00e9s \u00ab Objectif z\u00e9ro phyto \u00bb : appel \u00e0 candidatures !"},"content":{"rendered":"\n<h2 class=\"wp-block-heading\">Collectivit\u00e9s \u00ab Objectif z\u00e9ro phyto \u00bb : appel \u00e0 candidatures !<\/h2>\n\n\n\n<p>La charte r\u00e9gionale <strong> Objectif Z\u00e9ro Phyto <\/strong>est propos\u00e9e \u00e0 toutes les collectivit\u00e9s de la r\u00e9gion Occitanie qui s\u2019engagent \u00e0 r\u00e9duire leur utilisation de pesticides. Elle est port\u00e9e par la <a href=\"https:\/\/www.fredonoccitanie.com\/jevi\/\">FREDON Occitanie <\/a>(structure animatrice), la Pr\u00e9fecture de r\u00e9gion, l\u2019Agence de l\u2019Eau Rh\u00f4ne M\u00e9diterran\u00e9e Corse, l\u2019Agence R\u00e9gionale de Sant\u00e9 et la R\u00e9gion Occitanie.<\/p>\n\n\n\n<p>Rejoignez les <a href=\"https:\/\/www.fredonoccitanie.com\/jevi\/3510-2\/\">328 collectivit\u00e9s&nbsp; <\/a>d\u00e9j\u00e0 engag\u00e9es dans la d\u00e9marche !<br>D\u00e9j\u00e0 engag\u00e9 ? Faites nous part de vos souhaits de progresser dans les niveaux de la charte !<\/p>\n\n\n\n<figure class=\"wp-block-image\"><img decoding=\"async\" src=\"https:\/\/www.fredonoccitanie.com\/jevi\/wp-content\/uploads\/sites\/7\/2017\/02\/logo_01_light-1024x469.jpg\" alt=\"\" class=\"wp-image-4401\" \/><\/figure>\n\n\n\n<p>Comment s\u2019inscrire dans ce dispositif ?<\/p>\n\n\n\n<ol class=\"wp-block-list\"><li>Consulter le <a href=\"http:\/\/cloud.ressources-fredonoccitanie.com\/index.php\/s\/ecGEXRYPnMWaoHN\" target=\"_blank\" rel=\"noreferrer noopener\" aria-label=\" (s\u2019ouvre dans un nouvel onglet)\">cahier des charges<\/a><\/li><li>Envoyer un <a rel=\"noopener noreferrer\" href=\"http:\/\/ressources.fredonoccitanie.com\/questionnaire\/limesurvey\/index.php\/477685?lang=fr\" target=\"_blank\">dossier de candidature<\/a><\/li><li>Accueillir le jury de contr\u00f4le de la charte<\/li><li>Signer un acte d\u2019engagement<\/li><li>Communiquer avec le visuel \u00ab\u00a0Objectif Z\u00e9ro Phyto\u00a0\u00bb<\/li><\/ol>\n\n\n\n<p><strong>Ce dispositif est gratuit pour les collectivit\u00e9s souhaitant s\u2019y engager<\/strong>.<br>Pour b\u00e9n\u00e9ficier du dispositif en 2019, les inscriptions sont ouvertes jusqu\u2019au&nbsp; <strong>13 juin 2019<\/strong>.<br>Plus d\u2019informations sur : <a href=\"https:\/\/www.fredonoccitanie.com\/jevi\/la-charte\/\">www.fredonoccitanie.com <\/a><\/p>\n","protected":false},"excerpt":{"rendered":"<p>Collectivit\u00e9s \u00ab Objectif z\u00e9ro phyto \u00bb : appel \u00e0 candidatures ! La charte r\u00e9gionale Objectif Z\u00e9ro Phyto est propos\u00e9e \u00e0 toutes les collectivit\u00e9s de la r\u00e9gion Occitanie qui s\u2019engagent \u00e0 r\u00e9duire leur utilisation de pesticides. Elle est port\u00e9e par la FREDON Occitanie (structure animatrice), la Pr\u00e9fecture de r\u00e9gion, l\u2019Agence de l\u2019Eau Rh\u00f4ne M\u00e9diterran\u00e9e Corse, l\u2019Agence [&hellip;]<\/p>\n","protected":false},"author":1,"featured_media":4401,"comment_status":"open","ping_status":"open","sticky":false,"template":"","format":"standard","meta":{"footnotes":""},"categories":[8],"tags":[7],"class_list":["post-6586","post","type-post","status-publish","format-standard","has-post-thumbnail","hentry","category-jevi","tag-actualites-jevi"],"_links":{"self":[{"href":"https:\/\/www.fredonoccitanie.com\/jevi\/wp-json\/wp\/v2\/posts\/6586","targetHints":{"allow":["GET"]}}],"collection":[{"href":"https:\/\/www.fredonoccitanie.com\/jevi\/wp-json\/wp\/v2\/posts"}],"about":[{"href":"https:\/\/www.fredonoccitanie.com\/jevi\/wp-json\/wp\/v2\/types\/post"}],"author":[{"embeddable":true,"href":"https:\/\/www.fredonoccitanie.com\/jevi\/wp-json\/wp\/v2\/users\/1"}],"replies":[{"embeddable":true,"href":"https:\/\/www.fredonoccitanie.com\/jevi\/wp-json\/wp\/v2\/comments?post=6586"}],"version-history":[{"count":0,"href":"https:\/\/www.fredonoccitanie.com\/jevi\/wp-json\/wp\/v2\/posts\/6586\/revisions"}],"wp:featuredmedia":[{"embeddable":true,"href":"https:\/\/www.fredonoccitanie.com\/jevi\/wp-json\/wp\/v2\/media\/4401"}],"wp:attachment":[{"href":"https:\/\/www.fredonoccitanie.com\/jevi\/wp-json\/wp\/v2\/media?parent=6586"}],"wp:term":[{"taxonomy":"category","embeddable":true,"href":"https:\/\/www.fredonoccitanie.com\/jevi\/wp-json\/wp\/v2\/categories?post=6586"},{"taxonomy":"post_tag","embeddable":true,"href":"https:\/\/www.fredonoccitanie.com\/jevi\/wp-json\/wp\/v2\/tags?post=6586"}],"curies":[{"name":"wp","href":"https:\/\/api.w.org\/{rel}","templated":true}]}}