{"id":6570,"date":"2019-05-07T18:28:50","date_gmt":"2019-05-07T16:28:50","guid":{"rendered":"https:\/\/www.fredonoccitanie.com\/jevi\/?p=6570"},"modified":"2019-05-07T18:28:50","modified_gmt":"2019-05-07T16:28:50","slug":"une-nouvelle-animatrice-zero-phyto-cote-ouest","status":"publish","type":"post","link":"https:\/\/www.fredonoccitanie.com\/jevi\/2019\/05\/07\/une-nouvelle-animatrice-zero-phyto-cote-ouest\/","title":{"rendered":"Une nouvelle animatrice z\u00e9ro phyto c\u00f4t\u00e9 Ouest"},"content":{"rendered":"\n<p>Fraichement d\u00e9barqu\u00e9e d&rsquo;Ari\u00e8ge, Camille Morel d\u00e9veloppera au sein de la FREDON Occitanie la charte \u00ab\u00a0Objectif z\u00e9ro phyto\u00a0\u00bb sur la partie ouest de la r\u00e9gion.<br><\/p>\n\n\n\n<p>N&rsquo;h\u00e9sitez pas \u00e0 la contacter au <strong>06 30 61 84 86 ou c(point)morel(at)fredonoccitanie(point)com<\/strong><\/p>\n","protected":false},"excerpt":{"rendered":"<p>Fraichement d\u00e9barqu\u00e9e d&rsquo;Ari\u00e8ge, Camille Morel d\u00e9veloppera au sein de la FREDON Occitanie la charte \u00ab\u00a0Objectif z\u00e9ro phyto\u00a0\u00bb sur la partie ouest de la r\u00e9gion. N&rsquo;h\u00e9sitez pas \u00e0 la contacter au 06 30 61 84 86 ou c(point)morel(at)fredonoccitanie(point)com<\/p>\n","protected":false},"author":1,"featured_media":6579,"comment_status":"open","ping_status":"open","sticky":false,"template":"","format":"standard","meta":{"footnotes":""},"categories":[8],"tags":[7],"class_list":["post-6570","post","type-post","status-publish","format-standard","has-post-thumbnail","hentry","category-jevi","tag-actualites-jevi"],"_links":{"self":[{"href":"https:\/\/www.fredonoccitanie.com\/jevi\/wp-json\/wp\/v2\/posts\/6570","targetHints":{"allow":["GET"]}}],"collection":[{"href":"https:\/\/www.fredonoccitanie.com\/jevi\/wp-json\/wp\/v2\/posts"}],"about":[{"href":"https:\/\/www.fredonoccitanie.com\/jevi\/wp-json\/wp\/v2\/types\/post"}],"author":[{"embeddable":true,"href":"https:\/\/www.fredonoccitanie.com\/jevi\/wp-json\/wp\/v2\/users\/1"}],"replies":[{"embeddable":true,"href":"https:\/\/www.fredonoccitanie.com\/jevi\/wp-json\/wp\/v2\/comments?post=6570"}],"version-history":[{"count":0,"href":"https:\/\/www.fredonoccitanie.com\/jevi\/wp-json\/wp\/v2\/posts\/6570\/revisions"}],"wp:featuredmedia":[{"embeddable":true,"href":"https:\/\/www.fredonoccitanie.com\/jevi\/wp-json\/wp\/v2\/media\/6579"}],"wp:attachment":[{"href":"https:\/\/www.fredonoccitanie.com\/jevi\/wp-json\/wp\/v2\/media?parent=6570"}],"wp:term":[{"taxonomy":"category","embeddable":true,"href":"https:\/\/www.fredonoccitanie.com\/jevi\/wp-json\/wp\/v2\/categories?post=6570"},{"taxonomy":"post_tag","embeddable":true,"href":"https:\/\/www.fredonoccitanie.com\/jevi\/wp-json\/wp\/v2\/tags?post=6570"}],"curies":[{"name":"wp","href":"https:\/\/api.w.org\/{rel}","templated":true}]}}