{"id":6547,"date":"2019-04-10T16:54:27","date_gmt":"2019-04-10T14:54:27","guid":{"rendered":"https:\/\/www.fredonoccitanie.com\/jevi\/?p=6547"},"modified":"2019-04-10T16:54:27","modified_gmt":"2019-04-10T14:54:27","slug":"reglementation-une-plaquette-pour-y-voir-plus-clair","status":"publish","type":"post","link":"https:\/\/www.fredonoccitanie.com\/jevi\/2019\/04\/10\/reglementation-une-plaquette-pour-y-voir-plus-clair\/","title":{"rendered":"R\u00e9glementation : une plaquette pour y voir plus clair !"},"content":{"rendered":"<p>Suite \u00e0 la mise en application de la loi Labb\u00e9, la FREDON Occitanie avait publi\u00e9 en 2016 une fiche r\u00e9capitulative \u00e0 destination de tous les gestionnaires de JEVI.<\/p>\n<p>Compte tenu des pratiques recueillies aupr\u00e8s des collectivit\u00e9s, cette fiche a \u00e9t\u00e9 mise \u00e0 jour et compl\u00e9t\u00e9e de messages clairs concernant :<\/p>\n<ul>\n<li>Les m\u00e9susages des produits (ex : interdiction de d\u00e9sherbage \u00e0 base de sel ou de vinaigre)<\/li>\n<li>Les fili\u00e8res de collectes des d\u00e9chets pour les particuliers et les professionnels<\/li>\n<li>Les engagements dans la charte r\u00e9gionale<\/li>\n<\/ul>\n<p>Un m\u00e9mo \u00e0 garder pr\u00e8s de soi et \u00e0 diffuser sans mod\u00e9ration !!<\/p>\n<p><a href=\"https:\/\/www.fredonoccitanie.com\/jevi\/wp-content\/uploads\/sites\/7\/2019\/04\/flyer3volets-FREDON19-web.pdf\" target=\"_blank\" rel=\"noopener noreferrer\"><img loading=\"lazy\" decoding=\"async\" class=\"aligncenter wp-image-6548 size-large_image\" src=\"https:\/\/www.fredonoccitanie.com\/jevi\/wp-content\/uploads\/sites\/7\/2019\/04\/reglementation2019-750x531.png\" alt=\"\" width=\"750\" height=\"531\" \/><\/a><\/p>\n","protected":false},"excerpt":{"rendered":"<p>Suite \u00e0 la mise en application de la loi Labb\u00e9, la FREDON Occitanie avait publi\u00e9 en 2016 une fiche r\u00e9capitulative \u00e0 destination de tous les gestionnaires de JEVI. Compte tenu des pratiques recueillies aupr\u00e8s des collectivit\u00e9s, cette fiche a \u00e9t\u00e9 mise \u00e0 jour et compl\u00e9t\u00e9e de messages clairs concernant : Les m\u00e9susages des produits (ex [&hellip;]<\/p>\n","protected":false},"author":1,"featured_media":3322,"comment_status":"open","ping_status":"open","sticky":false,"template":"","format":"standard","meta":{"footnotes":""},"categories":[8],"tags":[7],"class_list":["post-6547","post","type-post","status-publish","format-standard","has-post-thumbnail","hentry","category-jevi","tag-actualites-jevi"],"_links":{"self":[{"href":"https:\/\/www.fredonoccitanie.com\/jevi\/wp-json\/wp\/v2\/posts\/6547","targetHints":{"allow":["GET"]}}],"collection":[{"href":"https:\/\/www.fredonoccitanie.com\/jevi\/wp-json\/wp\/v2\/posts"}],"about":[{"href":"https:\/\/www.fredonoccitanie.com\/jevi\/wp-json\/wp\/v2\/types\/post"}],"author":[{"embeddable":true,"href":"https:\/\/www.fredonoccitanie.com\/jevi\/wp-json\/wp\/v2\/users\/1"}],"replies":[{"embeddable":true,"href":"https:\/\/www.fredonoccitanie.com\/jevi\/wp-json\/wp\/v2\/comments?post=6547"}],"version-history":[{"count":0,"href":"https:\/\/www.fredonoccitanie.com\/jevi\/wp-json\/wp\/v2\/posts\/6547\/revisions"}],"wp:featuredmedia":[{"embeddable":true,"href":"https:\/\/www.fredonoccitanie.com\/jevi\/wp-json\/wp\/v2\/media\/3322"}],"wp:attachment":[{"href":"https:\/\/www.fredonoccitanie.com\/jevi\/wp-json\/wp\/v2\/media?parent=6547"}],"wp:term":[{"taxonomy":"category","embeddable":true,"href":"https:\/\/www.fredonoccitanie.com\/jevi\/wp-json\/wp\/v2\/categories?post=6547"},{"taxonomy":"post_tag","embeddable":true,"href":"https:\/\/www.fredonoccitanie.com\/jevi\/wp-json\/wp\/v2\/tags?post=6547"}],"curies":[{"name":"wp","href":"https:\/\/api.w.org\/{rel}","templated":true}]}}