{"id":6536,"date":"2019-04-05T11:01:22","date_gmt":"2019-04-05T09:01:22","guid":{"rendered":"https:\/\/www.fredonoccitanie.com\/jevi\/?p=6536"},"modified":"2019-04-05T11:01:22","modified_gmt":"2019-04-05T09:01:22","slug":"formation-gestion-ecologique-des-espaces-de-nature-en-ville-paris-le-16-avril-2019","status":"publish","type":"post","link":"https:\/\/www.fredonoccitanie.com\/jevi\/2019\/04\/05\/formation-gestion-ecologique-des-espaces-de-nature-en-ville-paris-le-16-avril-2019\/","title":{"rendered":"Formation \u00ab\u00a0Gestion \u00e9cologique des espaces de nature en ville\u00a0\u00bb &#8211; Paris le 16 avril 2019"},"content":{"rendered":"\n<p>Cette formation, dispens\u00e9e par les professionnels de l\u2019agence \nr\u00e9gionale de la biodiversit\u00e9 en \u00cele-de-France, d\u00e9partement de l\u2019IAU, \npropose aux participants d\u2019affiner leurs connaissances sur la gestion \n\u00e9cologique des espaces de nature en ville, du diagnostic \u00e0 la mise en \n\u0153uvre en passant par la conception. La gestion \u00e9cologique permet de \nconcilier des enjeux de sant\u00e9 publique, de protection de l\u2019environnement\n et de la biodiversit\u00e9, d\u2019am\u00e9lioration du cadre de vie et de r\u00e9duction \ndes co\u00fbts. Ses principes et leurs d\u00e9clinaisons pratiques seront \npr\u00e9sent\u00e9s. Il s\u2019agira par exemple, d\u2019apprendre \u00e0 r\u00e9aliser les \ndiagnostics et\/ou inventaires indispensables \u00e0 la conception d\u2019un espace\n de nature, de conna\u00eetre les pratiques de base pour g\u00e9rer les sols, \nl\u2019eau, la faune et la flore, ou de mieux communiquer et valoriser ses \npratiques aupr\u00e8s des usagers.<\/p>\n\n\n\n<p><strong>PUBLIC CONCERN\u00c9<\/strong><\/p>\n\n\n\n<ul class=\"wp-block-list\"><li>Chefs de services et agents des collectivit\u00e9s locales (communes, EPCI, conseils d\u00e9partementaux, r\u00e9gion).<\/li><li>Entreprises publiques ou priv\u00e9es ayant des espaces de nature \u00e0 g\u00e9rer (en r\u00e9gie ou via un prestataire).<\/li><li>Paysagistes et Bureaux d\u2019\u00e9tudes.<\/li><\/ul>\n\n\n\n<p><strong>OBJECTIFS<\/strong><br>Affiner ses connaissances sur les \nprincipes de gestion \u00e9cologique et pr\u00e9parer leur mise en \u0153uvre via des \nsolutions op\u00e9rationnelles int\u00e9grant la multifonctionnalit\u00e9 de ces \nespaces en milieu urbain.<\/p>\n\n\n\n<p><strong>COMP\u00c9TENCES VIS\u00c9ES<\/strong><br>\u00c0 l\u2019issue de la formation, les participants sauront :<\/p>\n\n\n\n<ul class=\"wp-block-list\"><li>Utiliser le vocabulaire et les principales notions d\u2019\u00e9cologie \nurbaine et de gestion \u00e9cologique et construire un argumentaire en faveur\n de leur mise en \u0153uvre.<\/li><li>D\u00e9crypter la r\u00e9glementation en vigueur sur les pesticides.<\/li><li>Identifier et adapter les pratiques de gestion selon les typologies \net usages des sites et pr\u00e9parer la mise en \u0153uvre des techniques \nfavorisant la biodiversit\u00e9.<\/li><li>Valoriser leurs pratiques via la labellisation \u00c9co-Jardin.<\/li><li>Mieux r\u00e9diger leurs appels d\u2019offre, cahiers des charges et prescriptions.<\/li><\/ul>\n\n\n\n<p style=\"text-align:center\"><a href=\"https:\/\/www.iau-idf.fr\/iau-centre-de-formation\/les-essentiels\/gestion-ecologique-des-espaces-de-nature-en-ville.html\">Programme et inscriptions<\/a><\/p>\n","protected":false},"excerpt":{"rendered":"<p>Cette formation, dispens\u00e9e par les professionnels de l\u2019agence r\u00e9gionale de la biodiversit\u00e9 en \u00cele-de-France, d\u00e9partement de l\u2019IAU, propose aux participants d\u2019affiner leurs connaissances sur la gestion \u00e9cologique des espaces de nature en ville, du diagnostic \u00e0 la mise en \u0153uvre en passant par la conception. La gestion \u00e9cologique permet de concilier des enjeux de sant\u00e9 [&hellip;]<\/p>\n","protected":false},"author":1,"featured_media":6537,"comment_status":"open","ping_status":"open","sticky":false,"template":"","format":"standard","meta":{"footnotes":""},"categories":[8],"tags":[9],"class_list":["post-6536","post","type-post","status-publish","format-standard","has-post-thumbnail","hentry","category-jevi","tag-agenda-jevi"],"_links":{"self":[{"href":"https:\/\/www.fredonoccitanie.com\/jevi\/wp-json\/wp\/v2\/posts\/6536","targetHints":{"allow":["GET"]}}],"collection":[{"href":"https:\/\/www.fredonoccitanie.com\/jevi\/wp-json\/wp\/v2\/posts"}],"about":[{"href":"https:\/\/www.fredonoccitanie.com\/jevi\/wp-json\/wp\/v2\/types\/post"}],"author":[{"embeddable":true,"href":"https:\/\/www.fredonoccitanie.com\/jevi\/wp-json\/wp\/v2\/users\/1"}],"replies":[{"embeddable":true,"href":"https:\/\/www.fredonoccitanie.com\/jevi\/wp-json\/wp\/v2\/comments?post=6536"}],"version-history":[{"count":0,"href":"https:\/\/www.fredonoccitanie.com\/jevi\/wp-json\/wp\/v2\/posts\/6536\/revisions"}],"wp:featuredmedia":[{"embeddable":true,"href":"https:\/\/www.fredonoccitanie.com\/jevi\/wp-json\/wp\/v2\/media\/6537"}],"wp:attachment":[{"href":"https:\/\/www.fredonoccitanie.com\/jevi\/wp-json\/wp\/v2\/media?parent=6536"}],"wp:term":[{"taxonomy":"category","embeddable":true,"href":"https:\/\/www.fredonoccitanie.com\/jevi\/wp-json\/wp\/v2\/categories?post=6536"},{"taxonomy":"post_tag","embeddable":true,"href":"https:\/\/www.fredonoccitanie.com\/jevi\/wp-json\/wp\/v2\/tags?post=6536"}],"curies":[{"name":"wp","href":"https:\/\/api.w.org\/{rel}","templated":true}]}}