{"id":6533,"date":"2019-04-05T10:57:47","date_gmt":"2019-04-05T08:57:47","guid":{"rendered":"https:\/\/www.fredonoccitanie.com\/jevi\/?p=6533"},"modified":"2019-04-05T10:57:47","modified_gmt":"2019-04-05T08:57:47","slug":"concours-photo-le-jardin-zero-phyto","status":"publish","type":"post","link":"https:\/\/www.fredonoccitanie.com\/jevi\/2019\/04\/05\/concours-photo-le-jardin-zero-phyto\/","title":{"rendered":"Concours Photo \u00ab\u00a0Le jardin Z\u00e9ro Phyto\u00a0\u00bb"},"content":{"rendered":"\n<p>Terre Vivante organise un concours photos sur le th\u00e8me du Z\u00e9ro Phyto.\n Pour vous, qu&rsquo;est-ce que le \u00ab\u00a0z\u00e9ro phyto\u00a0\u00bb? Et surtout, en pratique, au \njardin, \u00e7a donne quoi ?&nbsp;Quelle t\u00eate \u00e7a a un jardin soign\u00e9 naturellement ?\n Comment traduiriez vous l&rsquo;id\u00e9e d&rsquo;un jardin qui grandit, se d\u00e9fend, \nproduit et s&#8217;embellit sans intrants toxiques ?<br>Tout est permis : \npaysages, macros, faune, flore, outillage, installations en tous \ngenre&#8230; Le z\u00e9ro phyto ouvre le champ des possibles, soyez inventifs !<\/p>\n\n\n\n<figure class=\"wp-block-image\"><img decoding=\"async\" src=\"https:\/\/www.ecophyto-pro.fr\/space\/thumb\/generate\/800x600\/04_03_amenagement_paysager_victoires_du_paysage_2012.jpg\" alt=\"\" \/><\/figure>\n\n\n\n<p>&gt; Du 1er avril au 30 avril, envoyez vos photos \u00e0<em> concours at terrevivante.org<\/em><br>Chaque personne peut envoyer au maximum 3 photos. Pensez \u00e0 indiquer votre nom et le nom de la personne qui a pris la photo.<\/p>\n\n\n\n<p>&gt; Du 10 mai au 1er juin, mise en ligne sur la page Facebook de \nTerre Vivante et sur Pinterest pour que vous puissiez voter pour vos \nphotos pr\u00e9f\u00e9r\u00e9es. Les 10 photos qui obtiendront le plus de \u00ab\u00a0j&rsquo;aime\u00a0\u00bb \nseront pr\u00e9-selectionn\u00e9es.<\/p>\n\n\n\n<p>&gt; Le 10 juin, exposition des photos pr\u00e9-s\u00e9lectionn\u00e9es dans nos jardins.<br>Les\n photos les plus pl\u00e9biscit\u00e9es, qui obtiendront le plus de \u00ab\u00a0j&rsquo;aime\u00a0\u00bb, \nconcourront lors de la Journ\u00e9e Portes Ouvertes du Centre \u00e9cologique \nTerre vivante, le 10 juin sous forme d&rsquo;exposition. Les visiteurs \nvoteront pour leurs photos pr\u00e9f\u00e9r\u00e9es&#8230;<\/p>\n\n\n\n<p><a href=\"http:\/\/www.terrevivante.org\/1729-concours-photo-legumes-a-la-loupe-.htm\">Plus d&rsquo;infos sur le concours<\/a><\/p>\n\n\n\n<p>&gt; Le 11 juin, annonce des trois gagnants.<\/p>\n","protected":false},"excerpt":{"rendered":"<p>Terre Vivante organise un concours photos sur le th\u00e8me du Z\u00e9ro Phyto. Pour vous, qu&rsquo;est-ce que le \u00ab\u00a0z\u00e9ro phyto\u00a0\u00bb? Et surtout, en pratique, au jardin, \u00e7a donne quoi ?&nbsp;Quelle t\u00eate \u00e7a a un jardin soign\u00e9 naturellement ? Comment traduiriez vous l&rsquo;id\u00e9e d&rsquo;un jardin qui grandit, se d\u00e9fend, produit et s&#8217;embellit sans intrants toxiques ?Tout est [&hellip;]<\/p>\n","protected":false},"author":1,"featured_media":6534,"comment_status":"open","ping_status":"open","sticky":false,"template":"","format":"standard","meta":{"footnotes":""},"categories":[8],"tags":[7],"class_list":["post-6533","post","type-post","status-publish","format-standard","has-post-thumbnail","hentry","category-jevi","tag-actualites-jevi"],"_links":{"self":[{"href":"https:\/\/www.fredonoccitanie.com\/jevi\/wp-json\/wp\/v2\/posts\/6533","targetHints":{"allow":["GET"]}}],"collection":[{"href":"https:\/\/www.fredonoccitanie.com\/jevi\/wp-json\/wp\/v2\/posts"}],"about":[{"href":"https:\/\/www.fredonoccitanie.com\/jevi\/wp-json\/wp\/v2\/types\/post"}],"author":[{"embeddable":true,"href":"https:\/\/www.fredonoccitanie.com\/jevi\/wp-json\/wp\/v2\/users\/1"}],"replies":[{"embeddable":true,"href":"https:\/\/www.fredonoccitanie.com\/jevi\/wp-json\/wp\/v2\/comments?post=6533"}],"version-history":[{"count":0,"href":"https:\/\/www.fredonoccitanie.com\/jevi\/wp-json\/wp\/v2\/posts\/6533\/revisions"}],"wp:featuredmedia":[{"embeddable":true,"href":"https:\/\/www.fredonoccitanie.com\/jevi\/wp-json\/wp\/v2\/media\/6534"}],"wp:attachment":[{"href":"https:\/\/www.fredonoccitanie.com\/jevi\/wp-json\/wp\/v2\/media?parent=6533"}],"wp:term":[{"taxonomy":"category","embeddable":true,"href":"https:\/\/www.fredonoccitanie.com\/jevi\/wp-json\/wp\/v2\/categories?post=6533"},{"taxonomy":"post_tag","embeddable":true,"href":"https:\/\/www.fredonoccitanie.com\/jevi\/wp-json\/wp\/v2\/tags?post=6533"}],"curies":[{"name":"wp","href":"https:\/\/api.w.org\/{rel}","templated":true}]}}