{"id":6132,"date":"2018-12-17T10:34:31","date_gmt":"2018-12-17T09:34:31","guid":{"rendered":"https:\/\/www.fredonoccitanie.com\/jevi\/?p=6132"},"modified":"2018-12-17T10:34:31","modified_gmt":"2018-12-17T09:34:31","slug":"communication-voici-la-cocotte-zero-phyto","status":"publish","type":"post","link":"https:\/\/www.fredonoccitanie.com\/jevi\/2018\/12\/17\/communication-voici-la-cocotte-zero-phyto\/","title":{"rendered":"COMMUNICATION : voici la Cocotte Z\u00e9ro Phyto !"},"content":{"rendered":"<p>Un nouvel outil de communication cr\u00e9\u00e9 par la FREDON Occitanie, voici la Cocotte Z\u00e9ro Phyto !<\/p>\n<p>Elle saura amuser les plus jeunes lors d&rsquo;ateliers en classe, centre de loisirs, et aussi les plus grands, leur rappelant des jeux d\u2019enfance.<\/p>\n<p>Les questions pos\u00e9es rappellent la r\u00e9glementation sur l&rsquo;usage des pesticides par les jardiniers amateurs, les alternatives possibles, la gestion des d\u00e9chets, &#8230;<\/p>\n<p>L&rsquo;outil est imprimable en recto-verso sur papieA4 couleur. Pour une adaptation locale (logos, &#8230;) contactez nous !<\/p>\n<p><a href=\"https:\/\/cloud.ressources-fredonoccitanie.com\/index.php\/s\/7CJkiB5fAYKbkXM\"><img loading=\"lazy\" decoding=\"async\" class=\"aligncenter size-large_image wp-image-6133\" src=\"https:\/\/www.fredonoccitanie.com\/jevi\/wp-content\/uploads\/sites\/7\/2018\/12\/cocotte2-750x753.jpg\" alt=\"\" width=\"750\" height=\"753\" \/><\/a><\/p>\n","protected":false},"excerpt":{"rendered":"<p>Un nouvel outil de communication cr\u00e9\u00e9 par la FREDON Occitanie, voici la Cocotte Z\u00e9ro Phyto ! Elle saura amuser les plus jeunes lors d&rsquo;ateliers en classe, centre de loisirs, et aussi les plus grands, leur rappelant des jeux d\u2019enfance. Les questions pos\u00e9es rappellent la r\u00e9glementation sur l&rsquo;usage des pesticides par les jardiniers amateurs, les alternatives [&hellip;]<\/p>\n","protected":false},"author":1,"featured_media":6134,"comment_status":"open","ping_status":"open","sticky":false,"template":"","format":"standard","meta":{"footnotes":""},"categories":[8],"tags":[7],"class_list":["post-6132","post","type-post","status-publish","format-standard","has-post-thumbnail","hentry","category-jevi","tag-actualites-jevi"],"_links":{"self":[{"href":"https:\/\/www.fredonoccitanie.com\/jevi\/wp-json\/wp\/v2\/posts\/6132","targetHints":{"allow":["GET"]}}],"collection":[{"href":"https:\/\/www.fredonoccitanie.com\/jevi\/wp-json\/wp\/v2\/posts"}],"about":[{"href":"https:\/\/www.fredonoccitanie.com\/jevi\/wp-json\/wp\/v2\/types\/post"}],"author":[{"embeddable":true,"href":"https:\/\/www.fredonoccitanie.com\/jevi\/wp-json\/wp\/v2\/users\/1"}],"replies":[{"embeddable":true,"href":"https:\/\/www.fredonoccitanie.com\/jevi\/wp-json\/wp\/v2\/comments?post=6132"}],"version-history":[{"count":0,"href":"https:\/\/www.fredonoccitanie.com\/jevi\/wp-json\/wp\/v2\/posts\/6132\/revisions"}],"wp:featuredmedia":[{"embeddable":true,"href":"https:\/\/www.fredonoccitanie.com\/jevi\/wp-json\/"}],"wp:attachment":[{"href":"https:\/\/www.fredonoccitanie.com\/jevi\/wp-json\/wp\/v2\/media?parent=6132"}],"wp:term":[{"taxonomy":"category","embeddable":true,"href":"https:\/\/www.fredonoccitanie.com\/jevi\/wp-json\/wp\/v2\/categories?post=6132"},{"taxonomy":"post_tag","embeddable":true,"href":"https:\/\/www.fredonoccitanie.com\/jevi\/wp-json\/wp\/v2\/tags?post=6132"}],"curies":[{"name":"wp","href":"https:\/\/api.w.org\/{rel}","templated":true}]}}