{"id":6007,"date":"2018-08-21T16:16:12","date_gmt":"2018-08-21T14:16:12","guid":{"rendered":"https:\/\/www.fredonoccitanie.com\/jevi\/?p=6007"},"modified":"2018-08-21T16:16:12","modified_gmt":"2018-08-21T14:16:12","slug":"parcours-pedagogique","status":"publish","type":"post","link":"https:\/\/www.fredonoccitanie.com\/jevi\/2018\/08\/21\/parcours-pedagogique\/","title":{"rendered":"\u00c9laboration d\u2019un parcours p\u00e9dagogique sur la conception et l\u2019entretien alternatif des espaces communaux"},"content":{"rendered":"<p><a href=\"http:\/\/www.fredon-bretagne.com\/download\/parcours-pedagogiques-pour-lentretien-des-espaces-sans-produits-phytosanitaires\/?wpdmdl=4491\" target=\"_blank\" rel=\"noopener\"><img loading=\"lazy\" decoding=\"async\" class=\"wp-image-6011 size-medium alignleft\" src=\"https:\/\/www.fredonoccitanie.com\/jevi\/wp-content\/uploads\/sites\/7\/2018\/08\/parcours-pedagogique-204x300.jpg\" alt=\"\" width=\"204\" height=\"300\" srcset=\"https:\/\/www.fredonoccitanie.com\/jevi\/wp-content\/uploads\/sites\/2\/2018\/08\/parcours-pedagogique-204x300.jpg 204w, https:\/\/www.fredonoccitanie.com\/jevi\/wp-content\/uploads\/sites\/2\/2018\/08\/parcours-pedagogique-480x705.jpg 480w, https:\/\/www.fredonoccitanie.com\/jevi\/wp-content\/uploads\/sites\/2\/2018\/08\/parcours-pedagogique.jpg 543w\" sizes=\"auto, (max-width: 204px) 100vw, 204px\" \/><\/a><\/p>\n<p>Le passage au \u00ab z\u00e9ro phyto \u00bb dans l\u2019entretien des Jardins, Espaces V\u00e9g\u00e9talis\u00e9s et Infrastructures (JEVI) priv\u00e9s et publics n\u2019est pas une \u00e9vidence et le cheminement vers cette notion reste parfois difficile. La FREDON Bretagne a con\u00e7u des parcours p\u00e9dagogiques avec le soutien de l\u2019Agence Fran\u00e7aise pour la Biodiversit\u00e9, le Minist\u00e8re de l\u2019Agriculture et de l\u2019Alimentation, et du Minist\u00e8re de la Transition \u00c9cologique et Solidaire dans le cadre du plan Ecophyto 2.<\/p>\n<p>En effet, ce projet s\u2019inscrit dans l\u2019axe n\u00b04 \u00ab Acc\u00e9l\u00e9rer la transition vers l\u2019absence de recours aux produits phytosanitaires dans les Jardins, Espaces V\u00e9g\u00e9talis\u00e9s et Infrastructures \u00bb et plus particuli\u00e8rement l\u2019action n\u00b018 qui impulse le fait d\u2019engager les acteurs des JEVI dans la r\u00e9duction de l\u2019usage des produits phytopharmaceutiques et la diffusion des solutions alternatives \u00bb.<\/p>\n<p>Ainsi, les parcours p\u00e9dagogiques servent de feuille de route pour sensibiliser et former les professionnels \u00e0 la d\u00e9marche z\u00e9ro phyto, aux contraintes d\u2019entretiens des am\u00e9nagements urbains et espaces verts d\u00e8s leur conception afin d\u2019acc\u00e9l\u00e9rer le passage au z\u00e9ro phyto.<\/p>\n<p>&nbsp;<\/p>\n","protected":false},"excerpt":{"rendered":"<p>Le passage au \u00ab z\u00e9ro phyto \u00bb dans l\u2019entretien des Jardins, Espaces V\u00e9g\u00e9talis\u00e9s et Infrastructures (JEVI) priv\u00e9s et publics n\u2019est pas une \u00e9vidence et le cheminement vers cette notion reste parfois difficile. La FREDON Bretagne a con\u00e7u des parcours p\u00e9dagogiques avec le soutien de l\u2019Agence Fran\u00e7aise pour la Biodiversit\u00e9, le Minist\u00e8re de l\u2019Agriculture et de [&hellip;]<\/p>\n","protected":false},"author":1,"featured_media":6015,"comment_status":"open","ping_status":"open","sticky":false,"template":"","format":"standard","meta":{"footnotes":""},"categories":[8],"tags":[7],"class_list":["post-6007","post","type-post","status-publish","format-standard","has-post-thumbnail","hentry","category-jevi","tag-actualites-jevi"],"_links":{"self":[{"href":"https:\/\/www.fredonoccitanie.com\/jevi\/wp-json\/wp\/v2\/posts\/6007","targetHints":{"allow":["GET"]}}],"collection":[{"href":"https:\/\/www.fredonoccitanie.com\/jevi\/wp-json\/wp\/v2\/posts"}],"about":[{"href":"https:\/\/www.fredonoccitanie.com\/jevi\/wp-json\/wp\/v2\/types\/post"}],"author":[{"embeddable":true,"href":"https:\/\/www.fredonoccitanie.com\/jevi\/wp-json\/wp\/v2\/users\/1"}],"replies":[{"embeddable":true,"href":"https:\/\/www.fredonoccitanie.com\/jevi\/wp-json\/wp\/v2\/comments?post=6007"}],"version-history":[{"count":0,"href":"https:\/\/www.fredonoccitanie.com\/jevi\/wp-json\/wp\/v2\/posts\/6007\/revisions"}],"wp:featuredmedia":[{"embeddable":true,"href":"https:\/\/www.fredonoccitanie.com\/jevi\/wp-json\/wp\/v2\/media\/6015"}],"wp:attachment":[{"href":"https:\/\/www.fredonoccitanie.com\/jevi\/wp-json\/wp\/v2\/media?parent=6007"}],"wp:term":[{"taxonomy":"category","embeddable":true,"href":"https:\/\/www.fredonoccitanie.com\/jevi\/wp-json\/wp\/v2\/categories?post=6007"},{"taxonomy":"post_tag","embeddable":true,"href":"https:\/\/www.fredonoccitanie.com\/jevi\/wp-json\/wp\/v2\/tags?post=6007"}],"curies":[{"name":"wp","href":"https:\/\/api.w.org\/{rel}","templated":true}]}}