{"id":5996,"date":"2018-06-25T16:00:29","date_gmt":"2018-06-25T14:00:29","guid":{"rendered":"https:\/\/www.fredonoccitanie.com\/jevi\/?p=5996"},"modified":"2018-06-25T16:00:29","modified_gmt":"2018-06-25T14:00:29","slug":"concours2018","status":"publish","type":"post","link":"https:\/\/www.fredonoccitanie.com\/jevi\/2018\/06\/25\/concours2018\/","title":{"rendered":"Concours Photo \u00ab\u00a0Moi, jardinier sans pesticide !\u00a0\u00bb"},"content":{"rendered":"<p><a href=\"https:\/\/www.fredonoccitanie.com\/jevi\/concours-photos\/\"><img loading=\"lazy\" decoding=\"async\" class=\"alignnone wp-image-5973\" src=\"https:\/\/www.fredonoccitanie.com\/jevi\/wp-content\/uploads\/sites\/7\/2018\/06\/AfficheConcours2018VF-750x1061.jpg\" alt=\"\" width=\"298\" height=\"422\" \/><\/a><a href=\"https:\/\/www.fredonoccitanie.com\/jevi\/wp-content\/uploads\/sites\/7\/2016\/11\/concours_phOTO.jpg\"><br \/>\n<\/a><\/p>\n<p>Depuis le 25 juin et jusqu\u2019au 30 septembre 2018, la FREDON Occitanie organise un <b>concours photographique sur le th\u00e8me : \u00ab Moi, jardinier sans pesticide !\u00bb.<\/b><\/p>\n<p><small>Ouvert \u00e0 toutes et tous, ce concours promet de nombreux lots \u00e0 gagner tels qu&rsquo;un h\u00f4tel \u00e0 insectes, bons d&rsquo;achat, livres, etc.<\/small><\/p>\n<p>Cette ann\u00e9e, le concours concerne toutes photographies mettant en sc\u00e8ne des jardiniers amateurs ou professionnels, dans leurs jardins ou sites qu\u2019ils entretiennent.<\/p>\n<p>Le concours veut valoriser le jardinier sans pesticide, montrer des amateurs ou des professionnels ayant des pratiques de jardinages alternatives aux pesticides. L\u2019objectif est de voir des individus en train de travailler avec des outils alternatifs aux pesticides, ou mis en sc\u00e8nes dans leurs espaces z\u00e9ro phyto, ou aux c\u00f4t\u00e9s de leurs installations et am\u00e9nagements \u00e9cologiques de jardin.<\/p>\n<p>Les photographies propos\u00e9es pourront mettre en avant ces acteurs engag\u00e9s dans des d\u00e9marches d\u2019abandon des pesticides, dans leur jardin priv\u00e9, dans leurs communes, sur leur lieu de travail, etc\u2026<\/p>\n<p><small>\u00a0<\/small><\/p>\n<p>&nbsp;<\/p>\n<p><b><u>Comment participer ?<\/u><\/b><br \/>\nChaque participant transmet une et une seule photographie par le formulaire suivant : <a href=\"https:\/\/www.fredonoccitanie.com\/jevi\/concours-photos\/\" target=\"_blank\" rel=\"noopener\">www.fredonoccitanie.com\/jevi\/concours-photos\/<\/a>\u00a0 entre le 25 juin et le 30 septembre 2018 (23h59) sous forme num\u00e9rique (format HD au moins sup\u00e9rieur \u00e0 1,5 Mo et ne pas d\u00e9passer 10 Mo).<\/p>\n","protected":false},"excerpt":{"rendered":"<p>Depuis le 25 juin et jusqu\u2019au 30 septembre 2018, la FREDON Occitanie organise un concours photographique sur le th\u00e8me : \u00ab Moi, jardinier sans pesticide !\u00bb. Ouvert \u00e0 toutes et tous, ce concours promet de nombreux lots \u00e0 gagner tels qu&rsquo;un h\u00f4tel \u00e0 insectes, bons d&rsquo;achat, livres, etc. Cette ann\u00e9e, le concours concerne toutes photographies [&hellip;]<\/p>\n","protected":false},"author":1,"featured_media":5989,"comment_status":"open","ping_status":"open","sticky":false,"template":"","format":"standard","meta":{"footnotes":""},"categories":[8],"tags":[7],"class_list":["post-5996","post","type-post","status-publish","format-standard","has-post-thumbnail","hentry","category-jevi","tag-actualites-jevi"],"_links":{"self":[{"href":"https:\/\/www.fredonoccitanie.com\/jevi\/wp-json\/wp\/v2\/posts\/5996","targetHints":{"allow":["GET"]}}],"collection":[{"href":"https:\/\/www.fredonoccitanie.com\/jevi\/wp-json\/wp\/v2\/posts"}],"about":[{"href":"https:\/\/www.fredonoccitanie.com\/jevi\/wp-json\/wp\/v2\/types\/post"}],"author":[{"embeddable":true,"href":"https:\/\/www.fredonoccitanie.com\/jevi\/wp-json\/wp\/v2\/users\/1"}],"replies":[{"embeddable":true,"href":"https:\/\/www.fredonoccitanie.com\/jevi\/wp-json\/wp\/v2\/comments?post=5996"}],"version-history":[{"count":0,"href":"https:\/\/www.fredonoccitanie.com\/jevi\/wp-json\/wp\/v2\/posts\/5996\/revisions"}],"wp:featuredmedia":[{"embeddable":true,"href":"https:\/\/www.fredonoccitanie.com\/jevi\/wp-json\/wp\/v2\/media\/5989"}],"wp:attachment":[{"href":"https:\/\/www.fredonoccitanie.com\/jevi\/wp-json\/wp\/v2\/media?parent=5996"}],"wp:term":[{"taxonomy":"category","embeddable":true,"href":"https:\/\/www.fredonoccitanie.com\/jevi\/wp-json\/wp\/v2\/categories?post=5996"},{"taxonomy":"post_tag","embeddable":true,"href":"https:\/\/www.fredonoccitanie.com\/jevi\/wp-json\/wp\/v2\/tags?post=5996"}],"curies":[{"name":"wp","href":"https:\/\/api.w.org\/{rel}","templated":true}]}}