{"id":5812,"date":"2018-02-19T11:17:33","date_gmt":"2018-02-19T10:17:33","guid":{"rendered":"https:\/\/www.fredonoccitanie.com\/jevi\/?p=5812"},"modified":"2018-02-19T11:17:33","modified_gmt":"2018-02-19T10:17:33","slug":"salades-sauvages-site-web","status":"publish","type":"post","link":"https:\/\/www.fredonoccitanie.com\/jevi\/2018\/02\/19\/salades-sauvages-site-web\/","title":{"rendered":"Salades sauvages : le site web"},"content":{"rendered":"<p class=\"spip\" style=\"text-align: left\">Dans une logique de partage des connaissances et \u00e0 l\u2019occasion de la sortie de la 4\u00e8me \u00e9dition du best seller \u00ab\u00a0Les Salades Sauvages\u00a0\u00bb, les \u00c9cologistes de l\u2019Euzi\u00e8re ont d\u00e9cid\u00e9 de cr\u00e9er un <a class=\"spip_out\" href=\"http:\/\/www.euziere.org\/wakka.php?wiki=SaladesSauvages\">site web<\/a> d\u00e9di\u00e9 \u00e0 ces plantes sauvages comestibles. Sur ce site, nous avons publi\u00e9 les <strong class=\"spip\">35 fiches de reconnaissance des salades<\/strong>, qui vous permettront l\u2019identification des meilleures esp\u00e8ces de salades sauvages ainsi que des conseils et astuces pour leur r\u00e9colte et utilisation, gr\u00e2ce \u00e0 des descriptions pr\u00e9cises et des zooms sur les \u00e9l\u00e9ments caract\u00e9ristiques de chaque esp\u00e8ces.<\/p>\n<p class=\"spip\" style=\"text-align: left\">Parce qu\u2019on ne peut pas tout dire dans un livre, ce site vous racontera bien d\u2019autres choses\u00a0: des <strong class=\"spip\">recettes<\/strong>, des <strong class=\"spip\">contes<\/strong> sur les salades sauvages, des <strong class=\"spip\">articles<\/strong> et \u00e9tudes sur les risques toxicologiques et parasitiques, un <strong class=\"spip\">tutoriel<\/strong> sur comment utiliser l\u2019application PlantNet \u00ab\u00a0sp\u00e9cial salades sauvages\u00a0\u00bb, des informations sur d\u2019<strong class=\"spip\">autres ouvrages<\/strong>, et d\u2019autres onglets d\u00e9di\u00e9s \u00e0 l\u2019am\u00e9lioration de notre livre.<\/p>\n<p class=\"spip\" style=\"text-align: left\">Des nouveaux articles, contes et infos seront publi\u00e9s r\u00e9guli\u00e8rement, pensez \u00e0 regarder la page d\u2019accueil pour vous renseigner sur toutes les nouveaut\u00e9s\u00a0!<\/p>\n<p>Consulter le site internet \u00e0 l\u2019adresse\u00a0: <a class=\"spip_out\" href=\"http:\/\/www.euziere.org\/wakka.php?wiki=SaladesSauvages\">salades.sauvages.org<\/a><\/p>\n","protected":false},"excerpt":{"rendered":"<p>Dans une logique de partage des connaissances et \u00e0 l\u2019occasion de la sortie de la 4\u00e8me \u00e9dition du best seller \u00ab\u00a0Les Salades Sauvages\u00a0\u00bb, les \u00c9cologistes de l\u2019Euzi\u00e8re ont d\u00e9cid\u00e9 de cr\u00e9er un site web d\u00e9di\u00e9 \u00e0 ces plantes sauvages comestibles. Sur ce site, nous avons publi\u00e9 les 35 fiches de reconnaissance des salades, qui vous [&hellip;]<\/p>\n","protected":false},"author":1,"featured_media":5813,"comment_status":"open","ping_status":"open","sticky":false,"template":"","format":"standard","meta":{"footnotes":""},"categories":[8],"tags":[7],"class_list":["post-5812","post","type-post","status-publish","format-standard","has-post-thumbnail","hentry","category-jevi","tag-actualites-jevi"],"_links":{"self":[{"href":"https:\/\/www.fredonoccitanie.com\/jevi\/wp-json\/wp\/v2\/posts\/5812","targetHints":{"allow":["GET"]}}],"collection":[{"href":"https:\/\/www.fredonoccitanie.com\/jevi\/wp-json\/wp\/v2\/posts"}],"about":[{"href":"https:\/\/www.fredonoccitanie.com\/jevi\/wp-json\/wp\/v2\/types\/post"}],"author":[{"embeddable":true,"href":"https:\/\/www.fredonoccitanie.com\/jevi\/wp-json\/wp\/v2\/users\/1"}],"replies":[{"embeddable":true,"href":"https:\/\/www.fredonoccitanie.com\/jevi\/wp-json\/wp\/v2\/comments?post=5812"}],"version-history":[{"count":0,"href":"https:\/\/www.fredonoccitanie.com\/jevi\/wp-json\/wp\/v2\/posts\/5812\/revisions"}],"wp:featuredmedia":[{"embeddable":true,"href":"https:\/\/www.fredonoccitanie.com\/jevi\/wp-json\/wp\/v2\/media\/5813"}],"wp:attachment":[{"href":"https:\/\/www.fredonoccitanie.com\/jevi\/wp-json\/wp\/v2\/media?parent=5812"}],"wp:term":[{"taxonomy":"category","embeddable":true,"href":"https:\/\/www.fredonoccitanie.com\/jevi\/wp-json\/wp\/v2\/categories?post=5812"},{"taxonomy":"post_tag","embeddable":true,"href":"https:\/\/www.fredonoccitanie.com\/jevi\/wp-json\/wp\/v2\/tags?post=5812"}],"curies":[{"name":"wp","href":"https:\/\/api.w.org\/{rel}","templated":true}]}}