{"id":5799,"date":"2018-01-30T16:16:22","date_gmt":"2018-01-30T15:16:22","guid":{"rendered":"https:\/\/www.fredonoccitanie.com\/jevi\/?p=5799"},"modified":"2018-01-30T16:16:22","modified_gmt":"2018-01-30T15:16:22","slug":"appel-a-projets-2018-communication-ecophyto","status":"publish","type":"post","link":"https:\/\/www.fredonoccitanie.com\/jevi\/2018\/01\/30\/appel-a-projets-2018-communication-ecophyto\/","title":{"rendered":"Appel \u00e0 Projets 2018 Communication Ecophyto"},"content":{"rendered":"<div class=\"texte\">\n<p><strong>Des actions de communication r\u00e9gionales li\u00e9es \u00e0 la d\u00e9clinaison du Plan \u00c9cophyto peuvent b\u00e9n\u00e9ficier de financement.<\/strong><\/p>\n<blockquote class=\"spip\"><p>\/\u00a0!\\ Attention\u00a0: Les modalit\u00e9s de d\u00e9p\u00f4t ont \u00e9volu\u00e9es par rapport aux ann\u00e9es pr\u00e9c\u00e9dentes, reportez-vous au cahier des charges ci-dessous.<\/p><\/blockquote>\n<h3 class=\"spip\">Documents<\/h3>\n<p>Le <strong><a class=\"spip_in\" href=\"http:\/\/draaf.occitanie.agriculture.gouv.fr\/IMG\/pdf\/cdc_aap_ec_2018_vf_cle83a8e4.pdf\">cahier des charges<\/a><\/strong> pour l\u2019\u00e9ligibilit\u00e9 et le d\u00e9p\u00f4t de vos dossiers.<\/p>\n<p>Le formulaire de d\u00e9p\u00f4t en ligne\u00a0: <a class=\"spip_url spip_out\" href=\"https:\/\/framaforms.org\/aap-communication-ecophyto-occitanie-2018-1515149883\" rel=\"nofollow external\">https:\/\/framaforms.org\/aap-communic&#8230;<\/a><br \/>\nL\u2019annexe 2 pour la <strong><a class=\"spip_in\" href=\"http:\/\/draaf.occitanie.agriculture.gouv.fr\/IMG\/ods\/annexe2_maq_fin_ec18_cle0f4f32.ods\">maquette financi\u00e8re<\/a><\/strong><br \/>\nL\u2019annexe 3 pour l\u2019<strong><a class=\"spip_in\" href=\"http:\/\/draaf.occitanie.agriculture.gouv.fr\/IMG\/odt\/annexe3_tva_ec18-_cle0d1f36.odt\">attestation d\u2019assujettissement \u00e0 la TVA<\/a><\/strong><\/p>\n<h3 class=\"spip\">\u00c9ch\u00e9ances<\/h3>\n<p><strong>Ouverture des candidatures<\/strong>\u00a0: 29 janvier 2018<br \/>\n<strong>Fermeture des candidatures<\/strong>\u00a0: 15 mars 2018<br \/>\nActions r\u00e9alis\u00e9es entre le 1er janvier et le 31 d\u00e9cembre 2018<br \/>\n(aucune d\u00e9rogation possible en cas de retard de l\u2019action)<\/p>\n<h3 class=\"spip\">Contacts<\/h3>\n<p>DRAAF Occitanie\u00a0:<\/p>\n<p><a class=\"spip_mail\" href=\"mailto:sral-ecophyto.draaf-occitanie@agriculture.gouv.fr\">Aurore DESGROUX<\/a> &#8211; 05.61.10.61.64<\/p>\n<p>Chambre r\u00e9gionale d\u2019agriculture Occitanie\u00a0:<\/p>\n<p><a class=\"spip_mail\" href=\"mailto:nicolas.sourd@aude.chambagri.fr\">Nicolas SOURD<\/a> &#8211; 04 68 56 19 94<br \/>\n<a class=\"spip_mail\" href=\"mailto:pierre.goulard@lrmp.chambagri.fr\">Pierre GOULARD<\/a> &#8211; 05 61 75 26 01<\/p>\n<\/div>\n","protected":false},"excerpt":{"rendered":"<p>Des actions de communication r\u00e9gionales li\u00e9es \u00e0 la d\u00e9clinaison du Plan \u00c9cophyto peuvent b\u00e9n\u00e9ficier de financement. \/\u00a0!\\ Attention\u00a0: Les modalit\u00e9s de d\u00e9p\u00f4t ont \u00e9volu\u00e9es par rapport aux ann\u00e9es pr\u00e9c\u00e9dentes, reportez-vous au cahier des charges ci-dessous. Documents Le cahier des charges pour l\u2019\u00e9ligibilit\u00e9 et le d\u00e9p\u00f4t de vos dossiers. Le formulaire de d\u00e9p\u00f4t en ligne\u00a0: https:\/\/framaforms.org\/aap-communic&#8230; [&hellip;]<\/p>\n","protected":false},"author":1,"featured_media":5800,"comment_status":"open","ping_status":"open","sticky":false,"template":"","format":"standard","meta":{"footnotes":""},"categories":[8],"tags":[7],"class_list":["post-5799","post","type-post","status-publish","format-standard","has-post-thumbnail","hentry","category-jevi","tag-actualites-jevi"],"_links":{"self":[{"href":"https:\/\/www.fredonoccitanie.com\/jevi\/wp-json\/wp\/v2\/posts\/5799","targetHints":{"allow":["GET"]}}],"collection":[{"href":"https:\/\/www.fredonoccitanie.com\/jevi\/wp-json\/wp\/v2\/posts"}],"about":[{"href":"https:\/\/www.fredonoccitanie.com\/jevi\/wp-json\/wp\/v2\/types\/post"}],"author":[{"embeddable":true,"href":"https:\/\/www.fredonoccitanie.com\/jevi\/wp-json\/wp\/v2\/users\/1"}],"replies":[{"embeddable":true,"href":"https:\/\/www.fredonoccitanie.com\/jevi\/wp-json\/wp\/v2\/comments?post=5799"}],"version-history":[{"count":0,"href":"https:\/\/www.fredonoccitanie.com\/jevi\/wp-json\/wp\/v2\/posts\/5799\/revisions"}],"wp:featuredmedia":[{"embeddable":true,"href":"https:\/\/www.fredonoccitanie.com\/jevi\/wp-json\/wp\/v2\/media\/5800"}],"wp:attachment":[{"href":"https:\/\/www.fredonoccitanie.com\/jevi\/wp-json\/wp\/v2\/media?parent=5799"}],"wp:term":[{"taxonomy":"category","embeddable":true,"href":"https:\/\/www.fredonoccitanie.com\/jevi\/wp-json\/wp\/v2\/categories?post=5799"},{"taxonomy":"post_tag","embeddable":true,"href":"https:\/\/www.fredonoccitanie.com\/jevi\/wp-json\/wp\/v2\/tags?post=5799"}],"curies":[{"name":"wp","href":"https:\/\/api.w.org\/{rel}","templated":true}]}}