{"id":5734,"date":"2017-12-22T12:56:40","date_gmt":"2017-12-22T11:56:40","guid":{"rendered":"https:\/\/www.fredonoccitanie.com\/jevi\/?p=5734"},"modified":"2017-12-22T12:56:40","modified_gmt":"2017-12-22T11:56:40","slug":"radio-se-passer-de-pesticides-rcf-pays-daude","status":"publish","type":"post","link":"https:\/\/www.fredonoccitanie.com\/jevi\/2017\/12\/22\/radio-se-passer-de-pesticides-rcf-pays-daude\/","title":{"rendered":"RADIO : Comment se passer de pesticides ? sur RCF pays d&rsquo;Aude"},"content":{"rendered":"<p><strong>A l\u2019heure o\u00f9 la loi sur la transition \u00e9nerg\u00e9tique interdit l\u2019usage des pesticides dans les communes et o\u00f9 cela sera bient\u00f4t interdit pour les particuliers, comment se passer de pesticides ?<\/strong><\/p>\n<p>C\u2019est la question \u00e0 Cl\u00e9ment Baudot, charg\u00e9 de projet 0 phyto \u00e0 la FREDON Occitanie et Laurent Benau, responsable qualit\u00e9 de l\u2019eau au Parc naturel r\u00e9gional, au micro d\u2019Alice Roy.<br \/>\nApr\u00e8s un \u00e9tat des lieux environnemental et sanitaire, Cl\u00e9ment Baudot et Laurent Benau brosseront le tableau des acteurs priv\u00e9s et publics qui s\u2019engagent et donneront les trucs et astuces aux particuliers pour se passer de pesticides au jardin.<br \/>\nPlus d\u2019informations en \u00e9coutant l\u2019\u00e9mission !<\/p>\n<p><iframe loading=\"lazy\" src=\"https:\/\/rcf.fr\/embed\/1696504\" frameborder=\"0\" width=\"100%\" height=\"220\"><\/iframe>&nbsp;<\/p>\n<p><strong><span style=\"color: #808080\">Zoom sur Le Mag\u2019 de l\u2019Environnement<\/span><\/strong><br \/>\n<span style=\"color: #808080\">Depuis 2012, le Parc est partenaire du Le Mag\u2019 de l\u2019environnement, une \u00e9mission produite par RCF Pays d\u2019Aude, Radio Balade, Radio Marseillette, Radio Contact fm et Radio Lenga d\u2019Oc. Ce magazine radiophonique hebdomadaire de 25 minutes, qui traite de protection de l\u2019environnement et de d\u00e9veloppement durable est coproduit par le Parc naturel r\u00e9gional de la Narbonnaise<\/span><br \/>\n<span style=\"color: #808080\">et 6 associations audoises : Eco-citoyennet\u00e9, Nature et Progr\u00e8s, la LPO Aude, le COVALDEM, Ecolocal et le CAUE de l\u2019Aude. Le nombre d\u2019auditeurs potentiels est estim\u00e9 \u00e0 60 000.<\/span><\/p>\n","protected":false},"excerpt":{"rendered":"<p>A l\u2019heure o\u00f9 la loi sur la transition \u00e9nerg\u00e9tique interdit l\u2019usage des pesticides dans les communes et o\u00f9 cela sera bient\u00f4t interdit pour les particuliers, comment se passer de pesticides ? C\u2019est la question \u00e0 Cl\u00e9ment Baudot, charg\u00e9 de projet 0 phyto \u00e0 la FREDON Occitanie et Laurent Benau, responsable qualit\u00e9 de l\u2019eau au Parc [&hellip;]<\/p>\n","protected":false},"author":1,"featured_media":5735,"comment_status":"open","ping_status":"open","sticky":false,"template":"","format":"standard","meta":{"footnotes":""},"categories":[8],"tags":[7],"class_list":["post-5734","post","type-post","status-publish","format-standard","has-post-thumbnail","hentry","category-jevi","tag-actualites-jevi"],"_links":{"self":[{"href":"https:\/\/www.fredonoccitanie.com\/jevi\/wp-json\/wp\/v2\/posts\/5734","targetHints":{"allow":["GET"]}}],"collection":[{"href":"https:\/\/www.fredonoccitanie.com\/jevi\/wp-json\/wp\/v2\/posts"}],"about":[{"href":"https:\/\/www.fredonoccitanie.com\/jevi\/wp-json\/wp\/v2\/types\/post"}],"author":[{"embeddable":true,"href":"https:\/\/www.fredonoccitanie.com\/jevi\/wp-json\/wp\/v2\/users\/1"}],"replies":[{"embeddable":true,"href":"https:\/\/www.fredonoccitanie.com\/jevi\/wp-json\/wp\/v2\/comments?post=5734"}],"version-history":[{"count":0,"href":"https:\/\/www.fredonoccitanie.com\/jevi\/wp-json\/wp\/v2\/posts\/5734\/revisions"}],"wp:featuredmedia":[{"embeddable":true,"href":"https:\/\/www.fredonoccitanie.com\/jevi\/wp-json\/wp\/v2\/media\/5735"}],"wp:attachment":[{"href":"https:\/\/www.fredonoccitanie.com\/jevi\/wp-json\/wp\/v2\/media?parent=5734"}],"wp:term":[{"taxonomy":"category","embeddable":true,"href":"https:\/\/www.fredonoccitanie.com\/jevi\/wp-json\/wp\/v2\/categories?post=5734"},{"taxonomy":"post_tag","embeddable":true,"href":"https:\/\/www.fredonoccitanie.com\/jevi\/wp-json\/wp\/v2\/tags?post=5734"}],"curies":[{"name":"wp","href":"https:\/\/api.w.org\/{rel}","templated":true}]}}