{"id":5211,"date":"2017-12-11T16:41:27","date_gmt":"2017-12-11T15:41:27","guid":{"rendered":"https:\/\/www.fredonoccitanie.com\/jevi\/?p=5211"},"modified":"2017-12-11T16:41:27","modified_gmt":"2017-12-11T15:41:27","slug":"loccitanie-avance-vers-zero-phyto-135-communes-de-region-ont-ete-labellisees-7-decembre-2017-a-gruissan","status":"publish","type":"post","link":"https:\/\/www.fredonoccitanie.com\/jevi\/2017\/12\/11\/loccitanie-avance-vers-zero-phyto-135-communes-de-region-ont-ete-labellisees-7-decembre-2017-a-gruissan\/","title":{"rendered":"L\u2019Occitanie avance vers le Z\u00e9ro Phyto : 135 communes de la r\u00e9gion ont \u00e9t\u00e9 labellis\u00e9es le  7 d\u00e9cembre 2017 \u00e0 Gruissan"},"content":{"rendered":"<p>La loi relative \u00e0 la transition \u00e9nerg\u00e9tique pour la croissance verte interdit depuis le 1er janvier 2017 l\u2019utilisation des produits phytosanitaires par les personnes publiques sur les voiries, les espaces verts, for\u00eats et promenades ouverts au public.<\/p>\n<p>De nombreuses communes d\u2019Occitanie sont all\u00e9es plus loin que ces exigences en adoptant des techniques alternatives m\u00e9caniques ou thermiques et d\u2019acceptation de la v\u00e9g\u00e9tation spontan\u00e9e. Dans ce sens, la FREDON Occitanie et ses partenaires ont \u00e9labor\u00e9 en 2015 une charte r\u00e9gionale qui s\u2019inscrit par ailleurs dans les objectifs du plan r\u00e9gional Ecophyto et du SDAGE Rh\u00f4ne-M\u00e9diterran\u00e9e Corse.<\/p>\n<p>Elle a pour vocation d\u2019accompagner et de soutenir les collectivit\u00e9s dans une d\u00e9marche progressive d\u2019abandon des pesticides.<\/p>\n<p><strong>Pour cette troisi\u00e8me session de labellisation, 135 communes et une communaut\u00e9 de communes ont \u00e9t\u00e9 distingu\u00e9es pour leur engagement dans l\u2019arr\u00eat des pesticides. <u>52 d\u2019entre elles ont atteint le niveau \u00ab\u00a0Terre Saine\u00a0\u00bb leur permettant de demander le label \u00ab\u00a0Terre Saine Commune sans pesticides\u00a0\u00bb d\u00e9cern\u00e9 par le minist\u00e8re de de la Transition \u00e9cologique et solidaire<\/u>.<\/strong><\/p>\n<p><img loading=\"lazy\" decoding=\"async\" class=\"size-medium wp-image-5215 aligncenter\" src=\"https:\/\/www.fredonoccitanie.com\/jevi\/wp-content\/uploads\/sites\/7\/2017\/12\/IMG_1867-300x200.jpg\" alt=\"\" width=\"300\" height=\"200\" srcset=\"https:\/\/www.fredonoccitanie.com\/jevi\/wp-content\/uploads\/sites\/2\/2017\/12\/IMG_1867-300x200.jpg 300w, https:\/\/www.fredonoccitanie.com\/jevi\/wp-content\/uploads\/sites\/2\/2017\/12\/IMG_1867-1030x687.jpg 1030w, https:\/\/www.fredonoccitanie.com\/jevi\/wp-content\/uploads\/sites\/2\/2017\/12\/IMG_1867-768x512.jpg 768w, https:\/\/www.fredonoccitanie.com\/jevi\/wp-content\/uploads\/sites\/2\/2017\/12\/IMG_1867-1536x1024.jpg 1536w, https:\/\/www.fredonoccitanie.com\/jevi\/wp-content\/uploads\/sites\/2\/2017\/12\/IMG_1867-2048x1365.jpg 2048w, https:\/\/www.fredonoccitanie.com\/jevi\/wp-content\/uploads\/sites\/2\/2017\/12\/IMG_1867-1500x1000.jpg 1500w, https:\/\/www.fredonoccitanie.com\/jevi\/wp-content\/uploads\/sites\/2\/2017\/12\/IMG_1867-705x470.jpg 705w\" sizes=\"auto, (max-width: 300px) 100vw, 300px\" \/><\/p>\n<p><strong>\u00a0<\/strong><strong>Plus de 400 participants ont assist\u00e9 \u00e0 cette remise de prix qui a \u00e9t\u00e9 accompagn\u00e9e d\u2019un salon des alternatives aux pesticides (mat\u00e9riels, expositions, stands d\u2019information, \u2026).<\/strong><\/p>\n<p>Au total ce sont donc aujourd\u2019hui 257 collectivit\u00e9s de la R\u00e9gion qui se sont engag\u00e9es dans la charte \u00ab\u00a0Objectif Z\u00e9ro Phyto\u00a0\u00bb.<\/p>\n<p>&nbsp;<\/p>\n<p><a href=\"https:\/\/www.fredonoccitanie.com\/jevi\/wp-content\/uploads\/sites\/7\/2017\/12\/charte2017VF.pdf\" target=\"_blank\" rel=\"noopener\">T\u00e9l\u00e9charger la carte des communes labellis\u00e9es<\/a><\/p>\n<p><a href=\"http:\/\/ressources.fredonlr.com\/cloud\/index.php\/s\/kXnxKsPMYyBlwYe\" target=\"_blank\" rel=\"noopener\">T\u00e9l\u00e9charger le dossier de presse<\/a><\/p>\n<p><a href=\"https:\/\/www.fredonoccitanie.com\/jevi\/wp-content\/uploads\/sites\/7\/2017\/12\/doc02923920171211161205.pdf\" target=\"_blank\" rel=\"noopener\">T\u00e9l\u00e9charger l&rsquo;article MidiLibre \/ L&rsquo;Ind\u00e9pendant<\/a><\/p>\n<p><a href=\"https:\/\/cloud.ressources-fredonoccitanie.com\/index.php\/s\/fGNT8Lca9KZcbx7\" target=\"_blank\" rel=\"noopener\">Voir les photos de la remise de prix<\/a><\/p>\n","protected":false},"excerpt":{"rendered":"<p>La loi relative \u00e0 la transition \u00e9nerg\u00e9tique pour la croissance verte interdit depuis le 1er janvier 2017 l\u2019utilisation des produits phytosanitaires par les personnes publiques sur les voiries, les espaces verts, for\u00eats et promenades ouverts au public. De nombreuses communes d\u2019Occitanie sont all\u00e9es plus loin que ces exigences en adoptant des techniques alternatives m\u00e9caniques ou [&hellip;]<\/p>\n","protected":false},"author":1,"featured_media":5214,"comment_status":"open","ping_status":"open","sticky":false,"template":"","format":"standard","meta":{"footnotes":""},"categories":[8],"tags":[7],"class_list":["post-5211","post","type-post","status-publish","format-standard","has-post-thumbnail","hentry","category-jevi","tag-actualites-jevi"],"_links":{"self":[{"href":"https:\/\/www.fredonoccitanie.com\/jevi\/wp-json\/wp\/v2\/posts\/5211","targetHints":{"allow":["GET"]}}],"collection":[{"href":"https:\/\/www.fredonoccitanie.com\/jevi\/wp-json\/wp\/v2\/posts"}],"about":[{"href":"https:\/\/www.fredonoccitanie.com\/jevi\/wp-json\/wp\/v2\/types\/post"}],"author":[{"embeddable":true,"href":"https:\/\/www.fredonoccitanie.com\/jevi\/wp-json\/wp\/v2\/users\/1"}],"replies":[{"embeddable":true,"href":"https:\/\/www.fredonoccitanie.com\/jevi\/wp-json\/wp\/v2\/comments?post=5211"}],"version-history":[{"count":0,"href":"https:\/\/www.fredonoccitanie.com\/jevi\/wp-json\/wp\/v2\/posts\/5211\/revisions"}],"wp:featuredmedia":[{"embeddable":true,"href":"https:\/\/www.fredonoccitanie.com\/jevi\/wp-json\/wp\/v2\/media\/5214"}],"wp:attachment":[{"href":"https:\/\/www.fredonoccitanie.com\/jevi\/wp-json\/wp\/v2\/media?parent=5211"}],"wp:term":[{"taxonomy":"category","embeddable":true,"href":"https:\/\/www.fredonoccitanie.com\/jevi\/wp-json\/wp\/v2\/categories?post=5211"},{"taxonomy":"post_tag","embeddable":true,"href":"https:\/\/www.fredonoccitanie.com\/jevi\/wp-json\/wp\/v2\/tags?post=5211"}],"curies":[{"name":"wp","href":"https:\/\/api.w.org\/{rel}","templated":true}]}}