{"id":4985,"date":"2017-05-19T12:05:02","date_gmt":"2017-05-19T10:05:02","guid":{"rendered":"https:\/\/www.fredonoccitanie.com\/jevi\/?p=4985"},"modified":"2017-05-19T12:05:02","modified_gmt":"2017-05-19T10:05:02","slug":"campings-hotels-economes-eau-energie-pesticides-lont","status":"publish","type":"post","link":"https:\/\/www.fredonoccitanie.com\/jevi\/2017\/05\/19\/campings-hotels-economes-eau-energie-pesticides-lont\/","title":{"rendered":"Campings et h\u00f4tels \u00e9conomes en eau, en \u00e9nergie et en pesticides : Ils l\u2019ont fait !"},"content":{"rendered":"<p>Il y a 2 ans, une <a href=\"https:\/\/www.fredonoccitanie.com\/jevi\/actualites\/2015\/06\/22\/campingnarbonne\/\">exp\u00e9rience pilote a \u00e9t\u00e9 men\u00e9e au sein du camping \u00ab\u00a0Les Floralys\u00a0\u00bb <\/a>situ\u00e9 dans le Parc naturel r\u00e9gional de la Narbonnaise en M\u00e9diterran\u00e9e. L\u2019objectif de cette exp\u00e9rience, issue d\u2019un partenariat entre le PNR de la Narbonnaise, la CCI de Narbonne, la Fredon LR et l\u2019association Les Ass\u2019Eau\u2019ci\u00e9s , avec le soutien financier de l\u2019Agence de l\u2019eau, \u00e9tait de r\u00e9duire les consommations en eau et en \u00e9nergie d\u2019\u00e9tablissements touristiques et plus globalement de r\u00e9duire l\u2019impact que pouvait avoir le tourisme saisonnier sur l\u2019environnement.<\/p>\n<p>2 ans plus tard, l\u2019heure est au bilan. Campings et h\u00f4tels peuvent-ils r\u00e9ellement concilier respect de l\u2019environnement et forte affluence touristique\u00a0?<\/p>\n<p>Les chiffres, r\u00e9sultat de plusieurs ann\u00e9es d\u2019analyses et d\u2019observations, parlent d\u2019eux-m\u00eames. Dans le cas de l\u2019H\u00f4tel de Paris (Narbonne), la mise en \u0153uvre des pr\u00e9conisations pilotes a permis une \u00e9conomie en eau potable de l\u2019ordre de 27%. Dans le cas du camping du domaine de La Palme c\u2019est plus de 12% d\u2019eau qui sont \u00e9conomis\u00e9s chaque nuit\u00e9e.<\/p>\n<h4>Le bilan est sans demi-mesure\u00a0:<\/h4>\n<p><em>\u00ab\u00a0Si tous les \u00e9tablissements touristiques de la narbonnaise suivaient la m\u00eame d\u00e9marche que ces 3 \u00e9tablissements pilotes, avec des solutions simples, accessibles et \u00e0 effet imm\u00e9diat (sans regret), l\u2019\u00e9conomie r\u00e9alis\u00e9e en eau potable \u00ab estivale \u00bb seraient de l\u2019ordre de 130.000 \u00e0 230.000 m3, soit l\u2019\u00e9quivalent de la consommation de 1.3 \u00e0 2.3 millions de nuit\u00e9es touristiques \u00e9conomis\u00e9es chaque \u00e9t\u00e9.\u00a0\u00bb<\/em><\/p>\n<p><strong>Un court documentaire<\/strong>, intitul\u00e9 \u00ab\u00a0<strong><em>H\u00f4tel et camping \u00e9conomes<\/em><\/strong>\u00a0\u00bb d\u00e9crypte la faisabilit\u00e9 de ce projet \u00ab\u00a0Eco-habitons le Parc\u00a0\u00bb.<\/p>\n<p>Ce film d\u2019un quart d\u2019heure qui retrace l\u2019historique du projet pilote, de sa r\u00e9flexion \u00e0 sa mise en place jusqu\u2019\u00e0 l\u2019observation de r\u00e9sultats concrets constitue une excellente base de retours d\u2019exp\u00e9rience.<\/p>\n<p>Par sa diffusion, sa communication et sa valorisation aupr\u00e8s de la fili\u00e8re \u00e9conomique touristique locale, il pourrait avoir un r\u00e9el impact sur les consommations en eau, en \u00e9nergie et en pesticides des sites touristiques du littoral et tendre \u00e0 d\u00e9montrer que oui, tourisme saisonnier, \u00e9conomie d\u2019argent et respect de l\u2019environnement peuvent tout \u00e0 fait s\u2019accorder ensemble.<\/p>\n<p>In fine, il s\u2019agit aussi de d\u00e9montrer que des solutions simples, r\u00e9alistes et concr\u00e8tes peuvent \u00eatre mises en place d\u00e8s aujourd\u2019hui et \u00ab sans regret \u00bb pour att\u00e9nuer et s\u2019adapter aux effets du changement climatique sur un territoire littoral \u00e0 forte vuln\u00e9rabilit\u00e9.<\/p>\n<p><a href=\"http:\/\/www.dailymotion.com\/video\/x5fd8nx_campings-et-hotels-economes_school\" target=\"_blank\" rel=\"noopener noreferrer\">campings et h\u00f4tels \u00e9conomes<\/a> <i>par <a href=\"http:\/\/www.dailymotion.com\/PNR_NM\" target=\"_blank\" rel=\"noopener noreferrer\">PNR_NM<\/a><\/i><\/p>\n","protected":false},"excerpt":{"rendered":"<p>Il y a 2 ans, une exp\u00e9rience pilote a \u00e9t\u00e9 men\u00e9e au sein du camping \u00ab\u00a0Les Floralys\u00a0\u00bb situ\u00e9 dans le Parc naturel r\u00e9gional de la Narbonnaise en M\u00e9diterran\u00e9e. L\u2019objectif de cette exp\u00e9rience, issue d\u2019un partenariat entre le PNR de la Narbonnaise, la CCI de Narbonne, la Fredon LR et l\u2019association Les Ass\u2019Eau\u2019ci\u00e9s , avec le [&hellip;]<\/p>\n","protected":false},"author":1,"featured_media":3323,"comment_status":"open","ping_status":"open","sticky":false,"template":"","format":"standard","meta":{"footnotes":""},"categories":[8],"tags":[7],"class_list":["post-4985","post","type-post","status-publish","format-standard","has-post-thumbnail","hentry","category-jevi","tag-actualites-jevi"],"_links":{"self":[{"href":"https:\/\/www.fredonoccitanie.com\/jevi\/wp-json\/wp\/v2\/posts\/4985","targetHints":{"allow":["GET"]}}],"collection":[{"href":"https:\/\/www.fredonoccitanie.com\/jevi\/wp-json\/wp\/v2\/posts"}],"about":[{"href":"https:\/\/www.fredonoccitanie.com\/jevi\/wp-json\/wp\/v2\/types\/post"}],"author":[{"embeddable":true,"href":"https:\/\/www.fredonoccitanie.com\/jevi\/wp-json\/wp\/v2\/users\/1"}],"replies":[{"embeddable":true,"href":"https:\/\/www.fredonoccitanie.com\/jevi\/wp-json\/wp\/v2\/comments?post=4985"}],"version-history":[{"count":0,"href":"https:\/\/www.fredonoccitanie.com\/jevi\/wp-json\/wp\/v2\/posts\/4985\/revisions"}],"wp:featuredmedia":[{"embeddable":true,"href":"https:\/\/www.fredonoccitanie.com\/jevi\/wp-json\/wp\/v2\/media\/3323"}],"wp:attachment":[{"href":"https:\/\/www.fredonoccitanie.com\/jevi\/wp-json\/wp\/v2\/media?parent=4985"}],"wp:term":[{"taxonomy":"category","embeddable":true,"href":"https:\/\/www.fredonoccitanie.com\/jevi\/wp-json\/wp\/v2\/categories?post=4985"},{"taxonomy":"post_tag","embeddable":true,"href":"https:\/\/www.fredonoccitanie.com\/jevi\/wp-json\/wp\/v2\/tags?post=4985"}],"curies":[{"name":"wp","href":"https:\/\/api.w.org\/{rel}","templated":true}]}}