{"id":4888,"date":"2017-03-20T16:35:11","date_gmt":"2017-03-20T15:35:11","guid":{"rendered":"https:\/\/www.fredonoccitanie.com\/jevi\/?p=4888"},"modified":"2017-03-20T16:35:11","modified_gmt":"2017-03-20T15:35:11","slug":"participez-concours-jardiner-autrement-ouvre-aujourdhui","status":"publish","type":"post","link":"https:\/\/www.fredonoccitanie.com\/jevi\/2017\/03\/20\/participez-concours-jardiner-autrement-ouvre-aujourdhui\/","title":{"rendered":"Participez : Le concours Jardiner Autrement ouvre aujourd&rsquo;hui !"},"content":{"rendered":"<p>Du 20 mars au 24 mai prochain, <a href=\"http:\/\/www.jardiner-autrement.fr\/\">Jardiner Autrement <\/a>lance la 7 \u00e8me \u00e9dition du concours Jardiner Autrement.<\/p>\n<p>Ce concours ouvert \u00e0 tous en France m\u00e9tropolitaine r\u00e9compense depuis 2011 les d\u00e9marches les plus abouties en termes de pr\u00e9servation des \u00e9quilibres biologiques au jardin \u00e0 travers la r\u00e9duction ou l\u2019abandon de l\u2019usage de produits phytosanitaires.<\/p>\n<p><strong>Comment s&rsquo;inscrire ?<\/strong><\/p>\n<p>Rendez-vous sur le site <a href=\"http:\/\/www.jardiner-autrement.fr\/\">www.jardiner-autrement.fr <\/a>rubrique <em>Participer<\/em> pour t\u00e9l\u00e9charger et envoyer en ligne le dossier de candidature.<\/p>\n<p>Les jardiniers peuvent \u00e9galement le t\u00e9l\u00e9charger et l&rsquo;envoyer par courrier \u00e0 : concours Jardiner Autrement, 84 rue de Grenelle 75007 Paris.<\/p>\n<p>Pour plus d\u2019informations, n&rsquo;h\u00e9sitez pas \u00e0 contacter l&rsquo;\u00e9quipe Jardiner Autrement au : 01 44 39 78 74 ou \u00e0 \u00e9crire \u00e0 : concours@jardiner-autrement.fr<\/p>\n","protected":false},"excerpt":{"rendered":"<p>Du 20 mars au 24 mai prochain, Jardiner Autrement lance la 7 \u00e8me \u00e9dition du concours Jardiner Autrement. Ce concours ouvert \u00e0 tous en France m\u00e9tropolitaine r\u00e9compense depuis 2011 les d\u00e9marches les plus abouties en termes de pr\u00e9servation des \u00e9quilibres biologiques au jardin \u00e0 travers la r\u00e9duction ou l\u2019abandon de l\u2019usage de produits phytosanitaires. Comment [&hellip;]<\/p>\n","protected":false},"author":1,"featured_media":4889,"comment_status":"open","ping_status":"open","sticky":false,"template":"","format":"standard","meta":{"footnotes":""},"categories":[8],"tags":[9],"class_list":["post-4888","post","type-post","status-publish","format-standard","has-post-thumbnail","hentry","category-jevi","tag-agenda-jevi"],"_links":{"self":[{"href":"https:\/\/www.fredonoccitanie.com\/jevi\/wp-json\/wp\/v2\/posts\/4888","targetHints":{"allow":["GET"]}}],"collection":[{"href":"https:\/\/www.fredonoccitanie.com\/jevi\/wp-json\/wp\/v2\/posts"}],"about":[{"href":"https:\/\/www.fredonoccitanie.com\/jevi\/wp-json\/wp\/v2\/types\/post"}],"author":[{"embeddable":true,"href":"https:\/\/www.fredonoccitanie.com\/jevi\/wp-json\/wp\/v2\/users\/1"}],"replies":[{"embeddable":true,"href":"https:\/\/www.fredonoccitanie.com\/jevi\/wp-json\/wp\/v2\/comments?post=4888"}],"version-history":[{"count":1,"href":"https:\/\/www.fredonoccitanie.com\/jevi\/wp-json\/wp\/v2\/posts\/4888\/revisions"}],"predecessor-version":[{"id":12211,"href":"https:\/\/www.fredonoccitanie.com\/jevi\/wp-json\/wp\/v2\/posts\/4888\/revisions\/12211"}],"wp:featuredmedia":[{"embeddable":true,"href":"https:\/\/www.fredonoccitanie.com\/jevi\/wp-json\/wp\/v2\/media\/4889"}],"wp:attachment":[{"href":"https:\/\/www.fredonoccitanie.com\/jevi\/wp-json\/wp\/v2\/media?parent=4888"}],"wp:term":[{"taxonomy":"category","embeddable":true,"href":"https:\/\/www.fredonoccitanie.com\/jevi\/wp-json\/wp\/v2\/categories?post=4888"},{"taxonomy":"post_tag","embeddable":true,"href":"https:\/\/www.fredonoccitanie.com\/jevi\/wp-json\/wp\/v2\/tags?post=4888"}],"curies":[{"name":"wp","href":"https:\/\/api.w.org\/{rel}","templated":true}]}}