{"id":4830,"date":"2016-09-03T13:24:28","date_gmt":"2016-09-03T11:24:28","guid":{"rendered":"https:\/\/www.fredonoccitanie.com\/jevi\/?p=4830"},"modified":"2016-09-03T13:24:28","modified_gmt":"2016-09-03T11:24:28","slug":"rencontre-regionale-gestionnaires-dinfrastructures-lineaires","status":"publish","type":"post","link":"https:\/\/www.fredonoccitanie.com\/jevi\/2016\/09\/03\/rencontre-regionale-gestionnaires-dinfrastructures-lineaires\/","title":{"rendered":"Une rencontre r\u00e9gionale des gestionnaires d\u2019infrastructures lin\u00e9aires"},"content":{"rendered":"<p>Le 1er d\u00e9cembre dernier, la FREDON LR a r\u00e9uni les gestionnaires de r\u00e9seaux routier et ferr\u00e9s pour une premi\u00e8re r\u00e9union sous forme d&rsquo;un groupe de travail.<\/p>\n<p>Ce premier rendez-vous a \u00e9t\u00e9 l&rsquo;occasion pour ces structures gestionnaires (concessionnaires, collectivit\u00e9s ou services d&rsquo;Etat) de faire le point sur leur pratiques, \u00e9changer autour des probl\u00e9matiques communes.<\/p>\n<p>Tous les gestionnaires pr\u00e9sents m\u00e8nent des actions de r\u00e9duction voire de suppression de l&rsquo;usage des pesticides. Si certains ont avanc\u00e9 rapidement par force politique ou exp\u00e9rience de longue date, tous ont pu profiter des retours techniques de chacun. Les participants sont satisfaits de cette premi\u00e8re rencontre r\u00e9gionale et souhaitent renouveler ce type de rencontres.<\/p>\n<p>Ce comit\u00e9 technique serait aussi \u00e0 \u00e9largir en y int\u00e9grant d\u2019autres acteurs tels que les gestionnaires de ports, d\u2019a\u00e9roports, de canaux (VNF et BRL), de r\u00e9seaux \u00e9lectriques (ERDF), \u0085 Des pistes sont \u00e9voqu\u00e9es pour les prochains travaux de ce comit\u00e9 :<\/p>\n<ul>\n<li>Bonnes pratiques phytosanitaires<\/li>\n<li>Plantes invasives<\/li>\n<li>Am\u00e9nagement et v\u00e9g\u00e9talisation des \u00eelots et bords de route<\/li>\n<li>Cahiers des charges et prestataires<\/li>\n<li>Charte d\u2019engagement des GIL<\/li>\n<\/ul>\n<p>\u0085 Des gestionnaires extrar\u00e9gionaux pourraient intervenir lors de ces rencontres. Il est convenu de r\u00e9unir ce comit\u00e9 technique \u00e0 minima une fois par an.<\/p>\n","protected":false},"excerpt":{"rendered":"<p>Le 1er d\u00e9cembre dernier, la FREDON LR a r\u00e9uni les gestionnaires de r\u00e9seaux routier et ferr\u00e9s pour une premi\u00e8re r\u00e9union sous forme d&rsquo;un groupe de travail. Ce premier rendez-vous a \u00e9t\u00e9 l&rsquo;occasion pour ces structures gestionnaires (concessionnaires, collectivit\u00e9s ou services d&rsquo;Etat) de faire le point sur leur pratiques, \u00e9changer autour des probl\u00e9matiques communes. Tous les [&hellip;]<\/p>\n","protected":false},"author":1,"featured_media":0,"comment_status":"open","ping_status":"open","sticky":false,"template":"","format":"standard","meta":{"footnotes":""},"categories":[8],"tags":[7],"class_list":["post-4830","post","type-post","status-publish","format-standard","hentry","category-jevi","tag-actualites-jevi"],"_links":{"self":[{"href":"https:\/\/www.fredonoccitanie.com\/jevi\/wp-json\/wp\/v2\/posts\/4830","targetHints":{"allow":["GET"]}}],"collection":[{"href":"https:\/\/www.fredonoccitanie.com\/jevi\/wp-json\/wp\/v2\/posts"}],"about":[{"href":"https:\/\/www.fredonoccitanie.com\/jevi\/wp-json\/wp\/v2\/types\/post"}],"author":[{"embeddable":true,"href":"https:\/\/www.fredonoccitanie.com\/jevi\/wp-json\/wp\/v2\/users\/1"}],"replies":[{"embeddable":true,"href":"https:\/\/www.fredonoccitanie.com\/jevi\/wp-json\/wp\/v2\/comments?post=4830"}],"version-history":[{"count":0,"href":"https:\/\/www.fredonoccitanie.com\/jevi\/wp-json\/wp\/v2\/posts\/4830\/revisions"}],"wp:attachment":[{"href":"https:\/\/www.fredonoccitanie.com\/jevi\/wp-json\/wp\/v2\/media?parent=4830"}],"wp:term":[{"taxonomy":"category","embeddable":true,"href":"https:\/\/www.fredonoccitanie.com\/jevi\/wp-json\/wp\/v2\/categories?post=4830"},{"taxonomy":"post_tag","embeddable":true,"href":"https:\/\/www.fredonoccitanie.com\/jevi\/wp-json\/wp\/v2\/tags?post=4830"}],"curies":[{"name":"wp","href":"https:\/\/api.w.org\/{rel}","templated":true}]}}