{"id":4823,"date":"2016-09-02T13:16:32","date_gmt":"2016-09-02T11:16:32","guid":{"rendered":"https:\/\/www.fredonoccitanie.com\/jevi\/?p=4823"},"modified":"2016-09-02T13:16:32","modified_gmt":"2016-09-02T11:16:32","slug":"debat-a-castries-autour-de-lexposition-nos-jardins-pesticides","status":"publish","type":"post","link":"https:\/\/www.fredonoccitanie.com\/jevi\/2016\/09\/02\/debat-a-castries-autour-de-lexposition-nos-jardins-pesticides\/","title":{"rendered":"D\u00e9bat \u00e0 Castries autour de l&rsquo;exposition \u00ab\u00a0Nos jardins sans pesticides\u00a0\u00bb"},"content":{"rendered":"<h1>Article Midi Libre \u00ab\u00a0D\u00e9bat \u00e0 Castries autour de l&rsquo;exposition \u00ab\u00a0Nos jardins sans pesticides\u00a0\u00bb<\/h1>\n<p><i>\u00ab\u00a0&#8230;Tout comme une dizaine de communes du bassin versant de<b> l&rsquo;\u00e9tang de l&rsquo;Or se sont engag\u00e9es dans une plan d&rsquo;Am\u00e9lioration des Pratiques Phytosanitaires et Horticoles (PAPPH)<\/b>.<br \/>\nLes intervenants s&rsquo;effor\u00e7ant d&rsquo;expliquer, de conseiller \u00e0 l&rsquo;auditoire, la dangerosit\u00e9 de l&rsquo;utilisation des pesticides dans le milieu agricole et dans le jardin d&rsquo;amateur&#8230;\u00a0\u00bb<\/i><\/p>\n<p><a href=\"https:\/\/www.fredonoccitanie.com\/jevi\/wp-content\/uploads\/sites\/7\/2016\/11\/midi_libre_jardin_sans_pesticide.png\"><img loading=\"lazy\" decoding=\"async\" class=\"alignnone wp-image-3465 size-medium\" src=\"https:\/\/www.fredonoccitanie.com\/jevi\/wp-content\/uploads\/sites\/7\/2016\/11\/midi_libre_jardin_sans_pesticide-300x247.png\" width=\"300\" height=\"247\" srcset=\"https:\/\/www.fredonoccitanie.com\/jevi\/wp-content\/uploads\/sites\/2\/2016\/11\/midi_libre_jardin_sans_pesticide-300x247.png 300w, https:\/\/www.fredonoccitanie.com\/jevi\/wp-content\/uploads\/sites\/2\/2016\/11\/midi_libre_jardin_sans_pesticide.png 675w\" sizes=\"auto, (max-width: 300px) 100vw, 300px\" \/><br \/>\n<\/a><a href=\"http:\/\/www.midilibre.fr\/2015\/05\/27\/debat-autour-de-l-exposition-castriote-nos-jardins-sans-pesticides,1166728.php\" target=\"_blank\" rel=\"noopener\"> Lire l&rsquo;article<\/a><\/p>\n","protected":false},"excerpt":{"rendered":"<p>Article Midi Libre \u00ab\u00a0D\u00e9bat \u00e0 Castries autour de l&rsquo;exposition \u00ab\u00a0Nos jardins sans pesticides\u00a0\u00bb \u00ab\u00a0&#8230;Tout comme une dizaine de communes du bassin versant de l&rsquo;\u00e9tang de l&rsquo;Or se sont engag\u00e9es dans une plan d&rsquo;Am\u00e9lioration des Pratiques Phytosanitaires et Horticoles (PAPPH). Les intervenants s&rsquo;effor\u00e7ant d&rsquo;expliquer, de conseiller \u00e0 l&rsquo;auditoire, la dangerosit\u00e9 de l&rsquo;utilisation des pesticides dans le [&hellip;]<\/p>\n","protected":false},"author":1,"featured_media":3473,"comment_status":"open","ping_status":"open","sticky":false,"template":"","format":"standard","meta":{"footnotes":""},"categories":[8],"tags":[7],"class_list":["post-4823","post","type-post","status-publish","format-standard","has-post-thumbnail","hentry","category-jevi","tag-actualites-jevi"],"_links":{"self":[{"href":"https:\/\/www.fredonoccitanie.com\/jevi\/wp-json\/wp\/v2\/posts\/4823","targetHints":{"allow":["GET"]}}],"collection":[{"href":"https:\/\/www.fredonoccitanie.com\/jevi\/wp-json\/wp\/v2\/posts"}],"about":[{"href":"https:\/\/www.fredonoccitanie.com\/jevi\/wp-json\/wp\/v2\/types\/post"}],"author":[{"embeddable":true,"href":"https:\/\/www.fredonoccitanie.com\/jevi\/wp-json\/wp\/v2\/users\/1"}],"replies":[{"embeddable":true,"href":"https:\/\/www.fredonoccitanie.com\/jevi\/wp-json\/wp\/v2\/comments?post=4823"}],"version-history":[{"count":0,"href":"https:\/\/www.fredonoccitanie.com\/jevi\/wp-json\/wp\/v2\/posts\/4823\/revisions"}],"wp:featuredmedia":[{"embeddable":true,"href":"https:\/\/www.fredonoccitanie.com\/jevi\/wp-json\/wp\/v2\/media\/3473"}],"wp:attachment":[{"href":"https:\/\/www.fredonoccitanie.com\/jevi\/wp-json\/wp\/v2\/media?parent=4823"}],"wp:term":[{"taxonomy":"category","embeddable":true,"href":"https:\/\/www.fredonoccitanie.com\/jevi\/wp-json\/wp\/v2\/categories?post=4823"},{"taxonomy":"post_tag","embeddable":true,"href":"https:\/\/www.fredonoccitanie.com\/jevi\/wp-json\/wp\/v2\/tags?post=4823"}],"curies":[{"name":"wp","href":"https:\/\/api.w.org\/{rel}","templated":true}]}}