{"id":3968,"date":"2017-01-04T15:50:49","date_gmt":"2017-01-04T14:50:49","guid":{"rendered":"https:\/\/www.fredonoccitanie.com\/jevi\/?p=3968"},"modified":"2017-01-04T15:50:49","modified_gmt":"2017-01-04T14:50:49","slug":"dechets-eliminer-dechets-phytosanitaires","status":"publish","type":"post","link":"https:\/\/www.fredonoccitanie.com\/jevi\/2017\/01\/04\/dechets-eliminer-dechets-phytosanitaires\/","title":{"rendered":"D\u00e9chets : \u00c9liminer ses d\u00e9chets phytosanitaires"},"content":{"rendered":"<p><img loading=\"lazy\" decoding=\"async\" class=\" wp-image-3970 alignleft\" src=\"https:\/\/www.fredonoccitanie.com\/jevi\/wp-content\/uploads\/sites\/7\/2017\/01\/PlaquetteDechets-300x228.jpg\" alt=\"plaquettedechets\" width=\"196\" height=\"149\" srcset=\"https:\/\/www.fredonoccitanie.com\/jevi\/wp-content\/uploads\/sites\/2\/2017\/01\/PlaquetteDechets-300x228.jpg 300w, https:\/\/www.fredonoccitanie.com\/jevi\/wp-content\/uploads\/sites\/2\/2017\/01\/PlaquetteDechets-1030x784.jpg 1030w, https:\/\/www.fredonoccitanie.com\/jevi\/wp-content\/uploads\/sites\/2\/2017\/01\/PlaquetteDechets-768x584.jpg 768w, https:\/\/www.fredonoccitanie.com\/jevi\/wp-content\/uploads\/sites\/2\/2017\/01\/PlaquetteDechets-705x536.jpg 705w, https:\/\/www.fredonoccitanie.com\/jevi\/wp-content\/uploads\/sites\/2\/2017\/01\/PlaquetteDechets.jpg 1070w\" sizes=\"auto, (max-width: 196px) 100vw, 196px\" \/>Ce document intitul\u00e9 \u00ab\u00a0Collectivit\u00e9s, comment \u00e9liminer vos d\u00e9chets phytosanitaires\u00a0? EVPP, PPNU,EPI et effluents phytosanitaires\u00a0: Mode d\u2019emploi (mars 2016)\u00a0\u00bb\u00a0 a \u00e9t\u00e9 r\u00e9alis\u00e9 par la DRIAAF Ile de France. Il d\u00e9finit la nature des d\u00e9chets issus de l\u2019utilisation des produits phytosanitaires, les r\u00e9glementation qui encadre leur stockage, leur transport, leur collecte et leur \u00e9limination, et les solutions existantes pour les g\u00e9rer.<br \/>\n<a href=\"http:\/\/driaaf.ile-de-france.agriculture.gouv.fr\/IMG\/pdf\/plaquette_dechets-novembre2016_cle01bd18.pdf\" target=\"_blank\" rel=\"noopener noreferrer\">T\u00e9l\u00e9charger la plaquette<\/a><\/p>\n","protected":false},"excerpt":{"rendered":"<p>Ce document intitul\u00e9 \u00ab\u00a0Collectivit\u00e9s, comment \u00e9liminer vos d\u00e9chets phytosanitaires\u00a0? EVPP, PPNU,EPI et effluents phytosanitaires\u00a0: Mode d\u2019emploi (mars 2016)\u00a0\u00bb\u00a0 a \u00e9t\u00e9 r\u00e9alis\u00e9 par la DRIAAF Ile de France. Il d\u00e9finit la nature des d\u00e9chets issus de l\u2019utilisation des produits phytosanitaires, les r\u00e9glementation qui encadre leur stockage, leur transport, leur collecte et leur \u00e9limination, et les solutions [&hellip;]<\/p>\n","protected":false},"author":1,"featured_media":0,"comment_status":"open","ping_status":"open","sticky":false,"template":"","format":"standard","meta":{"footnotes":""},"categories":[8],"tags":[7],"class_list":["post-3968","post","type-post","status-publish","format-standard","hentry","category-jevi","tag-actualites-jevi"],"_links":{"self":[{"href":"https:\/\/www.fredonoccitanie.com\/jevi\/wp-json\/wp\/v2\/posts\/3968","targetHints":{"allow":["GET"]}}],"collection":[{"href":"https:\/\/www.fredonoccitanie.com\/jevi\/wp-json\/wp\/v2\/posts"}],"about":[{"href":"https:\/\/www.fredonoccitanie.com\/jevi\/wp-json\/wp\/v2\/types\/post"}],"author":[{"embeddable":true,"href":"https:\/\/www.fredonoccitanie.com\/jevi\/wp-json\/wp\/v2\/users\/1"}],"replies":[{"embeddable":true,"href":"https:\/\/www.fredonoccitanie.com\/jevi\/wp-json\/wp\/v2\/comments?post=3968"}],"version-history":[{"count":0,"href":"https:\/\/www.fredonoccitanie.com\/jevi\/wp-json\/wp\/v2\/posts\/3968\/revisions"}],"wp:attachment":[{"href":"https:\/\/www.fredonoccitanie.com\/jevi\/wp-json\/wp\/v2\/media?parent=3968"}],"wp:term":[{"taxonomy":"category","embeddable":true,"href":"https:\/\/www.fredonoccitanie.com\/jevi\/wp-json\/wp\/v2\/categories?post=3968"},{"taxonomy":"post_tag","embeddable":true,"href":"https:\/\/www.fredonoccitanie.com\/jevi\/wp-json\/wp\/v2\/tags?post=3968"}],"curies":[{"name":"wp","href":"https:\/\/api.w.org\/{rel}","templated":true}]}}