{"id":2258,"date":"2015-06-22T10:59:58","date_gmt":"2015-06-22T10:59:58","guid":{"rendered":"http:\/\/greenrescue.ancorathemes.com\/?p=2258"},"modified":"2015-06-22T10:59:58","modified_gmt":"2015-06-22T10:59:58","slug":"routes-sans-pesticides","status":"publish","type":"post","link":"https:\/\/www.fredonoccitanie.com\/jevi\/2015\/06\/22\/routes-sans-pesticides\/","title":{"rendered":"Conseils G\u00e9n\u00e9raux : Des routes \u0085 Sans pesticides !"},"content":{"rendered":"<p>L&rsquo;exp\u00e9rience des <span style=\"color: blue\"><big>Pyr\u00e9n\u00e9es Orientales <\/big><\/span>fait des petits ! Deux autres Conseil G\u00e9n\u00e9raux mettent en place des d\u00e9marches pour r\u00e9duire voire <b>abandonner l&rsquo;usage des phytos sur les r\u00e9seau routiers.<\/b> Dans l&rsquo;H\u00e9rault&#8230;<br \/>\nDans le cadre de son programme <strong>\u00ab Vert Demain \u00bb<\/strong>, le Syndicat Mixte des Etangs Littoraux a \u00e9tabli un partenariat avec le <span style=\"color: blue\"><big>Conseil G\u00e9n\u00e9ral de l\u2019H\u00e9rault <\/big><\/span>afin d\u2019exp\u00e9rimenter des techniques d\u2019entretien sans pesticides sur les routes et d\u00e9pendances routi\u00e8res parcourant le secteur des \u00e9tangs palavasiens (entre Frontignan et Palavas-les-Flots). Un diagnostic des pratiques a \u00e9t\u00e9 r\u00e9alis\u00e9 et permettra de mettre en \u009cuvre et \u00e9valuer des nouvelles techniques sans pesticides. Ces r\u00e9sultats seront utilis\u00e9s pour g\u00e9n\u00e9raliser ces nouvelles pratiques \u00e0 l&rsquo;ensemble du r\u00e9seau.<\/p>\n<div>\n<p>&nbsp;<\/p>\n<h3>Contacts<\/h3>\n<p>S\u00e9bastien Pollet (Siel) &#8211; sebastien.pollet@siel-lagune.org<\/p>\n<\/div>\n<p>&#8230; Et dans <span style=\"color: blue\"><big>l&rsquo;Aude !<\/big><\/span><br \/>\nA travers le projet AuDevant, le Conseil G\u00e9n\u00e9rale de <b>l&rsquo;Aude travaille sur la r\u00e9duction des pesticides <\/b>au sein de l&rsquo;ensemble de ses services ( routes, coll\u00e8ges et services int\u00e9rieurs). Une d\u00e9marche type PAPPH est en cours anim\u00e9e par le Service Hydrologie de la Direction de l&rsquo;Eau et de l&rsquo;Environnement.<\/p>\n<div>\n<p>&nbsp;<\/p>\n<h3>Contacts<\/h3>\n<p>Sylvie Setzkorn (CG11) &#8211; sylvie.setzkorn@cg11.fr<\/p>\n<\/div>\n<p><i>Dans une d\u00e9marche de mutualisation de ces exp\u00e9rience, la FREDON LR accompagne le Siel, le CG34 et le CG11 dans leur d\u00e9marche afin de d\u00e9finir une m\u00e9thode de travail pour la r\u00e9duction des pesticides sur les infrastructures routi\u00e8res.<\/i><\/p>\n","protected":false},"excerpt":{"rendered":"<p>L&rsquo;exp\u00e9rience des Pyr\u00e9n\u00e9es Orientales fait des petits ! Deux autres Conseil G\u00e9n\u00e9raux mettent en place des d\u00e9marches pour r\u00e9duire voire abandonner l&rsquo;usage des phytos sur les r\u00e9seau routiers. Dans l&rsquo;H\u00e9rault&#8230; Dans le cadre de son programme \u00ab Vert Demain \u00bb, le Syndicat Mixte des Etangs Littoraux a \u00e9tabli un partenariat avec le Conseil G\u00e9n\u00e9ral de [&hellip;]<\/p>\n","protected":false},"author":1,"featured_media":3304,"comment_status":"open","ping_status":"open","sticky":false,"template":"","format":"standard","meta":{"footnotes":""},"categories":[8],"tags":[7],"class_list":["post-2258","post","type-post","status-publish","format-standard","has-post-thumbnail","hentry","category-jevi","tag-actualites-jevi"],"_links":{"self":[{"href":"https:\/\/www.fredonoccitanie.com\/jevi\/wp-json\/wp\/v2\/posts\/2258","targetHints":{"allow":["GET"]}}],"collection":[{"href":"https:\/\/www.fredonoccitanie.com\/jevi\/wp-json\/wp\/v2\/posts"}],"about":[{"href":"https:\/\/www.fredonoccitanie.com\/jevi\/wp-json\/wp\/v2\/types\/post"}],"author":[{"embeddable":true,"href":"https:\/\/www.fredonoccitanie.com\/jevi\/wp-json\/wp\/v2\/users\/1"}],"replies":[{"embeddable":true,"href":"https:\/\/www.fredonoccitanie.com\/jevi\/wp-json\/wp\/v2\/comments?post=2258"}],"version-history":[{"count":0,"href":"https:\/\/www.fredonoccitanie.com\/jevi\/wp-json\/wp\/v2\/posts\/2258\/revisions"}],"wp:featuredmedia":[{"embeddable":true,"href":"https:\/\/www.fredonoccitanie.com\/jevi\/wp-json\/wp\/v2\/media\/3304"}],"wp:attachment":[{"href":"https:\/\/www.fredonoccitanie.com\/jevi\/wp-json\/wp\/v2\/media?parent=2258"}],"wp:term":[{"taxonomy":"category","embeddable":true,"href":"https:\/\/www.fredonoccitanie.com\/jevi\/wp-json\/wp\/v2\/categories?post=2258"},{"taxonomy":"post_tag","embeddable":true,"href":"https:\/\/www.fredonoccitanie.com\/jevi\/wp-json\/wp\/v2\/tags?post=2258"}],"curies":[{"name":"wp","href":"https:\/\/api.w.org\/{rel}","templated":true}]}}