{"id":19756,"date":"2026-09-02T09:17:41","date_gmt":"2026-09-02T07:17:41","guid":{"rendered":"https:\/\/www.fredonoccitanie.com\/jevi\/?p=19756"},"modified":"2026-09-02T09:17:49","modified_gmt":"2026-09-02T07:17:49","slug":"atelier-technique-19-09-gestion-durable-des-espaces-verts-collaborer-efficacement-avec-le-prestataire-de-sa-copropriete","status":"publish","type":"post","link":"https:\/\/www.fredonoccitanie.com\/jevi\/2026\/09\/02\/atelier-technique-19-09-gestion-durable-des-espaces-verts-collaborer-efficacement-avec-le-prestataire-de-sa-copropriete\/","title":{"rendered":"[Atelier technique] &#8211; 19\/09 &#8211; Gestion durable des espaces verts : collaborer efficacement avec le prestataire de sa copropri\u00e9t\u00e9"},"content":{"rendered":"<div class=\"module module-text tb_7rw1886\">\n<div class=\"tb_text_wrap\">\n<p><strong>Samedi 19 septembre de 10h \u00e0 12h,<\/strong>\u00a0l\u2019ALEC Montpellier M\u00e9tropole et la FREDON Occitanie organisent<b>\u00a0un atelier technique d\u00e9di\u00e9 \u00e0 la gestion durable des espaces verts en copropri\u00e9t\u00e9<\/b>, et plus pr\u00e9cis\u00e9ment sur<b>\u00a0la collaboration efficace avec un prestataire ext\u00e9rieur<\/b>.<\/p>\n<p>Vous \u00eates copropri\u00e9taires, membres de conseils syndicaux ou syndics et souhaitez am\u00e9liorer l\u2019entretien de vos jardins collectifs en partenariat avec une entreprise, tout en pr\u00e9servant l\u2019environnement, l\u2019eau et la biodiversit\u00e9 ?\u00a0<b>Cet atelier est l\u2019occasion parfaite d\u2019en apprendre plus !<\/b><\/p>\n<p style=\"text-align: center\"><strong><a href=\"https:\/\/alec-montpellier.org\/evenement\/gestion-durable-des-espaces-verts-collaborer-efficacement-avec-le-prestataire-de-sa-copropriete\/?utm_source=brevo&amp;utm_medium=email&amp;utm_campaign=NL%20Grand%20Public%20sept%202026\">&gt;&gt; S&rsquo;INSCRIRE &lt;&lt;<\/a><\/strong><\/p>\n<\/div>\n<\/div>\n<div class=\"module module-image tb_9mf0828 image-center tf_mw\">\n<div class=\"image-wrap tf_rel tf_mw\"><img loading=\"lazy\" decoding=\"async\" class=\"wp-post-image wp-image-44405 aligncenter\" title=\"modern-residential-buildings-with-outdoor-facilitiesgreen-facade-new-lowenergy-houses\" src=\"https:\/\/alec-montpellier.org\/wp-content\/uploads\/2026\/07\/modern-residential-buildings-with-outdoor-facilitiesgreen-facade-new-lowenergy-houses-scaled-640x426.jpg\" alt=\"modern-residential-buildings-with-outdoor-facilitiesgreen-facade-new-lowenergy-houses\" width=\"640\" height=\"426\" data-tf-not-load=\"1\" \/><\/div>\n<\/div>\n<div class=\"module module-text tb_8bv185\">\n<div class=\"tb_text_wrap\">\n<h2>Le r\u00f4le des espaces verts en copropri\u00e9t\u00e9<\/h2>\n<p>Les espaces v\u00e9g\u00e9talis\u00e9s jouent un r\u00f4le essentiel dans la qualit\u00e9 de vie des copropri\u00e9taires. Une gestion adapt\u00e9e permet de :<\/p>\n<ul>\n<li>r\u00e9duire les \u00eelots de chaleur et rafra\u00eechir naturellement les abords des b\u00e2timents,<\/li>\n<li>favoriser la biodiversit\u00e9 en milieu urbain gr\u00e2ce \u00e0 une expertise technique d\u00e9di\u00e9e,<\/li>\n<li>am\u00e9liorer le confort des habitants tout au long de l\u2019ann\u00e9e,<\/li>\n<li>r\u00e9duire l\u2019arrosage,<\/li>\n<li>augmenter la valeur du patrimoine immobilier.<\/li>\n<\/ul>\n<p>S\u2019appuyer sur un prestataire, c\u2019est aussi\u00a0<b>gagner en r\u00e9gularit\u00e9, en savoir-faire et en tranquillit\u00e9 d\u2019esprit<\/b>. Cet atelier est l\u2019occasion parfaite d\u2019apprendre \u00e0 entretenir, am\u00e9liorer et valoriser durablement des espaces verts existants.<\/p>\n<\/div>\n<p style=\"text-align: center\"><strong><a href=\"https:\/\/alec-montpellier.org\/evenement\/gestion-durable-des-espaces-verts-collaborer-efficacement-avec-le-prestataire-de-sa-copropriete\/?utm_source=brevo&amp;utm_medium=email&amp;utm_campaign=NL%20Grand%20Public%20sept%202026\">&gt;&gt; S&rsquo;INSCRIRE &lt;&lt;<\/a><\/strong><\/p>\n<div class=\"tb_text_wrap\">\n<h2>Rendez-vous le 19 septembre !<\/h2>\n<p>Les animateurs de FREDON Occitanie et de l\u2019ALEC Montpellier M\u00e9tropole seront pr\u00e9sents pour partager leur expertise et pour r\u00e9pondre \u00e0 toutes vos questions !<\/p>\n<p>L\u2019adresse exacte de la copropri\u00e9t\u00e9 vous sera donn\u00e9e suite \u00e0 votre inscription.<\/p>\n<\/div>\n<\/div>\n","protected":false},"excerpt":{"rendered":"<p>Samedi 19 septembre de 10h \u00e0 12h,\u00a0l\u2019ALEC Montpellier M\u00e9tropole et la FREDON Occitanie organisent\u00a0un atelier technique d\u00e9di\u00e9 \u00e0 la gestion durable des espaces verts en copropri\u00e9t\u00e9, et plus pr\u00e9cis\u00e9ment sur\u00a0la collaboration efficace avec un prestataire ext\u00e9rieur. Vous \u00eates copropri\u00e9taires, membres de conseils syndicaux ou syndics et souhaitez am\u00e9liorer l\u2019entretien de vos jardins collectifs en partenariat [&hellip;]<\/p>\n","protected":false},"author":14,"featured_media":19758,"comment_status":"closed","ping_status":"closed","sticky":false,"template":"","format":"standard","meta":{"footnotes":""},"categories":[3,11],"tags":[],"class_list":["post-19756","post","type-post","status-publish","format-standard","has-post-thumbnail","hentry","category-agenda-fredon","category-agenda-jevi"],"_links":{"self":[{"href":"https:\/\/www.fredonoccitanie.com\/jevi\/wp-json\/wp\/v2\/posts\/19756","targetHints":{"allow":["GET"]}}],"collection":[{"href":"https:\/\/www.fredonoccitanie.com\/jevi\/wp-json\/wp\/v2\/posts"}],"about":[{"href":"https:\/\/www.fredonoccitanie.com\/jevi\/wp-json\/wp\/v2\/types\/post"}],"author":[{"embeddable":true,"href":"https:\/\/www.fredonoccitanie.com\/jevi\/wp-json\/wp\/v2\/users\/14"}],"replies":[{"embeddable":true,"href":"https:\/\/www.fredonoccitanie.com\/jevi\/wp-json\/wp\/v2\/comments?post=19756"}],"version-history":[{"count":2,"href":"https:\/\/www.fredonoccitanie.com\/jevi\/wp-json\/wp\/v2\/posts\/19756\/revisions"}],"predecessor-version":[{"id":19759,"href":"https:\/\/www.fredonoccitanie.com\/jevi\/wp-json\/wp\/v2\/posts\/19756\/revisions\/19759"}],"wp:featuredmedia":[{"embeddable":true,"href":"https:\/\/www.fredonoccitanie.com\/jevi\/wp-json\/wp\/v2\/media\/19758"}],"wp:attachment":[{"href":"https:\/\/www.fredonoccitanie.com\/jevi\/wp-json\/wp\/v2\/media?parent=19756"}],"wp:term":[{"taxonomy":"category","embeddable":true,"href":"https:\/\/www.fredonoccitanie.com\/jevi\/wp-json\/wp\/v2\/categories?post=19756"},{"taxonomy":"post_tag","embeddable":true,"href":"https:\/\/www.fredonoccitanie.com\/jevi\/wp-json\/wp\/v2\/tags?post=19756"}],"curies":[{"name":"wp","href":"https:\/\/api.w.org\/{rel}","templated":true}]}}