{"id":18905,"date":"2026-04-20T14:17:12","date_gmt":"2026-04-20T12:17:12","guid":{"rendered":"https:\/\/www.fredonoccitanie.com\/jevi\/?p=18905"},"modified":"2026-04-20T14:18:00","modified_gmt":"2026-04-20T12:18:00","slug":"webinaire-arbe-plastique_espaces_verts","status":"publish","type":"post","link":"https:\/\/www.fredonoccitanie.com\/jevi\/2026\/04\/20\/webinaire-arbe-plastique_espaces_verts\/","title":{"rendered":"[WEBINAIRE ARBE] &#8211; 24\/04\/26 -13h\/14h &#8211; Diminuer l&rsquo;usage des plastiques dans la gestion des espaces verts des communes"},"content":{"rendered":"<p>&nbsp;<\/p>\n<p style=\"text-align: center\"><strong>Mardi 28 avril\u2013 13h00 \u2013 14h00<\/strong><\/p>\n<p style=\"text-align: center\"><strong>Dur\u00e9e 1h<\/strong><\/p>\n<p style=\"text-align: center\">\n<p>&nbsp;<\/p>\n<p style=\"text-align: center\"><strong><a href=\"https:\/\/www.arbe-regionsud.org\/58805-diminuer-lusage-des-plastiques-dans-la-gestion-des-espaces-verts-des-commune.html?utm_source=event-manager&amp;utm_medium=email&amp;utm_campaign=event-manager-zdp\">&gt;&gt; S&rsquo;INSCRIRE AU WEBINAIRE &lt;&lt;<\/a><\/strong><\/p>\n<p style=\"text-align: center\"><strong>Gratuit et en acc\u00e8s libre<\/strong><\/p>\n<p>Alors que de nombreuses \u00e9tudes ont d\u00e9montr\u00e9 la pr\u00e9sence et les impacts des plastiques dans les mers et les oc\u00e9ans, les connaissances relatives \u00e0 la pr\u00e9sence de ces pollutions dans les sols et leurs impacts sont plus r\u00e9centes.<\/p>\n<p>Pour autant, les enjeux semblent tout aussi pr\u00e9gnants puisque de r\u00e9centes \u00e9tudes indiquent que les plastiques accumul\u00e9es dans les sols pourraient surpasser celles dans les oc\u00e9ans.<\/p>\n<p>Ils impactent le fonctionnement intrins\u00e8que des sols ainsi que les esp\u00e8ces v\u00e9g\u00e9tales et animales qui y sont pr\u00e9sentes.<\/p>\n<div  class='avia-testimonial-wrapper av-rctibd-a34b037f1fee810c042f79bb71df09c4 avia-grid-testimonials avia-grid-2-testimonials avia_animate_when_almost_visible' >\n<section class=\"avia-testimonial-row\"><div class='avia-testimonial av-mo75ffpv-b10621cd8064779be1771a07dcdfb597 avia-testimonial-row-1 avia-first-testimonial flex_column no_margin av_one_half'><div class='avia-testimonial_inner'  itemscope=\"itemscope\" itemtype=\"https:\/\/schema.org\/BlogPosting\" itemprop=\"blogPost\" ><div class='avia-testimonial-content '><div class='avia-testimonial-markup-entry-content'  itemprop=\"text\" ><p style=\"padding-left: 40px\"><strong><em>\u00ab Ces microplastiques entra\u00eenent une modification des \u00e9quilibres microbiens, ce qui diminue la d\u00e9gradation de la mati\u00e8re organique et impacte le cycle des nutriments essentiels \u00e0 la croissance des plantes. Pire encore, l\u2019accumulation de ces particules emp\u00eache l\u2019enracinement optimal, modifie l\u2019absorption d\u2019eau, et contribue \u00e0 l\u2019appauvrissement de la biomasse souterraine. Les plantes se retrouvent litt\u00e9ralement en \u00e9tat de stress.\u00a0\u00bb<\/em><\/strong><\/p>\n<\/div><\/div><div class=\"avia-testimonial-meta\"><div class=\"avia-testimonial-arrow-wrap\"><div class=\"avia-arrow\"><\/div><\/div><div class='avia-testimonial-meta-mini'  itemprop=\"author\" itemscope=\"itemscope\" itemtype=\"https:\/\/schema.org\/Person\" ><strong  class='avia-testimonial-name'  itemprop=\"name\" >Marie-France DIGNAC<\/strong><span  class='avia-testimonial-subtitle '  itemprop=\"jobTitle\" >Directrice de recherches \u00e0 l\u2019INRAE iEES<\/span><\/div><\/div><\/div><\/div>\n<\/section><\/div>\n<p>Pour diminuer ces impacts, les collectivit\u00e9s doivent s\u2019orienter vers la diminution des usages de plastiques et le recyclage des d\u00e9chets plastiques issus de la gestion des espaces verts.<\/p>\n<p><b>L&rsquo;<a href=\"https:\/\/www.arbe-regionsud.org\/\">Agence R\u00e9gionale Biodiversit\u00e9 Environnement R\u00e9gion SUD &#8211; ARBE<\/a> &#8211; propose ce webinaire qui sera l\u2019occasion de rappeler les enjeux relatifs \u00e0 la pr\u00e9sence de pollutions plastiques dans les sols et de pr\u00e9senter quelques alternatives pour diminuer les usages de plastiques dans les espaces verts.<\/b><\/p>\n<p>&nbsp;<\/p>\n<ul>\n<li>\n<h4><strong>D\u00e9roul\u00e9<\/strong>\u00a0:<\/h4>\n<\/li>\n<\/ul>\n<ul>\n<li style=\"list-style-type: none\">\n<ul>\n<li><b>13h\u00a0:<\/b>\u00a0Pr\u00e9sentation de la mission r\u00e9gionale z\u00e9ro d\u00e9chet plastique et panorama des usages de plastiques dans les espaces verts &#8211; Claire POULIN et St\u00e9phanie GARRIDO \u2013 Charg\u00e9es de mission &#8211; ARBE<\/li>\n<li><b>13h10\u00a0:<\/b>\u00a0Impacts des plastiques sur les sols et la v\u00e9g\u00e9tation \u2013 Marie-France DIGNAC &#8211; Directrice de recherche INRAE iEES-Paris &#8211; INRAE<\/li>\n<li><b>13h20\u00a0:<\/b>\u00a0Pr\u00e9sentations d\u2019alternatives aux usages de plastiques dans les espaces verts\n<ul>\n<li>Utilisation d\u2019alternative aux pots en plastiques\u00a0: retour sur l\u2019usage des pots \u00ab pr\u00eats \u00e0 planter \u00bb de l\u2019entreprise FERTIL &#8211; Nathalie FLEURY \u2013 Coordinatrice des espaces verts &#8211; Brest M\u00e9tropole<\/li>\n<li>Utilisation d\u2019alternatives aux paillages plastiques\u00a0: les paillages en fibres naturelles \u2013 Claude CAUQUIL \u2013 Directeur commercial \u2013 Entreprise SOTHEXTO<\/li>\n<\/ul>\n<\/li>\n<li><b>13h40\u00a0:<\/b>\u00a0Pr\u00e9sentation des solutions pr\u00e9sentes dans l\u2019annuaire des prestataires de l\u2019ARBE \u2013 Claire POULIN \u2013 Charg\u00e9e de mission &#8211; ARBE<\/li>\n<li><b>13h45\u00a0:<\/b>\u00a0Questions\/R\u00e9ponses<\/li>\n<li><b>14h\u00a0:<\/b>\u00a0Cl\u00f4ture du webinaire<\/li>\n<\/ul>\n<\/li>\n<\/ul>\n<p>&nbsp;<\/p>\n<ul>\n<li>\n<h4>Les intervenants :<\/h4>\n<ul>\n<li><b>Marie-France DIGNAC\u00a0:<\/b>\u00a0Directrice de recherche &#8211; INRAE iEES<\/li>\n<li><b>Nathalie FLEURY\u00a0:<\/b>\u00a0Coordinatrice des espaces verts &#8211; Brest M\u00e9tropole<\/li>\n<li><b>Claude CAUQUIL\u00a0:<\/b>\u00a0Directeur Commercial \u2013 Entreprise SOTHEXTO<\/li>\n<li><b>Claire POULIN\u00a0:<\/b>\u00a0Agence R\u00e9gionale de la Biodiversit\u00e9 et de l\u2019Environnement (ARBE)<\/li>\n<li><b>St\u00e9phanie GARRIDO\u00a0:<\/b>\u00a0Agence R\u00e9gionale de la Biodiversit\u00e9 et de l\u2019Environnement (ARBE)<\/li>\n<\/ul>\n<\/li>\n<\/ul>\n<p>&nbsp;<\/p>\n<p style=\"text-align: center\"><strong><a href=\"https:\/\/www.arbe-regionsud.org\/58805-diminuer-lusage-des-plastiques-dans-la-gestion-des-espaces-verts-des-commune.html?utm_source=event-manager&amp;utm_medium=email&amp;utm_campaign=event-manager-zdp\">&gt;&gt; S&rsquo;INSCRIRE AU WEBINAIRE &lt;&lt;<\/a><\/strong><\/p>\n<p>&nbsp;<\/p>\n<p><em>Sources : ARBE<\/em><\/p>\n","protected":false},"excerpt":{"rendered":"<p>&nbsp; Mardi 28 avril\u2013 13h00 \u2013 14h00 Dur\u00e9e 1h &nbsp; &gt;&gt; S&rsquo;INSCRIRE AU WEBINAIRE &lt;&lt; Gratuit et en acc\u00e8s libre Alors que de nombreuses \u00e9tudes ont d\u00e9montr\u00e9 la pr\u00e9sence et les impacts des plastiques dans les mers et les oc\u00e9ans, les connaissances relatives \u00e0 la pr\u00e9sence de ces pollutions dans les sols et leurs impacts [&hellip;]<\/p>\n","protected":false},"author":22,"featured_media":18908,"comment_status":"closed","ping_status":"closed","sticky":false,"template":"","format":"standard","meta":{"footnotes":""},"categories":[11],"tags":[],"class_list":["post-18905","post","type-post","status-publish","format-standard","has-post-thumbnail","hentry","category-agenda-jevi"],"_links":{"self":[{"href":"https:\/\/www.fredonoccitanie.com\/jevi\/wp-json\/wp\/v2\/posts\/18905","targetHints":{"allow":["GET"]}}],"collection":[{"href":"https:\/\/www.fredonoccitanie.com\/jevi\/wp-json\/wp\/v2\/posts"}],"about":[{"href":"https:\/\/www.fredonoccitanie.com\/jevi\/wp-json\/wp\/v2\/types\/post"}],"author":[{"embeddable":true,"href":"https:\/\/www.fredonoccitanie.com\/jevi\/wp-json\/wp\/v2\/users\/22"}],"replies":[{"embeddable":true,"href":"https:\/\/www.fredonoccitanie.com\/jevi\/wp-json\/wp\/v2\/comments?post=18905"}],"version-history":[{"count":6,"href":"https:\/\/www.fredonoccitanie.com\/jevi\/wp-json\/wp\/v2\/posts\/18905\/revisions"}],"predecessor-version":[{"id":18912,"href":"https:\/\/www.fredonoccitanie.com\/jevi\/wp-json\/wp\/v2\/posts\/18905\/revisions\/18912"}],"wp:featuredmedia":[{"embeddable":true,"href":"https:\/\/www.fredonoccitanie.com\/jevi\/wp-json\/wp\/v2\/media\/18908"}],"wp:attachment":[{"href":"https:\/\/www.fredonoccitanie.com\/jevi\/wp-json\/wp\/v2\/media?parent=18905"}],"wp:term":[{"taxonomy":"category","embeddable":true,"href":"https:\/\/www.fredonoccitanie.com\/jevi\/wp-json\/wp\/v2\/categories?post=18905"},{"taxonomy":"post_tag","embeddable":true,"href":"https:\/\/www.fredonoccitanie.com\/jevi\/wp-json\/wp\/v2\/tags?post=18905"}],"curies":[{"name":"wp","href":"https:\/\/api.w.org\/{rel}","templated":true}]}}