{"id":18814,"date":"2026-03-13T15:22:35","date_gmt":"2026-03-13T14:22:35","guid":{"rendered":"https:\/\/www.fredonoccitanie.com\/jevi\/?p=18814"},"modified":"2026-03-13T15:22:35","modified_gmt":"2026-03-13T14:22:35","slug":"la-lettre-jevi-2","status":"publish","type":"post","link":"https:\/\/www.fredonoccitanie.com\/jevi\/2026\/03\/13\/la-lettre-jevi-2\/","title":{"rendered":"La lettre JEVI #2"},"content":{"rendered":"<div>\r\n<h1>Retrouvez les actualit\u00e9s du r\u00e9seau dans la lettre #2 2026<\/h1>\r\nRetrouvez dans cette lettre d&rsquo;information toutes les actus du r\u00e9seau JEVI.<\/div>\r\n<!-- \/wp:post-content -->\r\n\r\n<!-- wp:paragraph -->\r\n<p>&nbsp;<\/p>\r\n<h4><a href=\"https:\/\/ap81k.r.sp1-brevo.net\/mk\/mr\/sh\/OycXxko2a8zXNWXpMniWLyPW\/2HrS1b7trYdZ\"><em><strong>&gt;&gt;Voir la Lettre JEVI 2026 #2 &lt;&lt;<\/strong><\/em><\/a><\/h4>\r\n<h4><strong><em><a href=\"https:\/\/www.fredonoccitanie.com\/jevi\/ressources\/newsletters\/\">&gt;&gt;S&rsquo;inscrire \u00e0 la lettre du r\u00e9seau JEVI&lt;&lt;<\/a><\/em><\/strong><\/h4>\r\n<p>Cr\u00e9dit image : FREDON Occitanie<\/p>","protected":false},"excerpt":{"rendered":"<p>Retrouvez les actualit\u00e9s du r\u00e9seau dans la lettre #2 2026 Retrouvez dans cette lettre d&rsquo;information toutes les actus du r\u00e9seau JEVI. &nbsp; &gt;&gt;Voir la Lettre JEVI 2026 #2 &lt;&lt; &gt;&gt;S&rsquo;inscrire \u00e0 la lettre du r\u00e9seau JEVI&lt;&lt; Cr\u00e9dit image : FREDON Occitanie<\/p>\n","protected":false},"author":14,"featured_media":18819,"comment_status":"closed","ping_status":"closed","sticky":false,"template":"","format":"standard","meta":{"footnotes":""},"categories":[8,13],"tags":[],"class_list":["post-18814","post","type-post","status-publish","format-standard","has-post-thumbnail","hentry","category-jevi","category-lettres-jevi"],"_links":{"self":[{"href":"https:\/\/www.fredonoccitanie.com\/jevi\/wp-json\/wp\/v2\/posts\/18814","targetHints":{"allow":["GET"]}}],"collection":[{"href":"https:\/\/www.fredonoccitanie.com\/jevi\/wp-json\/wp\/v2\/posts"}],"about":[{"href":"https:\/\/www.fredonoccitanie.com\/jevi\/wp-json\/wp\/v2\/types\/post"}],"author":[{"embeddable":true,"href":"https:\/\/www.fredonoccitanie.com\/jevi\/wp-json\/wp\/v2\/users\/14"}],"replies":[{"embeddable":true,"href":"https:\/\/www.fredonoccitanie.com\/jevi\/wp-json\/wp\/v2\/comments?post=18814"}],"version-history":[{"count":2,"href":"https:\/\/www.fredonoccitanie.com\/jevi\/wp-json\/wp\/v2\/posts\/18814\/revisions"}],"predecessor-version":[{"id":18820,"href":"https:\/\/www.fredonoccitanie.com\/jevi\/wp-json\/wp\/v2\/posts\/18814\/revisions\/18820"}],"wp:featuredmedia":[{"embeddable":true,"href":"https:\/\/www.fredonoccitanie.com\/jevi\/wp-json\/wp\/v2\/media\/18819"}],"wp:attachment":[{"href":"https:\/\/www.fredonoccitanie.com\/jevi\/wp-json\/wp\/v2\/media?parent=18814"}],"wp:term":[{"taxonomy":"category","embeddable":true,"href":"https:\/\/www.fredonoccitanie.com\/jevi\/wp-json\/wp\/v2\/categories?post=18814"},{"taxonomy":"post_tag","embeddable":true,"href":"https:\/\/www.fredonoccitanie.com\/jevi\/wp-json\/wp\/v2\/tags?post=18814"}],"curies":[{"name":"wp","href":"https:\/\/api.w.org\/{rel}","templated":true}]}}