{"id":18785,"date":"2026-03-25T10:13:11","date_gmt":"2026-03-25T09:13:11","guid":{"rendered":"https:\/\/www.fredonoccitanie.com\/jevi\/?p=18785"},"modified":"2026-04-30T10:25:31","modified_gmt":"2026-04-30T08:25:31","slug":"webinaire-jevi-lacharteenegagepourlevegetal_4eme_edition","status":"publish","type":"post","link":"https:\/\/www.fredonoccitanie.com\/jevi\/2026\/03\/25\/webinaire-jevi-lacharteenegagepourlevegetal_4eme_edition\/","title":{"rendered":"[WEBINAIRE JEVI #1] &#8211; 05\/06\/26 -11h\/12h &#8211; La charte \u00abEngag\u00e9 pour le v\u00e9g\u00e9tal\u00bb : faire partie de la 4\u00e8me \u00e9dition !"},"content":{"rendered":"<h2 style=\"text-align: center\">1h pour conna\u00eetre le dispositif et pr\u00e9parer sa candidature<\/h2>\n<p>&nbsp;<\/p>\n<p style=\"text-align: center\"><strong>Vendredi 5 juin\u2013 11h00 \u2013 12h00<\/strong><\/p>\n<p style=\"text-align: center\"><strong>Dur\u00e9e 1h<\/strong><\/p>\n<p style=\"text-align: center\"><img loading=\"lazy\" decoding=\"async\" class=\"alignnone wp-image-18921\" src=\"https:\/\/www.fredonoccitanie.com\/jevi\/wp-content\/uploads\/sites\/2\/2026\/03\/bandeau-1-300x74.png\" alt=\"\" width=\"742\" height=\"183\" srcset=\"https:\/\/www.fredonoccitanie.com\/jevi\/wp-content\/uploads\/sites\/2\/2026\/03\/bandeau-1-300x74.png 300w, https:\/\/www.fredonoccitanie.com\/jevi\/wp-content\/uploads\/sites\/2\/2026\/03\/bandeau-1-1030x253.png 1030w, https:\/\/www.fredonoccitanie.com\/jevi\/wp-content\/uploads\/sites\/2\/2026\/03\/bandeau-1-768x188.png 768w, https:\/\/www.fredonoccitanie.com\/jevi\/wp-content\/uploads\/sites\/2\/2026\/03\/bandeau-1-1536x377.png 1536w, https:\/\/www.fredonoccitanie.com\/jevi\/wp-content\/uploads\/sites\/2\/2026\/03\/bandeau-1-1500x368.png 1500w, https:\/\/www.fredonoccitanie.com\/jevi\/wp-content\/uploads\/sites\/2\/2026\/03\/bandeau-1-705x173.png 705w, https:\/\/www.fredonoccitanie.com\/jevi\/wp-content\/uploads\/sites\/2\/2026\/03\/bandeau-1.png 1701w\" sizes=\"auto, (max-width: 742px) 100vw, 742px\" \/><\/p>\n<p>&nbsp;<\/p>\n<p style=\"text-align: center\"><strong><a href=\"https:\/\/events.teams.microsoft.com\/event\/98d2fca1-5441-4adf-b960-86ee6c855268@b0fdaa19-01d3-42ac-841c-fc2224719063\">&gt;&gt; S&rsquo;INSCRIRE AU WEBINAIRE &lt;&lt;<\/a><\/strong><\/p>\n<p style=\"text-align: center\"><strong>Gratuit et en acc\u00e8s libre<\/strong><\/p>\n<ul>\n<li><strong>OBJECTIF DU WEBINAIRE <\/strong>: Pr\u00e9senter le dispositif d&rsquo;accompagnement de la charte r\u00e9gionale Engag\u00e9 pour le v\u00e9g\u00e9tal et<strong>\u00a0<\/strong>apporter des r\u00e9ponses \u00e0 vos questions (modalit\u00e9s de candidatures, engagements, progression, accompagnement, communication&#8230;).<\/li>\n<\/ul>\n<p>&nbsp;<\/p>\n<ul>\n<li><strong>DEROULE<\/strong> :<\/li>\n<\/ul>\n<p>-Pr\u00e9sentation de la charte, ses engagements, les niveaux de progression, les modalit\u00e9s de candidature et d&rsquo;adh\u00e9sion&#8230; (30mn)<\/p>\n<p>-R\u00e9ponses aux questions (15mn)<\/p>\n<p>-Pr\u00e9sentation du centre de ressources JEVI (10mn)<\/p>\n<p>&nbsp;<\/p>\n<ul>\n<li><strong>PUBLICS CONCERNES <\/strong>: collectivit\u00e9s en charge de la gestion d&rsquo;espaces v\u00e9g\u00e9talis\u00e9s (communes, intercommunalit\u00e9s, D\u00e9partements), structures de tourisme et de loisir gestionnaires d&rsquo;espaces v\u00e9g\u00e9talis\u00e9s (campings, villages vacances), lyc\u00e9e agricole ayant en gestion les espaces v\u00e9g\u00e9talis\u00e9s de l&rsquo;\u00e9tablissement.<\/li>\n<\/ul>\n<p>&nbsp;<\/p>\n<ul>\n<li><strong>ENGAGE POUR LE VEGETAL, C&rsquo;EST QUOI ?<\/strong><\/li>\n<\/ul>\n<p><strong>\u00ab\u00a0Engag\u00e9 pour le v\u00e9g\u00e9tal\u00a0\u00bb<\/strong> est une charte d\u2019engagement \u00e0 l\u2019attention des gestionnaires d\u2019espaces v\u00e9g\u00e9talis\u00e9s d\u2019Occitanie.<\/p>\n<p><strong>La v\u00e9g\u00e9talisation et les bonnes pratiques entourant la gestion du v\u00e9g\u00e9tal et son d\u00e9ploiement se placent au c\u0153ur de cet outil.\u00a0<\/strong><\/p>\n<p>Elle propose aux gestionnaires signataires<strong> un cadre technique et m\u00e9thodologique<\/strong> pour la mise en \u0153uvre de<strong>\u00a0solutions \u00e9cologiques, efficaces, p\u00e9rennes en fonction des usages et des moyens mobilisables<\/strong>.<\/p>\n<p>Elle s\u2019articule autour de <strong>12 engagements cl\u00e9s<\/strong> pour une gestion respectueuse de la sant\u00e9, de l\u2019environnement et des territoires !<\/p>\n<p>Adh\u00e9rer \u00e0 la charte Engag\u00e9 pour le v\u00e9g\u00e9tal est gratuit.<\/p>\n<p>&nbsp;<\/p>\n<p><strong>Intervenants :<\/strong><\/p>\n<p>-Florian Martel et Sophie Albespy, charg\u00e9s de mission environnement en JEVI et animateurs du r\u00e9seau JEVI en Occitanie<\/p>\n<p>&nbsp;<\/p>\n<p style=\"text-align: center\"><strong><a href=\"https:\/\/events.teams.microsoft.com\/event\/98d2fca1-5441-4adf-b960-86ee6c855268@b0fdaa19-01d3-42ac-841c-fc2224719063\">&gt;&gt; S&rsquo;INSCRIRE AU WEBINAIRE &lt;&lt;<\/a><\/strong><\/p>\n<p>&nbsp;<\/p>\n<p><strong>En attendant, consultez la <a href=\"https:\/\/www.fredonoccitanie.com\/jevi\/charte-regionale-engage-pour-le-vegetal\/\">page de la charte<\/a> pour en d\u00e9couvrir le contenu\u00a0!<\/strong><\/p>\n<p>&nbsp;<\/p>\n<p><img loading=\"lazy\" decoding=\"async\" class=\"wp-image-18790 aligncenter\" src=\"https:\/\/www.fredonoccitanie.com\/jevi\/wp-content\/uploads\/sites\/2\/2026\/03\/26_Frise_logo-300x51.png\" alt=\"\" width=\"700\" height=\"119\" srcset=\"https:\/\/www.fredonoccitanie.com\/jevi\/wp-content\/uploads\/sites\/2\/2026\/03\/26_Frise_logo-300x51.png 300w, https:\/\/www.fredonoccitanie.com\/jevi\/wp-content\/uploads\/sites\/2\/2026\/03\/26_Frise_logo-1030x175.png 1030w, https:\/\/www.fredonoccitanie.com\/jevi\/wp-content\/uploads\/sites\/2\/2026\/03\/26_Frise_logo-768x131.png 768w, https:\/\/www.fredonoccitanie.com\/jevi\/wp-content\/uploads\/sites\/2\/2026\/03\/26_Frise_logo-1536x261.png 1536w, https:\/\/www.fredonoccitanie.com\/jevi\/wp-content\/uploads\/sites\/2\/2026\/03\/26_Frise_logo-2048x349.png 2048w, https:\/\/www.fredonoccitanie.com\/jevi\/wp-content\/uploads\/sites\/2\/2026\/03\/26_Frise_logo-1500x255.png 1500w, https:\/\/www.fredonoccitanie.com\/jevi\/wp-content\/uploads\/sites\/2\/2026\/03\/26_Frise_logo-705x120.png 705w\" sizes=\"auto, (max-width: 700px) 100vw, 700px\" \/><\/p>\n<p>Sources : FREDON Occitanie<\/p>\n","protected":false},"excerpt":{"rendered":"<p>1h pour conna\u00eetre le dispositif et pr\u00e9parer sa candidature &nbsp; Vendredi 5 juin\u2013 11h00 \u2013 12h00 Dur\u00e9e 1h &nbsp; &gt;&gt; S&rsquo;INSCRIRE AU WEBINAIRE &lt;&lt; Gratuit et en acc\u00e8s libre OBJECTIF DU WEBINAIRE : Pr\u00e9senter le dispositif d&rsquo;accompagnement de la charte r\u00e9gionale Engag\u00e9 pour le v\u00e9g\u00e9tal et\u00a0apporter des r\u00e9ponses \u00e0 vos questions (modalit\u00e9s de candidatures, engagements, [&hellip;]<\/p>\n","protected":false},"author":22,"featured_media":18930,"comment_status":"closed","ping_status":"closed","sticky":false,"template":"","format":"standard","meta":{"footnotes":""},"categories":[11],"tags":[],"class_list":["post-18785","post","type-post","status-publish","format-standard","has-post-thumbnail","hentry","category-agenda-jevi"],"_links":{"self":[{"href":"https:\/\/www.fredonoccitanie.com\/jevi\/wp-json\/wp\/v2\/posts\/18785","targetHints":{"allow":["GET"]}}],"collection":[{"href":"https:\/\/www.fredonoccitanie.com\/jevi\/wp-json\/wp\/v2\/posts"}],"about":[{"href":"https:\/\/www.fredonoccitanie.com\/jevi\/wp-json\/wp\/v2\/types\/post"}],"author":[{"embeddable":true,"href":"https:\/\/www.fredonoccitanie.com\/jevi\/wp-json\/wp\/v2\/users\/22"}],"replies":[{"embeddable":true,"href":"https:\/\/www.fredonoccitanie.com\/jevi\/wp-json\/wp\/v2\/comments?post=18785"}],"version-history":[{"count":5,"href":"https:\/\/www.fredonoccitanie.com\/jevi\/wp-json\/wp\/v2\/posts\/18785\/revisions"}],"predecessor-version":[{"id":18931,"href":"https:\/\/www.fredonoccitanie.com\/jevi\/wp-json\/wp\/v2\/posts\/18785\/revisions\/18931"}],"wp:featuredmedia":[{"embeddable":true,"href":"https:\/\/www.fredonoccitanie.com\/jevi\/wp-json\/wp\/v2\/media\/18930"}],"wp:attachment":[{"href":"https:\/\/www.fredonoccitanie.com\/jevi\/wp-json\/wp\/v2\/media?parent=18785"}],"wp:term":[{"taxonomy":"category","embeddable":true,"href":"https:\/\/www.fredonoccitanie.com\/jevi\/wp-json\/wp\/v2\/categories?post=18785"},{"taxonomy":"post_tag","embeddable":true,"href":"https:\/\/www.fredonoccitanie.com\/jevi\/wp-json\/wp\/v2\/tags?post=18785"}],"curies":[{"name":"wp","href":"https:\/\/api.w.org\/{rel}","templated":true}]}}