{"id":18758,"date":"2026-03-11T15:16:05","date_gmt":"2026-03-11T14:16:05","guid":{"rendered":"https:\/\/www.fredonoccitanie.com\/jevi\/?p=18758"},"modified":"2026-03-11T15:25:55","modified_gmt":"2026-03-11T14:25:55","slug":"atelier-18-04-26-gerer-de-maniere-raisonne-les-espaces-vegetalises-en-coproprietes-montpellier-34","status":"publish","type":"post","link":"https:\/\/www.fredonoccitanie.com\/jevi\/2026\/03\/11\/atelier-18-04-26-gerer-de-maniere-raisonne-les-espaces-vegetalises-en-coproprietes-montpellier-34\/","title":{"rendered":"[ATELIER] &#8211; 18\/04\/26 &#8211; G\u00e9rer de mani\u00e8re raisonn\u00e9 les espaces v\u00e9g\u00e9talis\u00e9s en copropri\u00e9t\u00e9s &#8211; Montpellier (34)"},"content":{"rendered":"<section  class='av_textblock_section av-mmm2y02v-74d903d249cfce883b73f33324957c8b '   itemscope=\"itemscope\" itemtype=\"https:\/\/schema.org\/BlogPosting\" itemprop=\"blogPost\" ><div class='avia_textblock'  itemprop=\"text\" ><p>Pour la 3\u00e8me ann\u00e9e cons\u00e9cutive, l&rsquo;<strong>Agence Locale de l&rsquo;Energie et du Climat (ALEC) Montpellier M\u00e9tropole<\/strong> et <strong>FREDON Occitanie<\/strong> organisent un atelier \u00e0 destination des conseils syndicaux et habitants de copropri\u00e9t\u00e9s.<\/p>\n\n<style type=\"text\/css\" data-created_by=\"avia_inline_auto\" id=\"style-css-av-av_hr-02349c1beab2949c090bc0e85b87d63d\">\n#top .hr.hr-invisible.av-av_hr-02349c1beab2949c090bc0e85b87d63d{\nheight:20px;\n}\n<\/style>\n<div  class='hr av-av_hr-02349c1beab2949c090bc0e85b87d63d hr-invisible  avia-builder-el-1  el_before_av_hr  avia-builder-el-first '><span class='hr-inner '><span class=\"hr-inner-style\"><\/span><\/span><\/div>\n<p><strong>Objectif<\/strong> : Sensibiliser les habitants de copropri\u00e9t\u00e9s \u00e0 g\u00e9rer de mani\u00e8re raisonn\u00e9e leurs espaces v\u00e9g\u00e9talis\u00e9s<\/p>\n<p><strong>Date<\/strong> : le samedi 18 avril 10h-12h<\/p>\n<p><strong>Lieu :<\/strong> Copropri\u00e9t\u00e9 Cit\u00e9 Fleurie \u00e0 Montpellier (34)<\/p>\n\n<style type=\"text\/css\" data-created_by=\"avia_inline_auto\" id=\"style-css-av-av_hr-02349c1beab2949c090bc0e85b87d63d\">\n#top .hr.hr-invisible.av-av_hr-02349c1beab2949c090bc0e85b87d63d{\nheight:20px;\n}\n<\/style>\n<div  class='hr av-av_hr-02349c1beab2949c090bc0e85b87d63d hr-invisible  avia-builder-el-2  el_after_av_hr  el_before_av_hr '><span class='hr-inner '><span class=\"hr-inner-style\"><\/span><\/span><\/div>\n<h3 style=\"text-align: center\"><a href=\"https:\/\/www.alec-montpellier.org\/evenement\/espaces-verts-copropriete\/\">&lt;&lt; S&rsquo;inscrire \u00e0 l&rsquo;atelier ! &gt;&gt;<\/a><\/h3>\n\n<style type=\"text\/css\" data-created_by=\"avia_inline_auto\" id=\"style-css-av-av_hr-0d26c67d8d91c8a850950c746ed41804\">\n#top .hr.hr-invisible.av-av_hr-0d26c67d8d91c8a850950c746ed41804{\nheight:50px;\n}\n<\/style>\n<div  class='hr av-av_hr-0d26c67d8d91c8a850950c746ed41804 hr-invisible  avia-builder-el-3  el_after_av_hr  avia-builder-el-last '><span class='hr-inner '><span class=\"hr-inner-style\"><\/span><\/span><\/div>\n<\/div><\/section>\n\n<style type=\"text\/css\" data-created_by=\"avia_inline_auto\" id=\"style-css-av-mmm44fxi-d665eac41ae74c1c3d1862dc3d654d6b\">\n@keyframes av_boxShadowEffect_av-mmm44fxi-d665eac41ae74c1c3d1862dc3d654d6b {\n0%   { box-shadow:  0 0 0 0 ; opacity: 1; }\n100% { box-shadow:  0 0 5px 0 ; opacity: 1; }\n}\n.avia-image-container.av-mmm44fxi-d665eac41ae74c1c3d1862dc3d654d6b img.avia_image{\nbox-shadow: 0 0 5px 0 ;\n}\n.avia-image-container.av-mmm44fxi-d665eac41ae74c1c3d1862dc3d654d6b .av-image-caption-overlay-center{\ncolor:#ffffff;\n}\n<\/style>\n<div  class='avia-image-container av-mmm44fxi-d665eac41ae74c1c3d1862dc3d654d6b av-styling- av-img-linked avia-align-center  avia-builder-el-4  el_after_av_textblock  avia-builder-el-last  av-img-box-shadow av-box-shadow-not-animated'   itemprop=\"image\" itemscope=\"itemscope\" itemtype=\"https:\/\/schema.org\/ImageObject\" ><div class=\"avia-image-container-inner\"><div class=\"avia-image-overlay-wrap\"><a href=\"https:\/\/www.alec-montpellier.org\/evenement\/espaces-verts-copropriete\/\" class='avia_image '  target=\"_blank\"  rel=\"noopener noreferrer\" aria-label='Capture d\u2019\u00e9cran 2026-03-11 150621'><img decoding=\"async\" fetchpriority=\"high\" class='wp-image-18796 avia-img-lazy-loading-not-18796 avia_image shadow-not-animated' src=\"https:\/\/www.fredonoccitanie.com\/jevi\/wp-content\/uploads\/sites\/2\/2026\/03\/Capture-decran-2026-03-11-150621.png\" alt='' title='Capture d\u2019\u00e9cran 2026-03-11 150621'  height=\"935\" width=\"662\"  itemprop=\"thumbnailUrl\" srcset=\"https:\/\/www.fredonoccitanie.com\/jevi\/wp-content\/uploads\/sites\/2\/2026\/03\/Capture-decran-2026-03-11-150621.png 662w, https:\/\/www.fredonoccitanie.com\/jevi\/wp-content\/uploads\/sites\/2\/2026\/03\/Capture-decran-2026-03-11-150621-212x300.png 212w, https:\/\/www.fredonoccitanie.com\/jevi\/wp-content\/uploads\/sites\/2\/2026\/03\/Capture-decran-2026-03-11-150621-499x705.png 499w\" sizes=\"(max-width: 662px) 100vw, 662px\" \/><\/a><\/div><\/div><\/div>\n","protected":false},"excerpt":{"rendered":"","protected":false},"author":14,"featured_media":18800,"comment_status":"closed","ping_status":"closed","sticky":false,"template":"","format":"standard","meta":{"footnotes":""},"categories":[11],"tags":[],"class_list":["post-18758","post","type-post","status-publish","format-standard","has-post-thumbnail","hentry","category-agenda-jevi"],"_links":{"self":[{"href":"https:\/\/www.fredonoccitanie.com\/jevi\/wp-json\/wp\/v2\/posts\/18758","targetHints":{"allow":["GET"]}}],"collection":[{"href":"https:\/\/www.fredonoccitanie.com\/jevi\/wp-json\/wp\/v2\/posts"}],"about":[{"href":"https:\/\/www.fredonoccitanie.com\/jevi\/wp-json\/wp\/v2\/types\/post"}],"author":[{"embeddable":true,"href":"https:\/\/www.fredonoccitanie.com\/jevi\/wp-json\/wp\/v2\/users\/14"}],"replies":[{"embeddable":true,"href":"https:\/\/www.fredonoccitanie.com\/jevi\/wp-json\/wp\/v2\/comments?post=18758"}],"version-history":[{"count":3,"href":"https:\/\/www.fredonoccitanie.com\/jevi\/wp-json\/wp\/v2\/posts\/18758\/revisions"}],"predecessor-version":[{"id":18799,"href":"https:\/\/www.fredonoccitanie.com\/jevi\/wp-json\/wp\/v2\/posts\/18758\/revisions\/18799"}],"wp:featuredmedia":[{"embeddable":true,"href":"https:\/\/www.fredonoccitanie.com\/jevi\/wp-json\/wp\/v2\/media\/18800"}],"wp:attachment":[{"href":"https:\/\/www.fredonoccitanie.com\/jevi\/wp-json\/wp\/v2\/media?parent=18758"}],"wp:term":[{"taxonomy":"category","embeddable":true,"href":"https:\/\/www.fredonoccitanie.com\/jevi\/wp-json\/wp\/v2\/categories?post=18758"},{"taxonomy":"post_tag","embeddable":true,"href":"https:\/\/www.fredonoccitanie.com\/jevi\/wp-json\/wp\/v2\/tags?post=18758"}],"curies":[{"name":"wp","href":"https:\/\/api.w.org\/{rel}","templated":true}]}}