{"id":18734,"date":"2026-04-10T10:10:47","date_gmt":"2026-04-10T08:10:47","guid":{"rendered":"https:\/\/www.fredonoccitanie.com\/jevi\/?p=18734"},"modified":"2026-04-14T12:10:15","modified_gmt":"2026-04-14T10:10:15","slug":"journee-technique-16-04-26-sapprovisionner-en-semences-sauvages-pour-les-amenagements-urbains","status":"publish","type":"post","link":"https:\/\/www.fredonoccitanie.com\/jevi\/2026\/04\/10\/journee-technique-16-04-26-sapprovisionner-en-semences-sauvages-pour-les-amenagements-urbains\/","title":{"rendered":"[Journ\u00e9e technique] &#8211; 16\/04\/26 &#8211;  S\u2019approvisionner en semences sauvages pour les am\u00e9nagements urbains"},"content":{"rendered":"<h1 style=\"text-align: center\">3\u00e8me rencontre FloRE<br \/>\n16 AVRIL 2026 \u00e0 Montpellier (Domaine la Valette)<\/h1>\n<p>L\u2019association <strong>FAB\u2019LIM, le CEN Occitanie, FREDON Occitanie, l\u2019association Hortis et la Ville de Montpellier<\/strong> s\u2019associent pour organiser une journ\u00e9e technique d\u00e9di\u00e9e \u00e0 <strong>l\u2019approvisionnement en v\u00e9g\u00e9taux sauvages locaux (herbac\u00e9es) et \u00e0 leur utilisation en contexte urbain \/ p\u00e9riurbain.\u00a0<\/strong><\/p>\n<h6 style=\"text-align: center\"><a href=\"https:\/\/framaforms.org\/semences-sauvages-locales-pour-lamenagement-urbain-ou-pourquoi-comment-1772651370\"><strong>\u00a0&gt;&gt;FORMULAIRE D&rsquo;INSCRIPTION\u00a0&lt;&lt;<\/strong><\/a><\/h6>\n<p><a href=\"https:\/\/framaforms.org\/semences-sauvages-locales-pour-lamenagement-urbain-ou-pourquoi-comment-1772651370\"><img loading=\"lazy\" decoding=\"async\" class=\"aligncenter wp-image-18739\" src=\"https:\/\/www.fredonoccitanie.com\/jevi\/wp-content\/uploads\/sites\/2\/2026\/03\/Capture-decran-2026-03-06-100642.png\" alt=\"\" width=\"332\" height=\"225\" \/><\/a><\/p>\n<ul>\n<li><strong>Date et horaires :<\/strong> jeudi 16 avril &#8211; 9h \/ 16h30<\/li>\n<li><strong>Lieu<\/strong> : Ancien Orphelinat Henri de Lunaret &#8211; Google\u00a0Maps<\/li>\n<li><strong>Public cible<\/strong> : \u00a0toute structure ou personne concern\u00e9e par la production, le conseil, la prescription, l\u2019achat de semences ou la gestion des espaces v\u00e9g\u00e9talis\u00e9s en milieu urbain.<\/li>\n<li><strong>Inscription avant le 7 avril<\/strong> (nombre de place limit\u00e9es \u00e0 35) :<strong><a href=\"https:\/\/framaforms.org\/semences-sauvages-locales-pour-lamenagement-urbain-ou-pourquoi-comment-1772651370\"> Formulaire d&rsquo;inscription<\/a><\/strong><\/li>\n<li><strong>Repas pris en charge<\/strong> dans le cadre du projet europ\u00e9en SUDOE FLoRE<\/li>\n<\/ul>\n<p><strong>Programme pr\u00e9visionnel (consultez le <a href=\"https:\/\/drive.google.com\/file\/d\/1GR9pcZgJON7Y-PODhyb9xXgoQPY96RQN\/view\">Programme complet<\/a>) :<\/strong><\/p>\n<ul>\n<li><strong>La matin\u00e9e,<\/strong> consacr\u00e9e \u00e0 l\u2019approvisionnement en semences sauvages locales pour l\u2019am\u00e9nagement urbain \/ p\u00e9riurbain, s\u2019articulera autour d\u2019un cas r\u00e9el, \u00e0 savoir la v\u00e9g\u00e9talisation du parking de La Valette dans le cadre de l\u2019am\u00e9nagement du Grand Parc de Lunaret (Montpellier).<\/li>\n<li><strong>L\u2019apr\u00e8s-midi <\/strong>sera d\u00e9di\u00e9 aux diff\u00e9rentes techniques de restaurations \u00e9cologiques impliquant des semences sauvages et fera la part belle aux retours d\u2019exp\u00e9rience (Biarritz, Aigues Mortes\u2026).<\/li>\n<\/ul>\n<p><strong>&gt;&gt; Consulter le <a href=\"https:\/\/drive.google.com\/file\/d\/1GR9pcZgJON7Y-PODhyb9xXgoQPY96RQN\/view\">Programme complet<\/a><\/strong><\/p>\n<p>Cette initiative s&rsquo;inscrit dans le cadre du projet europ\u00e9en SUDOE FLoRE (2024-2026) qui vise \u00e0 d\u00e9velopper le recours au semences sauvages locales pour restaurer diff\u00e9rents types de milieux ouverts d\u00e9grad\u00e9s. Un volet du projet consiste \u00e0 accompagner les acteurs de cette fili\u00e8re naissante vers les changements de pratiques induits.<\/p>\n","protected":false},"excerpt":{"rendered":"<p>3\u00e8me rencontre FloRE 16 AVRIL 2026 \u00e0 Montpellier (Domaine la Valette) L\u2019association FAB\u2019LIM, le CEN Occitanie, FREDON Occitanie, l\u2019association Hortis et la Ville de Montpellier s\u2019associent pour organiser une journ\u00e9e technique d\u00e9di\u00e9e \u00e0 l\u2019approvisionnement en v\u00e9g\u00e9taux sauvages locaux (herbac\u00e9es) et \u00e0 leur utilisation en contexte urbain \/ p\u00e9riurbain.\u00a0 \u00a0&gt;&gt;FORMULAIRE D&rsquo;INSCRIPTION\u00a0&lt;&lt; Date et horaires : jeudi [&hellip;]<\/p>\n","protected":false},"author":14,"featured_media":18742,"comment_status":"closed","ping_status":"closed","sticky":false,"template":"","format":"standard","meta":{"footnotes":""},"categories":[3,11],"tags":[],"class_list":["post-18734","post","type-post","status-publish","format-standard","has-post-thumbnail","hentry","category-agenda-fredon","category-agenda-jevi"],"_links":{"self":[{"href":"https:\/\/www.fredonoccitanie.com\/jevi\/wp-json\/wp\/v2\/posts\/18734","targetHints":{"allow":["GET"]}}],"collection":[{"href":"https:\/\/www.fredonoccitanie.com\/jevi\/wp-json\/wp\/v2\/posts"}],"about":[{"href":"https:\/\/www.fredonoccitanie.com\/jevi\/wp-json\/wp\/v2\/types\/post"}],"author":[{"embeddable":true,"href":"https:\/\/www.fredonoccitanie.com\/jevi\/wp-json\/wp\/v2\/users\/14"}],"replies":[{"embeddable":true,"href":"https:\/\/www.fredonoccitanie.com\/jevi\/wp-json\/wp\/v2\/comments?post=18734"}],"version-history":[{"count":5,"href":"https:\/\/www.fredonoccitanie.com\/jevi\/wp-json\/wp\/v2\/posts\/18734\/revisions"}],"predecessor-version":[{"id":18915,"href":"https:\/\/www.fredonoccitanie.com\/jevi\/wp-json\/wp\/v2\/posts\/18734\/revisions\/18915"}],"wp:featuredmedia":[{"embeddable":true,"href":"https:\/\/www.fredonoccitanie.com\/jevi\/wp-json\/wp\/v2\/media\/18742"}],"wp:attachment":[{"href":"https:\/\/www.fredonoccitanie.com\/jevi\/wp-json\/wp\/v2\/media?parent=18734"}],"wp:term":[{"taxonomy":"category","embeddable":true,"href":"https:\/\/www.fredonoccitanie.com\/jevi\/wp-json\/wp\/v2\/categories?post=18734"},{"taxonomy":"post_tag","embeddable":true,"href":"https:\/\/www.fredonoccitanie.com\/jevi\/wp-json\/wp\/v2\/tags?post=18734"}],"curies":[{"name":"wp","href":"https:\/\/api.w.org\/{rel}","templated":true}]}}