{"id":18672,"date":"2026-03-25T10:12:21","date_gmt":"2026-03-25T09:12:21","guid":{"rendered":"https:\/\/www.fredonoccitanie.com\/jevi\/?p=18672"},"modified":"2026-04-20T13:35:58","modified_gmt":"2026-04-20T11:35:58","slug":"charte-engage-pour-le-vegetal-ouverture-des-inscriptions-pour-ledition-2026","status":"publish","type":"post","link":"https:\/\/www.fredonoccitanie.com\/jevi\/2026\/03\/25\/charte-engage-pour-le-vegetal-ouverture-des-inscriptions-pour-ledition-2026\/","title":{"rendered":"[CHARTE ENGAGE POUR LE VEGETAL] &#8211; Ouverture des inscriptions pour l&rsquo;\u00e9dition 2026 !"},"content":{"rendered":"<h1 style=\"text-align: center\">Adh\u00e9rez \u00e0 la charte Engag\u00e9 pour le v\u00e9g\u00e9tal<\/h1>\n<h1 style=\"text-align: center\">&#8211;<\/h1>\n<h1 style=\"text-align: center\">Edition 2026 &#8211; 4\u00e8me session<\/h1>\n<p>&nbsp;<\/p>\n<p style=\"text-align: center\">FREDON Occitanie est heureuse de vous annoncer <strong>l\u2019ouverture des candidatures \u00e0 la charte Engag\u00e9 pour le v\u00e9g\u00e9tal<\/strong> pour l&rsquo;\u00e9dition 2026 !<\/p>\n<p style=\"text-align: center\"><strong>Collectivit\u00e9s et structures de tourisme et de loisir<\/strong> : adh\u00e9rer c&rsquo;est b\u00e9n\u00e9ficier d&rsquo;un accompagnement technique et d&rsquo;un espace pour valoriser vos bonnes pratiques et une opportunit\u00e9 pour montrer votre volont\u00e9 de progresser pour des espaces v\u00e9g\u00e9talis\u00e9s p\u00e9rennes et en bonne sant\u00e9.<\/p>\n<p>&nbsp;<\/p>\n<p style=\"text-align: center\"><a href=\"https:\/\/www.fredonoccitanie.com\/jevi\/charte-regionale-engage-pour-le-vegetal\/\"><img loading=\"lazy\" decoding=\"async\" class=\"alignnone size-full wp-image-11998 aligncenter\" src=\"https:\/\/www.fredonoccitanie.com\/jevi\/wp-content\/uploads\/sites\/2\/2023\/03\/3Plan-de-travail-1.png\" alt=\"\" width=\"588\" height=\"291\" srcset=\"https:\/\/www.fredonoccitanie.com\/jevi\/wp-content\/uploads\/sites\/2\/2023\/03\/3Plan-de-travail-1.png 588w, https:\/\/www.fredonoccitanie.com\/jevi\/wp-content\/uploads\/sites\/2\/2023\/03\/3Plan-de-travail-1-300x148.png 300w\" sizes=\"auto, (max-width: 588px) 100vw, 588px\" \/><\/a><\/p>\n<h3 style=\"text-align: center\">&gt;&gt; Candidatures ouvertes du 1er mars 2026 au 31 juillet 2026 &lt;&lt;<\/h3>\n<p style=\"text-align: center\"><strong>\/! PLACES LIMIT\u00c9ES !\\<\/strong><\/p>\n<p style=\"text-align: center\"><a href=\"https:\/\/www.fredonoccitanie.com\/jevi\/charte-regionale-engage-pour-le-vegetal\/\"><strong>&gt;&gt; CANDIDATEZ SUR LA PAGE D\u00c9DI\u00c9E \u00c0 ENGAG\u00c9 POUR LE V\u00c9G\u00c9TAL &lt;&lt;<\/strong><\/a><\/p>\n<h3>Vous y trouverez l\u2019ensemble des \u00e9l\u00e9ments n\u00e9cessaires pour candidater\u00a0:<\/h3>\n<ul>\n<li>Cahier des charges\u00a0;<\/li>\n<li>Formulaires de candidatures niveau 1, 2 et 3 format pdf, \u00e0 partager en \u00e9quipe avant la candidature en ligne finale ;<\/li>\n<li>Formulaire de candidature final \u00e0 compl\u00e9ter en ligne ;<\/li>\n<li>Mod\u00e8le de d\u00e9lib\u00e9ration (pour les collectivit\u00e9s) ;<\/li>\n<li>Mod\u00e8le de courrier d\u2019engagement (pour les gestionnaires d\u2019infrastructures touristiques et de loisirs ; et les gestionnaires d\u2019infrastructures lin\u00e9aires)<\/li>\n<\/ul>\n<h3>Pourquoi s\u2019engager pour le v\u00e9g\u00e9tal ?<\/h3>\n<p>Face aux enjeux actuels et \u00e0 venir : \u00e9volution de la r\u00e8glementation, baisse des moyens humains et financiers, risques du la sant\u00e9 humaine et environnementale, changement climatique et \u00e9rosion de la biodiversit\u00e9 en t\u00eate, le v\u00e9g\u00e9tal apporte de nombreux b\u00e9n\u00e9fices (am\u00e9lioration de la sant\u00e9 humaine et du bien-\u00eatre, accueil de la biodiversit\u00e9, perm\u00e9abilit\u00e9 des sols, r\u00e9gulation thermique, am\u00e9lioration paysag\u00e8re&#8230;). Ind\u00e9niable atout, le v\u00e9g\u00e9tal est pourtant sensible et fragile. Le g\u00e9rer de mani\u00e8re \u00e9quilibr\u00e9e permet alors d\u2019en tirer de nombreux b\u00e9n\u00e9fices.<\/p>\n<p>Apr\u00e8s 3 premi\u00e8res sessions d&rsquo;accompagnements r\u00e9ussis regroupant 114 adh\u00e9rents en Occitanie (voir la <a href=\"https:\/\/www.fredonoccitanie.com\/jevi\/carte-interactive-engage-pour-le-vegetal\/\">carte interactive des adh\u00e9rents<\/a>), la charte Engag\u00e9 pour le v\u00e9g\u00e9tal, anim\u00e9e par FREDON Occitanie et ses partenaires, revient pour proposer aux gestionnaires de Jardins Espaces V\u00e9g\u00e9talis\u00e9s et Infrastructures :<\/p>\n<ul>\n<li>Une d\u00e9marche progressive pour un changement de pratiques par \u00e9tapes\u00a0;<\/li>\n<li>Un accompagnement technique, gratuit et personnalis\u00e9 sur site et sur le long terme ;<\/li>\n<li>Une feuille de route de gestion des espaces v\u00e9g\u00e9talis\u00e9 bas\u00e9 sur 12 engagements concrets ;<\/li>\n<li>Une progression, en 3 niveaux, adapt\u00e9e \u00e0 ses moyens et ambitions.<\/li>\n<\/ul>\n<div id=\"attachment_18377\" style=\"width: 478px\" class=\"wp-caption aligncenter\"><a href=\"https:\/\/www.fredonoccitanie.com\/jevi\/carte-interactive-engage-pour-le-vegetal\/\"><img loading=\"lazy\" decoding=\"async\" aria-describedby=\"caption-attachment-18377\" class=\"wp-image-18377\" src=\"https:\/\/www.fredonoccitanie.com\/jevi\/wp-content\/uploads\/sites\/2\/2025\/12\/Image1-300x215.png\" alt=\"Carte des adh\u00e9rents de la charte : 2023, 2024 et 2025\" width=\"468\" height=\"336\" srcset=\"https:\/\/www.fredonoccitanie.com\/jevi\/wp-content\/uploads\/sites\/2\/2025\/12\/Image1-300x215.png 300w, https:\/\/www.fredonoccitanie.com\/jevi\/wp-content\/uploads\/sites\/2\/2025\/12\/Image1.png 605w\" sizes=\"auto, (max-width: 468px) 100vw, 468px\" \/><\/a><p id=\"caption-attachment-18377\" class=\"wp-caption-text\">Carte des adh\u00e9rents de la charte : 2023, 2024 et 2025<\/p><\/div>\n\n<style type=\"text\/css\" data-created_by=\"avia_inline_auto\" id=\"style-css-av-vv24hc-0ede28fa358f321747f5635bc848ca18\">\n#top .hr.hr-invisible.av-vv24hc-0ede28fa358f321747f5635bc848ca18{\nheight:30px;\n}\n<\/style>\n<div  class='hr av-vv24hc-0ede28fa358f321747f5635bc848ca18 hr-invisible  avia-builder-el-0  avia-builder-el-no-sibling '><span class='hr-inner '><span class=\"hr-inner-style\"><\/span><\/span><\/div>\n<h3>Comment candidater\u00a0\u00e0 la charte ?<\/h3>\n<p>En <strong>\u00e9quipe<\/strong>, prenez connaissance du <strong>cahier des charges<\/strong> et du <strong>formulaire de candidature en ligne<\/strong>. Identifiez le niveau pour lequel vous souhaitez candidater et d\u00e9lib\u00e9rez sur votre engagement en faveur du v\u00e9g\u00e9tal.<\/p>\n<p>Pour vous aider \u00e0 identifier le niveau sur lequel vous \u00eates m\u00fbrs pour candidater, <strong>un auto-diagnostic<\/strong> figure sur la premi\u00e8re partie du formulaire de candidature en ligne.<\/p>\n<p>Une fois ces \u00e9tapes remplies, saisissez et validez le formulaire de candidature en ligne.<\/p>\n<p style=\"text-align: center\"><a href=\"https:\/\/www.fredonoccitanie.com\/jevi\/charte-regionale-engage-pour-le-vegetal\/\"><strong>&gt;&gt; CANDIDATEZ SUR LA PAGE D\u00c9DI\u00c9E \u00c0 ENGAG\u00c9 POUR LE V\u00c9G\u00c9TAL &lt;&lt;<\/strong><\/a><\/p>\n<h3>Une question, un probl\u00e8me ?<\/h3>\n<p>L\u2019\u00e9quipe d\u2019animation du r\u00e9seau JEVI se tient \u00e0 votre disposition pour vous accompagner.<\/p>\n<p>N\u2019h\u00e9sitez pas \u00e0 nous contacter par mail ou par t\u00e9l\u00e9phone.<\/p>\n<p><strong>Besoin d&rsquo;infos ? Inscrivez vous au <a href=\"http:\/\/[WEBINAIRE JEVI #1] \u2013 28\/04\/26 -11h\/12h \u2013 La charte \u00abEngag\u00e9 pour le v\u00e9g\u00e9tal\u00bb : faire partie de la 4\u00e8me \u00e9dition ! \u2013 R\u00e9seau JEVI\">webinaire de pr\u00e9sentation de la charte<\/a> du vendredi 22 mai de 11h \u00e0 12h !<\/strong><\/p>\n<p><strong>\u00c9coutez les t\u00e9moignages des adh\u00e9rents 2023 <a href=\"https:\/\/www.youtube.com\/watch?v=a5s1SCqmg6E\">ici<\/a> !<\/strong><\/p>\n<p>&nbsp;<\/p>\n<h5 style=\"text-align: center\"><a href=\"https:\/\/www.fredonoccitanie.com\/jevi\/charte-regionale-engage-pour-le-vegetal\/\">Engagez-vous pour le v\u00e9g\u00e9tal avec la charte !<\/a><\/h5>\n<p><a href=\"https:\/\/www.fredonoccitanie.com\/jevi\/charte-regionale-engage-pour-le-vegetal\/\"><img loading=\"lazy\" decoding=\"async\" class=\"alignnone size-full wp-image-12437 aligncenter\" src=\"https:\/\/www.fredonoccitanie.com\/jevi\/wp-content\/uploads\/sites\/2\/2023\/04\/rainette_bord_rond@4x-8-e1682412677115.png\" alt=\"\" width=\"350\" height=\"172\" \/><\/a><\/p>\n<p>&nbsp;<\/p>\n<p>Source : FREDON Occitanie<\/p>\n","protected":false},"excerpt":{"rendered":"<p>Adh\u00e9rez \u00e0 la charte Engag\u00e9 pour le v\u00e9g\u00e9tal &#8211; Edition 2026 &#8211; 4\u00e8me session &nbsp; FREDON Occitanie est heureuse de vous annoncer l\u2019ouverture des candidatures \u00e0 la charte Engag\u00e9 pour le v\u00e9g\u00e9tal pour l&rsquo;\u00e9dition 2026 ! Collectivit\u00e9s et structures de tourisme et de loisir : adh\u00e9rer c&rsquo;est b\u00e9n\u00e9ficier d&rsquo;un accompagnement technique et d&rsquo;un espace pour [&hellip;]<\/p>\n","protected":false},"author":22,"featured_media":17092,"comment_status":"closed","ping_status":"closed","sticky":false,"template":"","format":"standard","meta":{"footnotes":""},"categories":[12,8,2],"tags":[],"class_list":["post-18672","post","type-post","status-publish","format-standard","has-post-thumbnail","hentry","category-a-la-une","category-jevi","category-actualites-fredon"],"_links":{"self":[{"href":"https:\/\/www.fredonoccitanie.com\/jevi\/wp-json\/wp\/v2\/posts\/18672","targetHints":{"allow":["GET"]}}],"collection":[{"href":"https:\/\/www.fredonoccitanie.com\/jevi\/wp-json\/wp\/v2\/posts"}],"about":[{"href":"https:\/\/www.fredonoccitanie.com\/jevi\/wp-json\/wp\/v2\/types\/post"}],"author":[{"embeddable":true,"href":"https:\/\/www.fredonoccitanie.com\/jevi\/wp-json\/wp\/v2\/users\/22"}],"replies":[{"embeddable":true,"href":"https:\/\/www.fredonoccitanie.com\/jevi\/wp-json\/wp\/v2\/comments?post=18672"}],"version-history":[{"count":5,"href":"https:\/\/www.fredonoccitanie.com\/jevi\/wp-json\/wp\/v2\/posts\/18672\/revisions"}],"predecessor-version":[{"id":18677,"href":"https:\/\/www.fredonoccitanie.com\/jevi\/wp-json\/wp\/v2\/posts\/18672\/revisions\/18677"}],"wp:featuredmedia":[{"embeddable":true,"href":"https:\/\/www.fredonoccitanie.com\/jevi\/wp-json\/wp\/v2\/media\/17092"}],"wp:attachment":[{"href":"https:\/\/www.fredonoccitanie.com\/jevi\/wp-json\/wp\/v2\/media?parent=18672"}],"wp:term":[{"taxonomy":"category","embeddable":true,"href":"https:\/\/www.fredonoccitanie.com\/jevi\/wp-json\/wp\/v2\/categories?post=18672"},{"taxonomy":"post_tag","embeddable":true,"href":"https:\/\/www.fredonoccitanie.com\/jevi\/wp-json\/wp\/v2\/tags?post=18672"}],"curies":[{"name":"wp","href":"https:\/\/api.w.org\/{rel}","templated":true}]}}