{"id":18318,"date":"2025-12-11T14:57:11","date_gmt":"2025-12-11T13:57:11","guid":{"rendered":"https:\/\/www.fredonoccitanie.com\/jevi\/?p=18318"},"modified":"2026-01-12T14:56:04","modified_gmt":"2026-01-12T13:56:04","slug":"remisedesprix_charte_engage_pour_le_vegetal_2025","status":"publish","type":"post","link":"https:\/\/www.fredonoccitanie.com\/jevi\/2025\/12\/11\/remisedesprix_charte_engage_pour_le_vegetal_2025\/","title":{"rendered":"[CHARTE &#8211; Remise des prix] &#8211; 09\/12\/2025 &#8211; Tous acteurs de la sant\u00e9 du v\u00e9g\u00e9tal ! &#8211; Saint-Orens-de-Gameville (31)"},"content":{"rendered":"<div class=\"entry-content single-content\">\n\n<style type=\"text\/css\" data-created_by=\"avia_inline_auto\" id=\"style-css-av-4k49kwe-1d201ae70b9a580bff9eda64cd0a6068\">\n#top .hr.hr-invisible.av-4k49kwe-1d201ae70b9a580bff9eda64cd0a6068{\nheight:30px;\n}\n<\/style>\n<div  class='hr av-4k49kwe-1d201ae70b9a580bff9eda64cd0a6068 hr-invisible  avia-builder-el-0  el_before_av_hr  avia-builder-el-first '><span class='hr-inner '><span class=\"hr-inner-style\"><\/span><\/span><\/div>\n<p><strong>Ce mardi 9 d\u00e9cembre \u00e0 <a href=\"https:\/\/www.ville-saint-orens.fr\/\">Saint-Orens de Gameville (31)<\/a> s&rsquo;est d\u00e9roul\u00e9e la remise des prix de la charte Engag\u00e9 pour le V\u00e9g\u00e9tal pour sa troisi\u00e8me ann\u00e9e d&rsquo;animation.<\/strong><\/p>\n\n<style type=\"text\/css\" data-created_by=\"avia_inline_auto\" id=\"style-css-av-43fcs1a-f93a5582fce16b6c3c22ac5ee403cd09\">\n#top .hr.hr-invisible.av-43fcs1a-f93a5582fce16b6c3c22ac5ee403cd09{\nheight:30px;\n}\n<\/style>\n<div  class='hr av-43fcs1a-f93a5582fce16b6c3c22ac5ee403cd09 hr-invisible  avia-builder-el-1  el_after_av_hr  el_before_av_horizontal_gallery  avia-builder-el-last '><span class='hr-inner '><span class=\"hr-inner-style\"><\/span><\/span><\/div>\n<p>Les anciens et nouveaux engag\u00e9s ainsi que des partenaires techniques se sont r\u00e9unis afin de participer \u00e0 cette journ\u00e9e plac\u00e9e sous le th\u00e8me de la <strong>Sant\u00e9 du v\u00e9g\u00e9tal<\/strong>.<\/p>\n<p>La journ\u00e9e a \u00e9t\u00e9 introduite par Mme. Agn\u00e8s MESTRE, Adjointe d\u00e9l\u00e9gu\u00e9e \u00e0 la transition \u00e9cologique, \u00e0 l&rsquo;environnement et \u00e0 la biodiversit\u00e9 de Saint-Orens de Gameville, par <a href=\"https:\/\/www.linkedin.com\/in\/jerome-monamy-8740a360\/\">M. J\u00e9r\u00f4me MONAMY<\/a>, Conseiller r\u00e9gional et M. G\u00e9rard MAJORAL, Pr\u00e9sident de <a href=\"https:\/\/www.fredonoccitanie.com\/\">FREDON Occitanie<\/a>.<\/p>\n<h2>Tous acteurs de la sant\u00e9 du v\u00e9g\u00e9tal !<\/h2>\n<p>Une table ronde avec Martin Strugarek et <a href=\"https:\/\/www.linkedin.com\/in\/laure-durand-lagarrigue-016315234\/\">Laure DURAND-LAGARRIGUE<\/a> du <a href=\"https:\/\/draaf.occitanie.agriculture.gouv.fr\/protection-des-vegetaux-r10.html\">SRAL\/ DRAAF Occitanie<\/a> et <a href=\"https:\/\/www.linkedin.com\/in\/philippe-tixier-malicorne-287986136\/\">Philippe TIXIER-MALICORNE<\/a> directeur de <a href=\"https:\/\/www.fredonoccitanie.com\/\">FREDON Occitanie<\/a> a permis aux gestionnaire de comprendre l&rsquo;importance de la <strong>surveillance sanitaire des v\u00e9g\u00e9taux<\/strong> , comment celle-ci est organis\u00e9e en Occitanie et comment agir.<\/p>\n<p>La R\u00e9gion Occitanie \u00e9tant g\u00e9ographiquement une entr\u00e9e et un <strong>carrefour des \u00e9changes<\/strong> mondiaux, elle pr\u00e9sente de <strong>nombreux enjeux<\/strong> de surveillance. L&rsquo;objectif est d&rsquo;anticiper l&rsquo;arriv\u00e9e, de contenir ou d&rsquo;\u00e9radiquer des <strong>organismes r\u00e9glement\u00e9s<\/strong> ou <strong>non r\u00e8glement\u00e9s par l&rsquo;Union europ\u00e9enne<\/strong> posant des probl\u00e8mes sur l&rsquo;ensemble de la fili\u00e8re agricole, sur les produits \u00e0 vocation d&rsquo;exportation et sur les espaces v\u00e9g\u00e9talis\u00e9s.<\/p>\n<p>Ces organismes, dans leur aire de r\u00e9partition d&rsquo;origine, ne posent peu ou pas de probl\u00e8me mais lorsqu&rsquo;ils sont introduits par l&rsquo;Homme hors de leur aire de r\u00e9partition naturelle, sans pr\u00e9dateurs naturels, ils peuvent devenir des bio agresseurs engendrant des cons\u00e9quences \u00e9conomiques sur certaines productions (Sharka, Xylella fastidiosa&#8230;)\u00a0 \u00a0sur la sant\u00e9 humaine (ambroisie, chenille processionnaires du pin), sur la sant\u00e9 des espaces v\u00e9g\u00e9talis\u00e9s (chancre color\u00e9 du platane, longicorne tigre) ou encore sur la sant\u00e9 des \u00e9cosyst\u00e8mes forestiers (n\u00e9matode du pin).<\/p>\n<p>Les deux outils majeurs de signalement d&rsquo;organismes ont \u00e9galement \u00e9t\u00e9 pr\u00e9sent\u00e9s :<\/p>\n<ul>\n<li>La plateforme de signalement des organismes r\u00e9glement\u00e9s via le dispositif de l&rsquo;\u00e9tat de la <a href=\"https:\/\/www.fredonoccitanie.com\/surveillance\/signalement-et-contact\/\">d\u00e9marche simplifi\u00e9e<\/a>.<\/li>\n<li>La qu\u00eate <a href=\"https:\/\/www.fredonoccitanie.com\/surveillance\/espace-non-agricole\/bsv-jevi-2\/\">Alerte Bio agresseurs Occitanie disponible sur l&rsquo;outil de sciences participatives INPN Esp\u00e8ce<\/a>s anim\u00e9e dans le cadre du Bulletin de Sant\u00e9 du V\u00e9g\u00e9tal Occitanie. Les observateurs peuvent partager leur observations de 13 bio agresseurs non r\u00e9glement\u00e9s ce qui permet de mieux connaitre les p\u00e9riodes et zones d&rsquo;activit\u00e9s.<\/li>\n<\/ul>\n\n<style type=\"text\/css\" data-created_by=\"avia_inline_auto\" id=\"style-css-av-3fmbaq6-ae1e25a4eda27b96b757a15b668ad7ba\">\n.av-horizontal-gallery.av-3fmbaq6-ae1e25a4eda27b96b757a15b668ad7ba{\npadding:3.75% 0px;;\n}\n.av-horizontal-gallery.av-3fmbaq6-ae1e25a4eda27b96b757a15b668ad7ba .av-horizontal-gallery-inner{\npadding-bottom:25%;\n}\n<\/style>\n<div  class='av-horizontal-gallery av-3fmbaq6-ae1e25a4eda27b96b757a15b668ad7ba av-horizontal-gallery-large-gap av-horizontal-gallery-enlarge-effect  avia-builder-el-2  el_after_av_hr  el_before_av_horizontal_gallery  av-slideshow-ui av-control-default av-slideshow-manual av-loop-once av-loop-manual-once av-horizontal-gallery-1' data-slideshow-data=\"{&quot;enlarge&quot;:1.3,&quot;animation&quot;:&quot;slide&quot;,&quot;autoplay&quot;:false,&quot;loop_autoplay&quot;:&quot;once&quot;,&quot;interval&quot;:5,&quot;loop_manual&quot;:&quot;manual-once&quot;,&quot;autoplay_stopper&quot;:false,&quot;noNavigation&quot;:false,&quot;bg_slider&quot;:false,&quot;keep_padding&quot;:&quot;&quot;,&quot;hoverpause&quot;:false,&quot;show_slide_delay&quot;:0}\"  itemprop=\"image\" itemscope=\"itemscope\" itemtype=\"https:\/\/schema.org\/ImageObject\" ><div class='avia-slideshow-arrows avia-slideshow-controls' ><a href='#prev' class='prev-slide av-horizontal-gallery-prev avia-svg-icon avia-font-svg_entypo-fontello' data-av_svg_icon='left-open-big' data-av_iconset='svg_entypo-fontello' tabindex='-1' title=\"Pr\u00e9c\u00e9dent\"><svg version=\"1.1\" xmlns=\"http:\/\/www.w3.org\/2000\/svg\" width=\"15\" height=\"32\" viewBox=\"0 0 15 32\" preserveAspectRatio=\"xMidYMid meet\" aria-labelledby='av-svg-title-1' aria-describedby='av-svg-desc-1' role=\"graphics-symbol\" aria-hidden=\"true\">\n<title id='av-svg-title-1'>Pr\u00e9c\u00e9dent<\/title>\n<desc id='av-svg-desc-1'>Pr\u00e9c\u00e9dent<\/desc>\n<path d=\"M14.464 27.84q0.832 0.832 0 1.536-0.832 0.832-1.536 0l-12.544-12.608q-0.768-0.768 0-1.6l12.544-12.608q0.704-0.832 1.536 0 0.832 0.704 0 1.536l-11.456 11.904z\"><\/path>\n<\/svg><span class='avia_hidden_link_text'>Pr\u00e9c\u00e9dent<\/span><\/a><a href='#next' class='next-slide av-horizontal-gallery-next avia-svg-icon avia-font-svg_entypo-fontello' data-av_svg_icon='right-open-big' data-av_iconset='svg_entypo-fontello' tabindex='-1' title=\"Suivant\"><svg version=\"1.1\" xmlns=\"http:\/\/www.w3.org\/2000\/svg\" width=\"15\" height=\"32\" viewBox=\"0 0 15 32\" preserveAspectRatio=\"xMidYMid meet\" aria-labelledby='av-svg-title-2' aria-describedby='av-svg-desc-2' role=\"graphics-symbol\" aria-hidden=\"true\">\n<title id='av-svg-title-2'>Suivant<\/title>\n<desc id='av-svg-desc-2'>Suivant<\/desc>\n<path d=\"M0.416 27.84l11.456-11.84-11.456-11.904q-0.832-0.832 0-1.536 0.832-0.832 1.536 0l12.544 12.608q0.768 0.832 0 1.6l-12.544 12.608q-0.704 0.832-1.536 0-0.832-0.704 0-1.536z\"><\/path>\n<\/svg><span class='avia_hidden_link_text'>Suivant<\/span><\/a><\/div><div class='avia-slideshow-dots avia-slideshow-controls av-horizontal-gallery-dots fade-in'><a href='#1' class='goto-slide active' >1<\/a><a href='#2' class='goto-slide ' >2<\/a><a href='#3' class='goto-slide ' >3<\/a><a href='#4' class='goto-slide ' >4<\/a><\/div><div class='av-horizontal-gallery-inner' data-av-height='25'><div class=\"av-horizontal-gallery-slider\"><div class=\"av-horizontal-gallery-wrap noHover\"><img decoding=\"async\" fetchpriority=\"high\" class='wp-image-18340 avia-img-lazy-loading-not-18340 av-horizontal-gallery-img' width=\"773\" height=\"1030\" src=\"https:\/\/www.fredonoccitanie.com\/jevi\/wp-content\/uploads\/sites\/2\/2025\/12\/20251209_100636-773x1030.jpg\" title='20251209_100636' alt='' srcset=\"https:\/\/www.fredonoccitanie.com\/jevi\/wp-content\/uploads\/sites\/2\/2025\/12\/20251209_100636-773x1030.jpg 773w, https:\/\/www.fredonoccitanie.com\/jevi\/wp-content\/uploads\/sites\/2\/2025\/12\/20251209_100636-225x300.jpg 225w, https:\/\/www.fredonoccitanie.com\/jevi\/wp-content\/uploads\/sites\/2\/2025\/12\/20251209_100636-768x1024.jpg 768w, https:\/\/www.fredonoccitanie.com\/jevi\/wp-content\/uploads\/sites\/2\/2025\/12\/20251209_100636-1152x1536.jpg 1152w, https:\/\/www.fredonoccitanie.com\/jevi\/wp-content\/uploads\/sites\/2\/2025\/12\/20251209_100636-1536x2048.jpg 1536w, https:\/\/www.fredonoccitanie.com\/jevi\/wp-content\/uploads\/sites\/2\/2025\/12\/20251209_100636-1125x1500.jpg 1125w, https:\/\/www.fredonoccitanie.com\/jevi\/wp-content\/uploads\/sites\/2\/2025\/12\/20251209_100636-529x705.jpg 529w, https:\/\/www.fredonoccitanie.com\/jevi\/wp-content\/uploads\/sites\/2\/2025\/12\/20251209_100636-scaled.jpg 1920w\" sizes=\"(max-width: 773px) 100vw, 773px\" \/><a href=\"https:\/\/www.fredonoccitanie.com\/jevi\/wp-content\/uploads\/sites\/2\/2025\/12\/20251209_100636-773x1030.jpg\" data-srcset=\"https:\/\/www.fredonoccitanie.com\/jevi\/wp-content\/uploads\/sites\/2\/2025\/12\/20251209_100636-773x1030.jpg 773w, https:\/\/www.fredonoccitanie.com\/jevi\/wp-content\/uploads\/sites\/2\/2025\/12\/20251209_100636-225x300.jpg 225w, https:\/\/www.fredonoccitanie.com\/jevi\/wp-content\/uploads\/sites\/2\/2025\/12\/20251209_100636-768x1024.jpg 768w, https:\/\/www.fredonoccitanie.com\/jevi\/wp-content\/uploads\/sites\/2\/2025\/12\/20251209_100636-1152x1536.jpg 1152w, https:\/\/www.fredonoccitanie.com\/jevi\/wp-content\/uploads\/sites\/2\/2025\/12\/20251209_100636-1536x2048.jpg 1536w, https:\/\/www.fredonoccitanie.com\/jevi\/wp-content\/uploads\/sites\/2\/2025\/12\/20251209_100636-1125x1500.jpg 1125w, https:\/\/www.fredonoccitanie.com\/jevi\/wp-content\/uploads\/sites\/2\/2025\/12\/20251209_100636-529x705.jpg 529w, https:\/\/www.fredonoccitanie.com\/jevi\/wp-content\/uploads\/sites\/2\/2025\/12\/20251209_100636-scaled.jpg 1920w\" data-sizes=\"(max-width: 773px) 100vw, 773px\" class='av-horizontal-gallery-link avia-svg-icon avia-font-svg_entypo-fontello' data-av_svg_icon='resize-full' data-av_iconset='svg_entypo-fontello' title='20251209_100636' alt='' aria-label='Ouvrir l\u2019image dans une Lightbox: 20251209_100636'><svg version=\"1.1\" xmlns=\"http:\/\/www.w3.org\/2000\/svg\" width=\"25\" height=\"32\" viewBox=\"0 0 25 32\" preserveAspectRatio=\"xMidYMid meet\" aria-labelledby='av-svg-title-3' aria-describedby='av-svg-desc-3' role=\"graphics-symbol\" aria-hidden=\"true\">\n<title id='av-svg-title-3'>Ouvrir l\u2019image dans une Lightbox: 20251209_100636<\/title>\n<desc id='av-svg-desc-3'>Ouvrir l\u2019image dans une Lightbox: 20251209_100636<\/desc>\n<path d=\"M15.232 3.328h10.112v10.112l-3.2-3.968-4.672 4.864-3.2-3.2 4.864-4.672zM7.872 17.536l3.2 3.2-4.864 4.672 3.904 3.2h-10.112v-10.112l3.2 3.904z\"><\/path>\n<\/svg><\/a><\/div><div class=\"av-horizontal-gallery-wrap noHover\"><img decoding=\"async\" fetchpriority=\"high\" class='wp-image-18341 avia-img-lazy-loading-not-18341 av-horizontal-gallery-img' width=\"773\" height=\"1030\" src=\"https:\/\/www.fredonoccitanie.com\/jevi\/wp-content\/uploads\/sites\/2\/2025\/12\/20251209_100807-773x1030.jpg\" title='20251209_100807' alt='' srcset=\"https:\/\/www.fredonoccitanie.com\/jevi\/wp-content\/uploads\/sites\/2\/2025\/12\/20251209_100807-773x1030.jpg 773w, https:\/\/www.fredonoccitanie.com\/jevi\/wp-content\/uploads\/sites\/2\/2025\/12\/20251209_100807-225x300.jpg 225w, https:\/\/www.fredonoccitanie.com\/jevi\/wp-content\/uploads\/sites\/2\/2025\/12\/20251209_100807-768x1024.jpg 768w, https:\/\/www.fredonoccitanie.com\/jevi\/wp-content\/uploads\/sites\/2\/2025\/12\/20251209_100807-1152x1536.jpg 1152w, https:\/\/www.fredonoccitanie.com\/jevi\/wp-content\/uploads\/sites\/2\/2025\/12\/20251209_100807-1536x2048.jpg 1536w, https:\/\/www.fredonoccitanie.com\/jevi\/wp-content\/uploads\/sites\/2\/2025\/12\/20251209_100807-1125x1500.jpg 1125w, https:\/\/www.fredonoccitanie.com\/jevi\/wp-content\/uploads\/sites\/2\/2025\/12\/20251209_100807-529x705.jpg 529w, https:\/\/www.fredonoccitanie.com\/jevi\/wp-content\/uploads\/sites\/2\/2025\/12\/20251209_100807-scaled.jpg 1920w\" sizes=\"(max-width: 773px) 100vw, 773px\" \/><a href=\"https:\/\/www.fredonoccitanie.com\/jevi\/wp-content\/uploads\/sites\/2\/2025\/12\/20251209_100807-773x1030.jpg\" data-srcset=\"https:\/\/www.fredonoccitanie.com\/jevi\/wp-content\/uploads\/sites\/2\/2025\/12\/20251209_100807-773x1030.jpg 773w, https:\/\/www.fredonoccitanie.com\/jevi\/wp-content\/uploads\/sites\/2\/2025\/12\/20251209_100807-225x300.jpg 225w, https:\/\/www.fredonoccitanie.com\/jevi\/wp-content\/uploads\/sites\/2\/2025\/12\/20251209_100807-768x1024.jpg 768w, https:\/\/www.fredonoccitanie.com\/jevi\/wp-content\/uploads\/sites\/2\/2025\/12\/20251209_100807-1152x1536.jpg 1152w, https:\/\/www.fredonoccitanie.com\/jevi\/wp-content\/uploads\/sites\/2\/2025\/12\/20251209_100807-1536x2048.jpg 1536w, https:\/\/www.fredonoccitanie.com\/jevi\/wp-content\/uploads\/sites\/2\/2025\/12\/20251209_100807-1125x1500.jpg 1125w, https:\/\/www.fredonoccitanie.com\/jevi\/wp-content\/uploads\/sites\/2\/2025\/12\/20251209_100807-529x705.jpg 529w, https:\/\/www.fredonoccitanie.com\/jevi\/wp-content\/uploads\/sites\/2\/2025\/12\/20251209_100807-scaled.jpg 1920w\" data-sizes=\"(max-width: 773px) 100vw, 773px\" class='av-horizontal-gallery-link avia-svg-icon avia-font-svg_entypo-fontello' data-av_svg_icon='resize-full' data-av_iconset='svg_entypo-fontello' title='20251209_100807' alt='' aria-label='Ouvrir l\u2019image dans une Lightbox: 20251209_100807'><svg version=\"1.1\" xmlns=\"http:\/\/www.w3.org\/2000\/svg\" width=\"25\" height=\"32\" viewBox=\"0 0 25 32\" preserveAspectRatio=\"xMidYMid meet\" aria-labelledby='av-svg-title-4' aria-describedby='av-svg-desc-4' role=\"graphics-symbol\" aria-hidden=\"true\">\n<title id='av-svg-title-4'>Ouvrir l\u2019image dans une Lightbox: 20251209_100807<\/title>\n<desc id='av-svg-desc-4'>Ouvrir l\u2019image dans une Lightbox: 20251209_100807<\/desc>\n<path d=\"M15.232 3.328h10.112v10.112l-3.2-3.968-4.672 4.864-3.2-3.2 4.864-4.672zM7.872 17.536l3.2 3.2-4.864 4.672 3.904 3.2h-10.112v-10.112l3.2 3.904z\"><\/path>\n<\/svg><\/a><\/div><div class=\"av-horizontal-gallery-wrap noHover\"><img decoding=\"async\" fetchpriority=\"high\" class='wp-image-18335 avia-img-lazy-loading-not-18335 av-horizontal-gallery-img' width=\"773\" height=\"1030\" src=\"https:\/\/www.fredonoccitanie.com\/jevi\/wp-content\/uploads\/sites\/2\/2025\/12\/WhatsApp-Image-2025-12-10-a-14.25.45_393a6b4d-773x1030.jpg\" title='WhatsApp Image 2025-12-10 \u00e0 14.25.45_393a6b4d' alt='' srcset=\"https:\/\/www.fredonoccitanie.com\/jevi\/wp-content\/uploads\/sites\/2\/2025\/12\/WhatsApp-Image-2025-12-10-a-14.25.45_393a6b4d-773x1030.jpg 773w, https:\/\/www.fredonoccitanie.com\/jevi\/wp-content\/uploads\/sites\/2\/2025\/12\/WhatsApp-Image-2025-12-10-a-14.25.45_393a6b4d-225x300.jpg 225w, https:\/\/www.fredonoccitanie.com\/jevi\/wp-content\/uploads\/sites\/2\/2025\/12\/WhatsApp-Image-2025-12-10-a-14.25.45_393a6b4d-768x1024.jpg 768w, https:\/\/www.fredonoccitanie.com\/jevi\/wp-content\/uploads\/sites\/2\/2025\/12\/WhatsApp-Image-2025-12-10-a-14.25.45_393a6b4d-1152x1536.jpg 1152w, https:\/\/www.fredonoccitanie.com\/jevi\/wp-content\/uploads\/sites\/2\/2025\/12\/WhatsApp-Image-2025-12-10-a-14.25.45_393a6b4d-1125x1500.jpg 1125w, https:\/\/www.fredonoccitanie.com\/jevi\/wp-content\/uploads\/sites\/2\/2025\/12\/WhatsApp-Image-2025-12-10-a-14.25.45_393a6b4d-529x705.jpg 529w, https:\/\/www.fredonoccitanie.com\/jevi\/wp-content\/uploads\/sites\/2\/2025\/12\/WhatsApp-Image-2025-12-10-a-14.25.45_393a6b4d.jpg 1200w\" sizes=\"(max-width: 773px) 100vw, 773px\" \/><a href=\"https:\/\/www.fredonoccitanie.com\/jevi\/wp-content\/uploads\/sites\/2\/2025\/12\/WhatsApp-Image-2025-12-10-a-14.25.45_393a6b4d-773x1030.jpg\" data-srcset=\"https:\/\/www.fredonoccitanie.com\/jevi\/wp-content\/uploads\/sites\/2\/2025\/12\/WhatsApp-Image-2025-12-10-a-14.25.45_393a6b4d-773x1030.jpg 773w, https:\/\/www.fredonoccitanie.com\/jevi\/wp-content\/uploads\/sites\/2\/2025\/12\/WhatsApp-Image-2025-12-10-a-14.25.45_393a6b4d-225x300.jpg 225w, https:\/\/www.fredonoccitanie.com\/jevi\/wp-content\/uploads\/sites\/2\/2025\/12\/WhatsApp-Image-2025-12-10-a-14.25.45_393a6b4d-768x1024.jpg 768w, https:\/\/www.fredonoccitanie.com\/jevi\/wp-content\/uploads\/sites\/2\/2025\/12\/WhatsApp-Image-2025-12-10-a-14.25.45_393a6b4d-1152x1536.jpg 1152w, https:\/\/www.fredonoccitanie.com\/jevi\/wp-content\/uploads\/sites\/2\/2025\/12\/WhatsApp-Image-2025-12-10-a-14.25.45_393a6b4d-1125x1500.jpg 1125w, https:\/\/www.fredonoccitanie.com\/jevi\/wp-content\/uploads\/sites\/2\/2025\/12\/WhatsApp-Image-2025-12-10-a-14.25.45_393a6b4d-529x705.jpg 529w, https:\/\/www.fredonoccitanie.com\/jevi\/wp-content\/uploads\/sites\/2\/2025\/12\/WhatsApp-Image-2025-12-10-a-14.25.45_393a6b4d.jpg 1200w\" data-sizes=\"(max-width: 773px) 100vw, 773px\" class='av-horizontal-gallery-link avia-svg-icon avia-font-svg_entypo-fontello' data-av_svg_icon='resize-full' data-av_iconset='svg_entypo-fontello' title='WhatsApp Image 2025-12-10 \u00e0 14.25.45_393a6b4d' alt='' aria-label='Ouvrir l\u2019image dans une Lightbox: WhatsApp Image 2025-12-10 \u00e0 14.25.45_393a6b4d'><svg version=\"1.1\" xmlns=\"http:\/\/www.w3.org\/2000\/svg\" width=\"25\" height=\"32\" viewBox=\"0 0 25 32\" preserveAspectRatio=\"xMidYMid meet\" aria-labelledby='av-svg-title-5' aria-describedby='av-svg-desc-5' role=\"graphics-symbol\" aria-hidden=\"true\">\n<title id='av-svg-title-5'>Ouvrir l\u2019image dans une Lightbox: WhatsApp Image 2025-12-10 \u00e0 14.25.45_393a6b4d<\/title>\n<desc id='av-svg-desc-5'>Ouvrir l\u2019image dans une Lightbox: WhatsApp Image 2025-12-10 \u00e0 14.25.45_393a6b4d<\/desc>\n<path d=\"M15.232 3.328h10.112v10.112l-3.2-3.968-4.672 4.864-3.2-3.2 4.864-4.672zM7.872 17.536l3.2 3.2-4.864 4.672 3.904 3.2h-10.112v-10.112l3.2 3.904z\"><\/path>\n<\/svg><\/a><\/div><div class=\"av-horizontal-gallery-wrap noHover\"><img decoding=\"async\" fetchpriority=\"high\" class='wp-image-18339 avia-img-lazy-loading-not-18339 av-horizontal-gallery-img' width=\"773\" height=\"1030\" src=\"https:\/\/www.fredonoccitanie.com\/jevi\/wp-content\/uploads\/sites\/2\/2025\/12\/20251209_100330-773x1030.jpg\" title='20251209_100330' alt='' srcset=\"https:\/\/www.fredonoccitanie.com\/jevi\/wp-content\/uploads\/sites\/2\/2025\/12\/20251209_100330-773x1030.jpg 773w, https:\/\/www.fredonoccitanie.com\/jevi\/wp-content\/uploads\/sites\/2\/2025\/12\/20251209_100330-225x300.jpg 225w, https:\/\/www.fredonoccitanie.com\/jevi\/wp-content\/uploads\/sites\/2\/2025\/12\/20251209_100330-768x1024.jpg 768w, https:\/\/www.fredonoccitanie.com\/jevi\/wp-content\/uploads\/sites\/2\/2025\/12\/20251209_100330-1152x1536.jpg 1152w, https:\/\/www.fredonoccitanie.com\/jevi\/wp-content\/uploads\/sites\/2\/2025\/12\/20251209_100330-1536x2048.jpg 1536w, https:\/\/www.fredonoccitanie.com\/jevi\/wp-content\/uploads\/sites\/2\/2025\/12\/20251209_100330-1125x1500.jpg 1125w, https:\/\/www.fredonoccitanie.com\/jevi\/wp-content\/uploads\/sites\/2\/2025\/12\/20251209_100330-529x705.jpg 529w, https:\/\/www.fredonoccitanie.com\/jevi\/wp-content\/uploads\/sites\/2\/2025\/12\/20251209_100330-scaled.jpg 1920w\" sizes=\"(max-width: 773px) 100vw, 773px\" \/><a href=\"https:\/\/www.fredonoccitanie.com\/jevi\/wp-content\/uploads\/sites\/2\/2025\/12\/20251209_100330-773x1030.jpg\" data-srcset=\"https:\/\/www.fredonoccitanie.com\/jevi\/wp-content\/uploads\/sites\/2\/2025\/12\/20251209_100330-773x1030.jpg 773w, https:\/\/www.fredonoccitanie.com\/jevi\/wp-content\/uploads\/sites\/2\/2025\/12\/20251209_100330-225x300.jpg 225w, https:\/\/www.fredonoccitanie.com\/jevi\/wp-content\/uploads\/sites\/2\/2025\/12\/20251209_100330-768x1024.jpg 768w, https:\/\/www.fredonoccitanie.com\/jevi\/wp-content\/uploads\/sites\/2\/2025\/12\/20251209_100330-1152x1536.jpg 1152w, https:\/\/www.fredonoccitanie.com\/jevi\/wp-content\/uploads\/sites\/2\/2025\/12\/20251209_100330-1536x2048.jpg 1536w, https:\/\/www.fredonoccitanie.com\/jevi\/wp-content\/uploads\/sites\/2\/2025\/12\/20251209_100330-1125x1500.jpg 1125w, https:\/\/www.fredonoccitanie.com\/jevi\/wp-content\/uploads\/sites\/2\/2025\/12\/20251209_100330-529x705.jpg 529w, https:\/\/www.fredonoccitanie.com\/jevi\/wp-content\/uploads\/sites\/2\/2025\/12\/20251209_100330-scaled.jpg 1920w\" data-sizes=\"(max-width: 773px) 100vw, 773px\" class='av-horizontal-gallery-link avia-svg-icon avia-font-svg_entypo-fontello' data-av_svg_icon='resize-full' data-av_iconset='svg_entypo-fontello' title='20251209_100330' alt='' aria-label='Ouvrir l\u2019image dans une Lightbox: 20251209_100330'><svg version=\"1.1\" xmlns=\"http:\/\/www.w3.org\/2000\/svg\" width=\"25\" height=\"32\" viewBox=\"0 0 25 32\" preserveAspectRatio=\"xMidYMid meet\" aria-labelledby='av-svg-title-6' aria-describedby='av-svg-desc-6' role=\"graphics-symbol\" aria-hidden=\"true\">\n<title id='av-svg-title-6'>Ouvrir l\u2019image dans une Lightbox: 20251209_100330<\/title>\n<desc id='av-svg-desc-6'>Ouvrir l\u2019image dans une Lightbox: 20251209_100330<\/desc>\n<path d=\"M15.232 3.328h10.112v10.112l-3.2-3.968-4.672 4.864-3.2-3.2 4.864-4.672zM7.872 17.536l3.2 3.2-4.864 4.672 3.904 3.2h-10.112v-10.112l3.2 3.904z\"><\/path>\n<\/svg><\/a><\/div><\/div><\/div><\/div>\n<p>L&rsquo;apr\u00e8s-midi, des <strong>ateliers anim\u00e9s par les \u00e9quipes de <a href=\"https:\/\/www.fredonoccitanie.com\/\">FREDON Occitanie<\/a><\/strong> au sein du<strong> parc du ch\u00e2teau Catala<\/strong> ont permis d&rsquo;approfondir ce th\u00e8me en l&rsquo;abordant du point de vue de la gestion des espaces v\u00e9g\u00e9talis\u00e9s.<\/p>\n<ol>\n<li><strong>Choisir ses v\u00e9g\u00e9taux et adopter les bonnes pratiques de plantation afin de favoriser le succ\u00e8s des am\u00e9nagements<\/strong> par <a href=\"https:\/\/www.linkedin.com\/in\/philippe-tixier-malicorne-287986136\/\">Philippe TIXIER-MALICORNE<\/a>, Fabian COUSINIE et <a href=\"https:\/\/www.linkedin.com\/in\/florian-martel-1b173758\/\">Florian MARTEL<\/a>.<\/li>\n<li><strong>Identifier, signaler et g\u00e9rer les esp\u00e8ces \u00e0 enjeux pour la sant\u00e9 humaine : l&rsquo;ambroisie et les chenilles processionnaires<\/strong> par Anne-Marie DUCASSE et <a href=\"https:\/\/www.linkedin.com\/in\/marie-pierre-larre-6261615b\/\">Marie-Pierre LARRE<\/a>.<\/li>\n<li><strong>Agir pour la surveillance du territoire en sant\u00e9 des v\u00e9g\u00e9taux : le r\u00f4le du gestionnaire<\/strong> par Sol\u00e8ne RECHOULET et Ga\u00eblle ROMAN-FAURE.<\/li>\n<\/ol>\n\n<style type=\"text\/css\" data-created_by=\"avia_inline_auto\" id=\"style-css-av-31wt3e6-afb8f946bd5c1c6da8b70fc2d6b30beb\">\n.av-horizontal-gallery.av-31wt3e6-afb8f946bd5c1c6da8b70fc2d6b30beb{\npadding:3.75% 0px;;\n}\n.av-horizontal-gallery.av-31wt3e6-afb8f946bd5c1c6da8b70fc2d6b30beb .av-horizontal-gallery-inner{\npadding-bottom:25%;\n}\n<\/style>\n<div  class='av-horizontal-gallery av-31wt3e6-afb8f946bd5c1c6da8b70fc2d6b30beb av-horizontal-gallery-large-gap av-horizontal-gallery-enlarge-effect  avia-builder-el-3  el_after_av_horizontal_gallery  el_before_av_hr  av-slideshow-ui av-control-default av-slideshow-manual av-loop-once av-loop-manual-once av-horizontal-gallery-2' data-slideshow-data=\"{&quot;enlarge&quot;:1.3,&quot;animation&quot;:&quot;slide&quot;,&quot;autoplay&quot;:false,&quot;loop_autoplay&quot;:&quot;once&quot;,&quot;interval&quot;:5,&quot;loop_manual&quot;:&quot;manual-once&quot;,&quot;autoplay_stopper&quot;:false,&quot;noNavigation&quot;:false,&quot;bg_slider&quot;:false,&quot;keep_padding&quot;:&quot;&quot;,&quot;hoverpause&quot;:false,&quot;show_slide_delay&quot;:0}\"  itemprop=\"image\" itemscope=\"itemscope\" itemtype=\"https:\/\/schema.org\/ImageObject\" ><div class='avia-slideshow-arrows avia-slideshow-controls' ><a href='#prev' class='prev-slide av-horizontal-gallery-prev avia-svg-icon avia-font-svg_entypo-fontello' data-av_svg_icon='left-open-big' data-av_iconset='svg_entypo-fontello' tabindex='-1' title=\"Pr\u00e9c\u00e9dent\"><svg version=\"1.1\" xmlns=\"http:\/\/www.w3.org\/2000\/svg\" width=\"15\" height=\"32\" viewBox=\"0 0 15 32\" preserveAspectRatio=\"xMidYMid meet\" aria-labelledby='av-svg-title-7' aria-describedby='av-svg-desc-7' role=\"graphics-symbol\" aria-hidden=\"true\">\n<title id='av-svg-title-7'>Pr\u00e9c\u00e9dent<\/title>\n<desc id='av-svg-desc-7'>Pr\u00e9c\u00e9dent<\/desc>\n<path d=\"M14.464 27.84q0.832 0.832 0 1.536-0.832 0.832-1.536 0l-12.544-12.608q-0.768-0.768 0-1.6l12.544-12.608q0.704-0.832 1.536 0 0.832 0.704 0 1.536l-11.456 11.904z\"><\/path>\n<\/svg><span class='avia_hidden_link_text'>Pr\u00e9c\u00e9dent<\/span><\/a><a href='#next' class='next-slide av-horizontal-gallery-next avia-svg-icon avia-font-svg_entypo-fontello' data-av_svg_icon='right-open-big' data-av_iconset='svg_entypo-fontello' tabindex='-1' title=\"Suivant\"><svg version=\"1.1\" xmlns=\"http:\/\/www.w3.org\/2000\/svg\" width=\"15\" height=\"32\" viewBox=\"0 0 15 32\" preserveAspectRatio=\"xMidYMid meet\" aria-labelledby='av-svg-title-8' aria-describedby='av-svg-desc-8' role=\"graphics-symbol\" aria-hidden=\"true\">\n<title id='av-svg-title-8'>Suivant<\/title>\n<desc id='av-svg-desc-8'>Suivant<\/desc>\n<path d=\"M0.416 27.84l11.456-11.84-11.456-11.904q-0.832-0.832 0-1.536 0.832-0.832 1.536 0l12.544 12.608q0.768 0.832 0 1.6l-12.544 12.608q-0.704 0.832-1.536 0-0.832-0.704 0-1.536z\"><\/path>\n<\/svg><span class='avia_hidden_link_text'>Suivant<\/span><\/a><\/div><div class='avia-slideshow-dots avia-slideshow-controls av-horizontal-gallery-dots fade-in'><a href='#1' class='goto-slide active' >1<\/a><a href='#2' class='goto-slide ' >2<\/a><a href='#3' class='goto-slide ' >3<\/a><\/div><div class='av-horizontal-gallery-inner' data-av-height='25'><div class=\"av-horizontal-gallery-slider\"><div class=\"av-horizontal-gallery-wrap noHover\"><img decoding=\"async\" fetchpriority=\"high\" class='wp-image-18333 avia-img-lazy-loading-not-18333 av-horizontal-gallery-img' width=\"773\" height=\"1030\" src=\"https:\/\/www.fredonoccitanie.com\/jevi\/wp-content\/uploads\/sites\/2\/2025\/12\/WhatsApp-Image-2025-12-10-a-14.23.05_d2e84673-773x1030.jpg\" title='WhatsApp Image 2025-12-10 \u00e0 14.23.05_d2e84673' alt='' srcset=\"https:\/\/www.fredonoccitanie.com\/jevi\/wp-content\/uploads\/sites\/2\/2025\/12\/WhatsApp-Image-2025-12-10-a-14.23.05_d2e84673-773x1030.jpg 773w, https:\/\/www.fredonoccitanie.com\/jevi\/wp-content\/uploads\/sites\/2\/2025\/12\/WhatsApp-Image-2025-12-10-a-14.23.05_d2e84673-225x300.jpg 225w, https:\/\/www.fredonoccitanie.com\/jevi\/wp-content\/uploads\/sites\/2\/2025\/12\/WhatsApp-Image-2025-12-10-a-14.23.05_d2e84673-768x1024.jpg 768w, https:\/\/www.fredonoccitanie.com\/jevi\/wp-content\/uploads\/sites\/2\/2025\/12\/WhatsApp-Image-2025-12-10-a-14.23.05_d2e84673-1152x1536.jpg 1152w, https:\/\/www.fredonoccitanie.com\/jevi\/wp-content\/uploads\/sites\/2\/2025\/12\/WhatsApp-Image-2025-12-10-a-14.23.05_d2e84673-1125x1500.jpg 1125w, https:\/\/www.fredonoccitanie.com\/jevi\/wp-content\/uploads\/sites\/2\/2025\/12\/WhatsApp-Image-2025-12-10-a-14.23.05_d2e84673-529x705.jpg 529w, https:\/\/www.fredonoccitanie.com\/jevi\/wp-content\/uploads\/sites\/2\/2025\/12\/WhatsApp-Image-2025-12-10-a-14.23.05_d2e84673.jpg 1200w\" sizes=\"(max-width: 773px) 100vw, 773px\" \/><a href=\"https:\/\/www.fredonoccitanie.com\/jevi\/wp-content\/uploads\/sites\/2\/2025\/12\/WhatsApp-Image-2025-12-10-a-14.23.05_d2e84673-773x1030.jpg\" data-srcset=\"https:\/\/www.fredonoccitanie.com\/jevi\/wp-content\/uploads\/sites\/2\/2025\/12\/WhatsApp-Image-2025-12-10-a-14.23.05_d2e84673-773x1030.jpg 773w, https:\/\/www.fredonoccitanie.com\/jevi\/wp-content\/uploads\/sites\/2\/2025\/12\/WhatsApp-Image-2025-12-10-a-14.23.05_d2e84673-225x300.jpg 225w, https:\/\/www.fredonoccitanie.com\/jevi\/wp-content\/uploads\/sites\/2\/2025\/12\/WhatsApp-Image-2025-12-10-a-14.23.05_d2e84673-768x1024.jpg 768w, https:\/\/www.fredonoccitanie.com\/jevi\/wp-content\/uploads\/sites\/2\/2025\/12\/WhatsApp-Image-2025-12-10-a-14.23.05_d2e84673-1152x1536.jpg 1152w, https:\/\/www.fredonoccitanie.com\/jevi\/wp-content\/uploads\/sites\/2\/2025\/12\/WhatsApp-Image-2025-12-10-a-14.23.05_d2e84673-1125x1500.jpg 1125w, https:\/\/www.fredonoccitanie.com\/jevi\/wp-content\/uploads\/sites\/2\/2025\/12\/WhatsApp-Image-2025-12-10-a-14.23.05_d2e84673-529x705.jpg 529w, https:\/\/www.fredonoccitanie.com\/jevi\/wp-content\/uploads\/sites\/2\/2025\/12\/WhatsApp-Image-2025-12-10-a-14.23.05_d2e84673.jpg 1200w\" data-sizes=\"(max-width: 773px) 100vw, 773px\" class='av-horizontal-gallery-link avia-svg-icon avia-font-svg_entypo-fontello' data-av_svg_icon='resize-full' data-av_iconset='svg_entypo-fontello' title='WhatsApp Image 2025-12-10 \u00e0 14.23.05_d2e84673' alt='' aria-label='Ouvrir l\u2019image dans une Lightbox: WhatsApp Image 2025-12-10 \u00e0 14.23.05_d2e84673'><svg version=\"1.1\" xmlns=\"http:\/\/www.w3.org\/2000\/svg\" width=\"25\" height=\"32\" viewBox=\"0 0 25 32\" preserveAspectRatio=\"xMidYMid meet\" aria-labelledby='av-svg-title-9' aria-describedby='av-svg-desc-9' role=\"graphics-symbol\" aria-hidden=\"true\">\n<title id='av-svg-title-9'>Ouvrir l\u2019image dans une Lightbox: WhatsApp Image 2025-12-10 \u00e0 14.23.05_d2e84673<\/title>\n<desc id='av-svg-desc-9'>Ouvrir l\u2019image dans une Lightbox: WhatsApp Image 2025-12-10 \u00e0 14.23.05_d2e84673<\/desc>\n<path d=\"M15.232 3.328h10.112v10.112l-3.2-3.968-4.672 4.864-3.2-3.2 4.864-4.672zM7.872 17.536l3.2 3.2-4.864 4.672 3.904 3.2h-10.112v-10.112l3.2 3.904z\"><\/path>\n<\/svg><\/a><\/div><div class=\"av-horizontal-gallery-wrap noHover\"><img decoding=\"async\" fetchpriority=\"high\" class='wp-image-18332 avia-img-lazy-loading-not-18332 av-horizontal-gallery-img' width=\"1030\" height=\"773\" src=\"https:\/\/www.fredonoccitanie.com\/jevi\/wp-content\/uploads\/sites\/2\/2025\/12\/WhatsApp-Image-2025-12-10-a-14.21.30_b59a41f3-1030x773.jpg\" title='WhatsApp Image 2025-12-10 \u00e0 14.21.30_b59a41f3' alt='' srcset=\"https:\/\/www.fredonoccitanie.com\/jevi\/wp-content\/uploads\/sites\/2\/2025\/12\/WhatsApp-Image-2025-12-10-a-14.21.30_b59a41f3-1030x773.jpg 1030w, https:\/\/www.fredonoccitanie.com\/jevi\/wp-content\/uploads\/sites\/2\/2025\/12\/WhatsApp-Image-2025-12-10-a-14.21.30_b59a41f3-300x225.jpg 300w, https:\/\/www.fredonoccitanie.com\/jevi\/wp-content\/uploads\/sites\/2\/2025\/12\/WhatsApp-Image-2025-12-10-a-14.21.30_b59a41f3-768x576.jpg 768w, https:\/\/www.fredonoccitanie.com\/jevi\/wp-content\/uploads\/sites\/2\/2025\/12\/WhatsApp-Image-2025-12-10-a-14.21.30_b59a41f3-1536x1152.jpg 1536w, https:\/\/www.fredonoccitanie.com\/jevi\/wp-content\/uploads\/sites\/2\/2025\/12\/WhatsApp-Image-2025-12-10-a-14.21.30_b59a41f3-1500x1125.jpg 1500w, https:\/\/www.fredonoccitanie.com\/jevi\/wp-content\/uploads\/sites\/2\/2025\/12\/WhatsApp-Image-2025-12-10-a-14.21.30_b59a41f3-705x529.jpg 705w, https:\/\/www.fredonoccitanie.com\/jevi\/wp-content\/uploads\/sites\/2\/2025\/12\/WhatsApp-Image-2025-12-10-a-14.21.30_b59a41f3.jpg 1600w\" sizes=\"(max-width: 1030px) 100vw, 1030px\" \/><a href=\"https:\/\/www.fredonoccitanie.com\/jevi\/wp-content\/uploads\/sites\/2\/2025\/12\/WhatsApp-Image-2025-12-10-a-14.21.30_b59a41f3-1030x773.jpg\" data-srcset=\"https:\/\/www.fredonoccitanie.com\/jevi\/wp-content\/uploads\/sites\/2\/2025\/12\/WhatsApp-Image-2025-12-10-a-14.21.30_b59a41f3-1030x773.jpg 1030w, https:\/\/www.fredonoccitanie.com\/jevi\/wp-content\/uploads\/sites\/2\/2025\/12\/WhatsApp-Image-2025-12-10-a-14.21.30_b59a41f3-300x225.jpg 300w, https:\/\/www.fredonoccitanie.com\/jevi\/wp-content\/uploads\/sites\/2\/2025\/12\/WhatsApp-Image-2025-12-10-a-14.21.30_b59a41f3-768x576.jpg 768w, https:\/\/www.fredonoccitanie.com\/jevi\/wp-content\/uploads\/sites\/2\/2025\/12\/WhatsApp-Image-2025-12-10-a-14.21.30_b59a41f3-1536x1152.jpg 1536w, https:\/\/www.fredonoccitanie.com\/jevi\/wp-content\/uploads\/sites\/2\/2025\/12\/WhatsApp-Image-2025-12-10-a-14.21.30_b59a41f3-1500x1125.jpg 1500w, https:\/\/www.fredonoccitanie.com\/jevi\/wp-content\/uploads\/sites\/2\/2025\/12\/WhatsApp-Image-2025-12-10-a-14.21.30_b59a41f3-705x529.jpg 705w, https:\/\/www.fredonoccitanie.com\/jevi\/wp-content\/uploads\/sites\/2\/2025\/12\/WhatsApp-Image-2025-12-10-a-14.21.30_b59a41f3.jpg 1600w\" data-sizes=\"(max-width: 1030px) 100vw, 1030px\" class='av-horizontal-gallery-link avia-svg-icon avia-font-svg_entypo-fontello' data-av_svg_icon='resize-full' data-av_iconset='svg_entypo-fontello' title='WhatsApp Image 2025-12-10 \u00e0 14.21.30_b59a41f3' alt='' aria-label='Ouvrir l\u2019image dans une Lightbox: WhatsApp Image 2025-12-10 \u00e0 14.21.30_b59a41f3'><svg version=\"1.1\" xmlns=\"http:\/\/www.w3.org\/2000\/svg\" width=\"25\" height=\"32\" viewBox=\"0 0 25 32\" preserveAspectRatio=\"xMidYMid meet\" aria-labelledby='av-svg-title-10' aria-describedby='av-svg-desc-10' role=\"graphics-symbol\" aria-hidden=\"true\">\n<title id='av-svg-title-10'>Ouvrir l\u2019image dans une Lightbox: WhatsApp Image 2025-12-10 \u00e0 14.21.30_b59a41f3<\/title>\n<desc id='av-svg-desc-10'>Ouvrir l\u2019image dans une Lightbox: WhatsApp Image 2025-12-10 \u00e0 14.21.30_b59a41f3<\/desc>\n<path d=\"M15.232 3.328h10.112v10.112l-3.2-3.968-4.672 4.864-3.2-3.2 4.864-4.672zM7.872 17.536l3.2 3.2-4.864 4.672 3.904 3.2h-10.112v-10.112l3.2 3.904z\"><\/path>\n<\/svg><\/a><\/div><div class=\"av-horizontal-gallery-wrap noHover\"><img decoding=\"async\" fetchpriority=\"high\" class='wp-image-18327 avia-img-lazy-loading-not-18327 av-horizontal-gallery-img' width=\"1030\" height=\"773\" src=\"https:\/\/www.fredonoccitanie.com\/jevi\/wp-content\/uploads\/sites\/2\/2025\/12\/20251209_134442-1030x773.jpg\" title='20251209_134442' alt='' srcset=\"https:\/\/www.fredonoccitanie.com\/jevi\/wp-content\/uploads\/sites\/2\/2025\/12\/20251209_134442-1030x773.jpg 1030w, https:\/\/www.fredonoccitanie.com\/jevi\/wp-content\/uploads\/sites\/2\/2025\/12\/20251209_134442-300x225.jpg 300w, https:\/\/www.fredonoccitanie.com\/jevi\/wp-content\/uploads\/sites\/2\/2025\/12\/20251209_134442-768x576.jpg 768w, https:\/\/www.fredonoccitanie.com\/jevi\/wp-content\/uploads\/sites\/2\/2025\/12\/20251209_134442-1536x1152.jpg 1536w, https:\/\/www.fredonoccitanie.com\/jevi\/wp-content\/uploads\/sites\/2\/2025\/12\/20251209_134442-2048x1536.jpg 2048w, https:\/\/www.fredonoccitanie.com\/jevi\/wp-content\/uploads\/sites\/2\/2025\/12\/20251209_134442-1500x1125.jpg 1500w, https:\/\/www.fredonoccitanie.com\/jevi\/wp-content\/uploads\/sites\/2\/2025\/12\/20251209_134442-705x529.jpg 705w\" sizes=\"(max-width: 1030px) 100vw, 1030px\" \/><a href=\"https:\/\/www.fredonoccitanie.com\/jevi\/wp-content\/uploads\/sites\/2\/2025\/12\/20251209_134442-1030x773.jpg\" data-srcset=\"https:\/\/www.fredonoccitanie.com\/jevi\/wp-content\/uploads\/sites\/2\/2025\/12\/20251209_134442-1030x773.jpg 1030w, https:\/\/www.fredonoccitanie.com\/jevi\/wp-content\/uploads\/sites\/2\/2025\/12\/20251209_134442-300x225.jpg 300w, https:\/\/www.fredonoccitanie.com\/jevi\/wp-content\/uploads\/sites\/2\/2025\/12\/20251209_134442-768x576.jpg 768w, https:\/\/www.fredonoccitanie.com\/jevi\/wp-content\/uploads\/sites\/2\/2025\/12\/20251209_134442-1536x1152.jpg 1536w, https:\/\/www.fredonoccitanie.com\/jevi\/wp-content\/uploads\/sites\/2\/2025\/12\/20251209_134442-2048x1536.jpg 2048w, https:\/\/www.fredonoccitanie.com\/jevi\/wp-content\/uploads\/sites\/2\/2025\/12\/20251209_134442-1500x1125.jpg 1500w, https:\/\/www.fredonoccitanie.com\/jevi\/wp-content\/uploads\/sites\/2\/2025\/12\/20251209_134442-705x529.jpg 705w\" data-sizes=\"(max-width: 1030px) 100vw, 1030px\" class='av-horizontal-gallery-link avia-svg-icon avia-font-svg_entypo-fontello' data-av_svg_icon='resize-full' data-av_iconset='svg_entypo-fontello' title='20251209_134442' alt='' aria-label='Ouvrir l\u2019image dans une Lightbox: 20251209_134442'><svg version=\"1.1\" xmlns=\"http:\/\/www.w3.org\/2000\/svg\" width=\"25\" height=\"32\" viewBox=\"0 0 25 32\" preserveAspectRatio=\"xMidYMid meet\" aria-labelledby='av-svg-title-11' aria-describedby='av-svg-desc-11' role=\"graphics-symbol\" aria-hidden=\"true\">\n<title id='av-svg-title-11'>Ouvrir l\u2019image dans une Lightbox: 20251209_134442<\/title>\n<desc id='av-svg-desc-11'>Ouvrir l\u2019image dans une Lightbox: 20251209_134442<\/desc>\n<path d=\"M15.232 3.328h10.112v10.112l-3.2-3.968-4.672 4.864-3.2-3.2 4.864-4.672zM7.872 17.536l3.2 3.2-4.864 4.672 3.904 3.2h-10.112v-10.112l3.2 3.904z\"><\/path>\n<\/svg><\/a><\/div><\/div><\/div><\/div>\n\n<style type=\"text\/css\" data-created_by=\"avia_inline_auto\" id=\"style-css-av-2eqosvi-56d48578052138d2d2042f55fcc059a2\">\n#top .hr.hr-invisible.av-2eqosvi-56d48578052138d2d2042f55fcc059a2{\nheight:40px;\n}\n<\/style>\n<div  class='hr av-2eqosvi-56d48578052138d2d2042f55fcc059a2 hr-invisible  avia-builder-el-4  el_after_av_horizontal_gallery  el_before_av_hr  avia-builder-el-first '><span class='hr-inner '><span class=\"hr-inner-style\"><\/span><\/span><\/div>\n<h2>Des gestionnaires valoris\u00e9s pour leurs engagements<\/h2>\n<p>Cette ann\u00e9e, nous avons pu c\u00e9l\u00e9brer l&rsquo;adh\u00e9sion de 18 nouveaux laur\u00e9ats sur l&rsquo;ensemble de l&rsquo;Occitanie et cela sur les 3 niveaux de progression que propose notre charte.<\/p>\n\n<style type=\"text\/css\" data-created_by=\"avia_inline_auto\" id=\"style-css-av-v26lda-f75a5e6f369940e3f7527ddd6eb378fc\">\n#top .hr.hr-invisible.av-v26lda-f75a5e6f369940e3f7527ddd6eb378fc{\nheight:20px;\n}\n<\/style>\n<div  class='hr av-v26lda-f75a5e6f369940e3f7527ddd6eb378fc hr-invisible  avia-builder-el-5  el_after_av_hr  el_before_av_hr '><span class='hr-inner '><span class=\"hr-inner-style\"><\/span><\/span><\/div>\n<h4>Niveau 1 :<\/h4>\n<ul>\n<li style=\"list-style-type: none\">\n<ul>\n<li>Camping du lac \u00e0 Foix (09)<\/li>\n<li>Camping le Rup\u00e9 \u00e0 Toulouse (31)<\/li>\n<li>Lauzerte (82)<\/li>\n<li>Montrab\u00e9 (31)<\/li>\n<li>Odars (31)<\/li>\n<li>Saint-Arailles (32)<\/li>\n<li>Saint-Lizier (09)<\/li>\n<li>Val d&rsquo;Aigoual (30)<\/li>\n<li>Verzeille (11)<\/li>\n<\/ul>\n<\/li>\n<\/ul>\n<p>&nbsp;<\/p>\n<h4>Niveau 2 :<\/h4>\n<ul>\n<li style=\"list-style-type: none\">\n<ul>\n<li>Aucun (65)<\/li>\n<li>Briatexte (81)<\/li>\n<li>Castex (09)<\/li>\n<li>Camping Couderc \u00e0 Sainte-Enimie (48)<\/li>\n<li>Marguerittes (30)<\/li>\n<li>Ramonville-Saint-Agne (31)<\/li>\n<li>Villeuneuve-lez-Avignon (30)<\/li>\n<\/ul>\n<\/li>\n<\/ul>\n<p>&nbsp;<\/p>\n<h4>Niveau 3 :<\/h4>\n<ul>\n<li style=\"list-style-type: none\">\n<ul>\n<li>Ordan-Larroque (32)<\/li>\n<li>Serralongue (66)<\/li>\n<\/ul>\n<\/li>\n<\/ul>\n<p><img loading=\"lazy\" decoding=\"async\" class=\"size-medium wp-image-18325 alignright\" src=\"https:\/\/www.fredonoccitanie.com\/jevi\/wp-content\/uploads\/sites\/2\/2025\/12\/20251209_112128-300x225.jpg\" alt=\"\" width=\"300\" height=\"225\" srcset=\"https:\/\/www.fredonoccitanie.com\/jevi\/wp-content\/uploads\/sites\/2\/2025\/12\/20251209_112128-300x225.jpg 300w, https:\/\/www.fredonoccitanie.com\/jevi\/wp-content\/uploads\/sites\/2\/2025\/12\/20251209_112128-1030x773.jpg 1030w, https:\/\/www.fredonoccitanie.com\/jevi\/wp-content\/uploads\/sites\/2\/2025\/12\/20251209_112128-768x576.jpg 768w, https:\/\/www.fredonoccitanie.com\/jevi\/wp-content\/uploads\/sites\/2\/2025\/12\/20251209_112128-1536x1152.jpg 1536w, https:\/\/www.fredonoccitanie.com\/jevi\/wp-content\/uploads\/sites\/2\/2025\/12\/20251209_112128-2048x1536.jpg 2048w, https:\/\/www.fredonoccitanie.com\/jevi\/wp-content\/uploads\/sites\/2\/2025\/12\/20251209_112128-1500x1125.jpg 1500w, https:\/\/www.fredonoccitanie.com\/jevi\/wp-content\/uploads\/sites\/2\/2025\/12\/20251209_112128-705x529.jpg 705w\" sizes=\"auto, (max-width: 300px) 100vw, 300px\" \/>Les <strong>18 adh\u00e9rents 2025<\/strong> se sont vu attribu\u00e9s <strong>leur dipl\u00f4me, leur panneau d&rsquo;entr\u00e9e de commune ou d&rsquo;\u00e9tablissement<\/strong>, l&rsquo;<em><strong>Encyclop\u00e9die Prieur &#8211; L<\/strong><\/em><em><strong>a Taille raisonn\u00e9e des arbustes<\/strong> de\u00a0<a href=\"https:\/\/www.linkedin.com\/in\/pascal-prieur-40893955\/\">Pascal Prieur<\/a><\/em>\u00a0et un <strong>panneau de communication<\/strong> choisi parmi ceux en vente dans notre <a href=\"https:\/\/www.fredonoccitanie.com\/jevi\/la-boutique\/\">Boutique<\/a> pour communiquer sur le changement de pratique.<\/p>\n<p>Les adh\u00e9rents 2025 s&rsquo;ajoutent aux adh\u00e9rents 2023 et 2024 portant le nombre \u00e0 <strong>114 adh\u00e9rents sur l&rsquo;ensemble de l&rsquo;Occitanie<\/strong> (<a href=\"https:\/\/www.fredonoccitanie.com\/jevi\/carte-interactive-engage-pour-le-vegetal\/\">voir la carte interactive<\/a>). Pour la premi\u00e8re ann\u00e9e, des engag\u00e9s de la charte sont pr\u00e9sents sur l&rsquo;ensemble des d\u00e9partements d&rsquo;Occitanie gr\u00e2ce aux premi\u00e8res communes <strong>du Gers et des Hautes-Pyr\u00e9n\u00e9es<\/strong>.<\/p>\n<p><em><a href=\"https:\/\/www.linkedin.com\/in\/florian-martel-1b173758\/\">Florian<\/a> et <a href=\"https:\/\/www.linkedin.com\/in\/sophie-albespy-a83474113\/\">Sophie<\/a> saluent l&rsquo;engagement et la motivation des gestionnaires lors des visites automnales. Ces visites, riches en \u00e9changes, permettent de d\u00e9battre des pratiques, de trouver des solutions, et de recueillir vos t\u00e9moignages et inqui\u00e9tudes nous permettant de pr\u00e9parer l&rsquo;animation du r\u00e9seau pour 2026.<\/em><\/p>\n\n<style type=\"text\/css\" data-created_by=\"avia_inline_auto\" id=\"style-css-av-28bbr72-676850ff8e5448954e64e7df1ccc28b9\">\n#top .hr.hr-invisible.av-28bbr72-676850ff8e5448954e64e7df1ccc28b9{\nheight:20px;\n}\n<\/style>\n<div  class='hr av-28bbr72-676850ff8e5448954e64e7df1ccc28b9 hr-invisible  avia-builder-el-6  el_after_av_hr  el_before_av_hr '><span class='hr-inner '><span class=\"hr-inner-style\"><\/span><\/span><\/div>\n<p style=\"text-align: center\"><em><strong>Bravo \u00e0 tous les adh\u00e9rents de 2025 pour leur implication et leur engagement pour une gestion durable de leurs espaces v\u00e9g\u00e9talis\u00e9s.<\/strong><\/em><\/p>\n<p><img loading=\"lazy\" decoding=\"async\" class=\" wp-image-18344 aligncenter\" src=\"https:\/\/www.fredonoccitanie.com\/jevi\/wp-content\/uploads\/sites\/2\/2025\/12\/WhatsApp-Image-2025-12-10-a-14.24.59_35cdc50e-300x225.jpg\" alt=\"\" width=\"635\" height=\"476\" srcset=\"https:\/\/www.fredonoccitanie.com\/jevi\/wp-content\/uploads\/sites\/2\/2025\/12\/WhatsApp-Image-2025-12-10-a-14.24.59_35cdc50e-300x225.jpg 300w, https:\/\/www.fredonoccitanie.com\/jevi\/wp-content\/uploads\/sites\/2\/2025\/12\/WhatsApp-Image-2025-12-10-a-14.24.59_35cdc50e-1030x773.jpg 1030w, https:\/\/www.fredonoccitanie.com\/jevi\/wp-content\/uploads\/sites\/2\/2025\/12\/WhatsApp-Image-2025-12-10-a-14.24.59_35cdc50e-768x576.jpg 768w, https:\/\/www.fredonoccitanie.com\/jevi\/wp-content\/uploads\/sites\/2\/2025\/12\/WhatsApp-Image-2025-12-10-a-14.24.59_35cdc50e-1536x1152.jpg 1536w, https:\/\/www.fredonoccitanie.com\/jevi\/wp-content\/uploads\/sites\/2\/2025\/12\/WhatsApp-Image-2025-12-10-a-14.24.59_35cdc50e-1500x1125.jpg 1500w, https:\/\/www.fredonoccitanie.com\/jevi\/wp-content\/uploads\/sites\/2\/2025\/12\/WhatsApp-Image-2025-12-10-a-14.24.59_35cdc50e-705x529.jpg 705w, https:\/\/www.fredonoccitanie.com\/jevi\/wp-content\/uploads\/sites\/2\/2025\/12\/WhatsApp-Image-2025-12-10-a-14.24.59_35cdc50e.jpg 1600w\" sizes=\"auto, (max-width: 635px) 100vw, 635px\" \/><\/p>\n\n<style type=\"text\/css\" data-created_by=\"avia_inline_auto\" id=\"style-css-av-1r0omr2-42011c644481943ea07a2b646008ad11\">\n#top .hr.hr-invisible.av-1r0omr2-42011c644481943ea07a2b646008ad11{\nheight:30px;\n}\n<\/style>\n<div  class='hr av-1r0omr2-42011c644481943ea07a2b646008ad11 hr-invisible  avia-builder-el-7  el_after_av_hr  el_before_av_hr '><span class='hr-inner '><span class=\"hr-inner-style\"><\/span><\/span><\/div>\n<p>L&rsquo;an prochain, pour sa <strong>4\u00e8me \u00e9dition, les premiers engag\u00e9s de la charte en 2023 seront \u00e0 nouveau visit\u00e9s <\/strong>afin de consolider l&rsquo;accompagnement aupr\u00e8s des gestionnaires.<\/p>\n<p>Les animateurs du r\u00e9seau JEVI remercient chaleureusement la ville de Saint-Orens de Gameville pour l&rsquo;accueil de la journ\u00e9e.<\/p>\n\n<style type=\"text\/css\" data-created_by=\"avia_inline_auto\" id=\"style-css-av-14cymtq-0806a05e9bab4380ed59a844d0d0f69c\">\n#top .hr.hr-invisible.av-14cymtq-0806a05e9bab4380ed59a844d0d0f69c{\nheight:30px;\n}\n<\/style>\n<div  class='hr av-14cymtq-0806a05e9bab4380ed59a844d0d0f69c hr-invisible  avia-builder-el-8  el_after_av_hr  el_before_av_hr '><span class='hr-inner '><span class=\"hr-inner-style\"><\/span><\/span><\/div>\n<p><img loading=\"lazy\" decoding=\"async\" class=\" wp-image-11701 aligncenter\" src=\"https:\/\/www.fredonoccitanie.com\/jevi\/wp-content\/uploads\/sites\/2\/2023\/02\/20230217_122135-e1680788792393-300x258.jpg\" alt=\"\" width=\"397\" height=\"341\" srcset=\"https:\/\/www.fredonoccitanie.com\/jevi\/wp-content\/uploads\/sites\/2\/2023\/02\/20230217_122135-e1680788792393-300x258.jpg 300w, https:\/\/www.fredonoccitanie.com\/jevi\/wp-content\/uploads\/sites\/2\/2023\/02\/20230217_122135-e1680788792393.jpg 350w\" sizes=\"auto, (max-width: 397px) 100vw, 397px\" \/><\/p>\n<div  class='hr av-p0xiq6-a0953400cf7360f6db5e254c4f062487 hr-short  avia-builder-el-9  el_after_av_hr  avia-builder-el-last  hr-center'><span class='hr-inner '><span class=\"hr-inner-style\"><\/span><\/span><\/div>\n<p><em>Communes, campings, etc. vous souhaitez conna\u00eetre le dispositif et vous engager dans la charte ? N&rsquo;h\u00e9sitez pas \u00e0 contacter nos animateurs <a href=\"https:\/\/www.linkedin.com\/in\/florian-martel-1b173758\/\">Florian Martel<\/a> et <a href=\"https:\/\/www.linkedin.com\/in\/sophie-albespy-a83474113\/\">Sophie Albespy<\/a> ou de visiter <a href=\"https:\/\/www.fredonoccitanie.com\/jevi\/charte-regionale-engage-pour-le-vegetal\/\">notre page d\u00e9di\u00e9e<\/a>, la session 2026 d\u00e9butera bient\u00f4t !<\/em><\/p>\n<\/div>\n<p>&nbsp;<\/p>\n<div class=\"entry-content single-content\">\n<p>&nbsp;<\/p>\n<p>&nbsp;<\/p>\n<\/div>\n","protected":false},"excerpt":{"rendered":"<p>Ce mardi 9 d\u00e9cembre \u00e0 Saint-Orens de Gameville (31) s&rsquo;est d\u00e9roul\u00e9e la remise des prix de la charte Engag\u00e9 pour le V\u00e9g\u00e9tal pour sa troisi\u00e8me ann\u00e9e d&rsquo;animation. Les anciens et nouveaux engag\u00e9s ainsi que des partenaires techniques se sont r\u00e9unis afin de participer \u00e0 cette journ\u00e9e plac\u00e9e sous le th\u00e8me de la Sant\u00e9 du v\u00e9g\u00e9tal. [&hellip;]<\/p>\n","protected":false},"author":22,"featured_media":18345,"comment_status":"closed","ping_status":"closed","sticky":false,"template":"","format":"standard","meta":{"footnotes":""},"categories":[12,8,2],"tags":[],"class_list":["post-18318","post","type-post","status-publish","format-standard","has-post-thumbnail","hentry","category-a-la-une","category-jevi","category-actualites-fredon"],"_links":{"self":[{"href":"https:\/\/www.fredonoccitanie.com\/jevi\/wp-json\/wp\/v2\/posts\/18318","targetHints":{"allow":["GET"]}}],"collection":[{"href":"https:\/\/www.fredonoccitanie.com\/jevi\/wp-json\/wp\/v2\/posts"}],"about":[{"href":"https:\/\/www.fredonoccitanie.com\/jevi\/wp-json\/wp\/v2\/types\/post"}],"author":[{"embeddable":true,"href":"https:\/\/www.fredonoccitanie.com\/jevi\/wp-json\/wp\/v2\/users\/22"}],"replies":[{"embeddable":true,"href":"https:\/\/www.fredonoccitanie.com\/jevi\/wp-json\/wp\/v2\/comments?post=18318"}],"version-history":[{"count":5,"href":"https:\/\/www.fredonoccitanie.com\/jevi\/wp-json\/wp\/v2\/posts\/18318\/revisions"}],"predecessor-version":[{"id":18483,"href":"https:\/\/www.fredonoccitanie.com\/jevi\/wp-json\/wp\/v2\/posts\/18318\/revisions\/18483"}],"wp:featuredmedia":[{"embeddable":true,"href":"https:\/\/www.fredonoccitanie.com\/jevi\/wp-json\/wp\/v2\/media\/18345"}],"wp:attachment":[{"href":"https:\/\/www.fredonoccitanie.com\/jevi\/wp-json\/wp\/v2\/media?parent=18318"}],"wp:term":[{"taxonomy":"category","embeddable":true,"href":"https:\/\/www.fredonoccitanie.com\/jevi\/wp-json\/wp\/v2\/categories?post=18318"},{"taxonomy":"post_tag","embeddable":true,"href":"https:\/\/www.fredonoccitanie.com\/jevi\/wp-json\/wp\/v2\/tags?post=18318"}],"curies":[{"name":"wp","href":"https:\/\/api.w.org\/{rel}","templated":true}]}}