{"id":18175,"date":"2025-09-08T16:50:44","date_gmt":"2025-09-08T14:50:44","guid":{"rendered":"https:\/\/www.fredonoccitanie.com\/jevi\/?p=18175"},"modified":"2025-09-08T17:10:52","modified_gmt":"2025-09-08T15:10:52","slug":"hortis_visite_montpellier_2025","status":"publish","type":"post","link":"https:\/\/www.fredonoccitanie.com\/jevi\/2025\/09\/08\/hortis_visite_montpellier_2025\/","title":{"rendered":"[JOURNEE PARTENAIRE] &#8211; 24\/09\/2025 &#8211; Visites d&rsquo;am\u00e9nagements \u00e0 Montpellier &#8211; HORTIS"},"content":{"rendered":"<p style=\"text-align: left\"><strong>HORTIS, l&rsquo;association d\u00e9di\u00e9e aux responsables des espaces nature en ville propose une journ\u00e9e technique le mercredi 24 septembre \u00e0 Montpellier.<\/strong><\/p>\n\n<style type=\"text\/css\" data-created_by=\"avia_inline_auto\" id=\"style-css-av-1kb77of-0536bcd0f8539a435ecda739493ca66c\">\n#top .hr.hr-invisible.av-1kb77of-0536bcd0f8539a435ecda739493ca66c{\nheight:30px;\n}\n<\/style>\n<div  class='hr av-1kb77of-0536bcd0f8539a435ecda739493ca66c hr-invisible  avia-builder-el-0  el_before_av_hr  avia-builder-el-first '><span class='hr-inner '><span class=\"hr-inner-style\"><\/span><\/span><\/div>\n<p style=\"text-align: center\"><a style=\"text-align: center\" href=\"https:\/\/docs.google.com\/forms\/d\/e\/1FAIpQLScbirohvOTDYpIfn97UcYNhrVl5F52XtAjBSdDN09x2_INTig\/viewform\" target=\"_blank\" rel=\"noopener\">&gt;&gt; Inscriptions &lt;&lt;<\/a><\/p>\n\n<style type=\"text\/css\" data-created_by=\"avia_inline_auto\" id=\"style-css-av-19vgjsv-1e3c66ef1316f9687f46a6cde031c775\">\n#top .hr.hr-invisible.av-19vgjsv-1e3c66ef1316f9687f46a6cde031c775{\nheight:30px;\n}\n<\/style>\n<div  class='hr av-19vgjsv-1e3c66ef1316f9687f46a6cde031c775 hr-invisible  avia-builder-el-1  el_after_av_hr  el_before_av_hr '><span class='hr-inner '><span class=\"hr-inner-style\"><\/span><\/span><\/div>\n<p>Une journ\u00e9e d\u00e9di\u00e9e \u00e0 la d\u00e9couverte de r\u00e9cents am\u00e9nagements dans les cours d&rsquo;\u00e9coles pour tendre vers des espaces plus conviviaux o\u00f9 le v\u00e9g\u00e9tal am\u00e9liore le cadre d&rsquo;apprentissage. L&rsquo;am\u00e9nagement de voiries avec de la mobilit\u00e9 douce et de la v\u00e9g\u00e9talisation sera \u00e9galement mis \u00e0 l&rsquo;honneur. L&rsquo;apr\u00e8s-midi, le cadre sera davantage acc\u00e8s sur la gestion de la ressource en eau et la requalification d&rsquo;un ancien terrain de sport en parc.<\/p>\n\n<style type=\"text\/css\" data-created_by=\"avia_inline_auto\" id=\"style-css-av-nalfkv-5d2ae5e576822cfd8d3f11a54b15d631\">\n#top .hr.hr-invisible.av-nalfkv-5d2ae5e576822cfd8d3f11a54b15d631{\nheight:30px;\n}\n<\/style>\n<div  class='hr av-nalfkv-5d2ae5e576822cfd8d3f11a54b15d631 hr-invisible  avia-builder-el-2  el_after_av_hr  avia-builder-el-last '><span class='hr-inner '><span class=\"hr-inner-style\"><\/span><\/span><\/div>\n<h4>D\u00e9tail du programme :<\/h4>\n<p><strong>9h-9h30: Accueil\/caf\u00e9\u00a0salle locaux associatifs Manuel Pazos quartier Pompignane \u00e0 Montpellier<\/strong><\/p>\n<p>&#8211;<em>visite de la cour d&rsquo;\u00e9cole Jean Zay\u00a0(projet de r\u00e9novation\/d\u00e9simperm\u00e9abilisation, am\u00e9nagement &lsquo;cour aventure&rsquo;)<\/em><\/p>\n<p><em>-visite d&rsquo;am\u00e9nagements de voirie &#8211; avenue Pompignane (mobilit\u00e9s douces, bus-tram, v\u00e9g\u00e9talisation et d\u00e9simperm\u00e9abilisation d&rsquo;abords de voirie)<\/em><\/p>\n<p><em>-visite parvis aux \u00e9coliers, \u00e9cole Painlev\u00e9 (ville \u00e0 hauteur d&rsquo;enfants)<\/em><\/p>\n<p><em><strong>(D\u00e9jeuner, \u00e0 la charge des participants)<\/strong><\/em><\/p>\n<p><em>-gestion de l&rsquo;eau et suivi des arrosages d&rsquo;arbres par sondes tensiom\u00e9triques (Parc de la Grande Lironde), avec la pr\u00e9sence d&rsquo;Urbasense<\/em><\/p>\n<p><em>-requalification d&rsquo;un ancien terrain de sport\/cr\u00e9ation d&rsquo;un parc<\/em><\/p>\n<p><strong>16h30 : Fin de la journ\u00e9e<\/strong><\/p>\n<p><strong><em>&gt;&gt;\u00a0Pour rappel cette journ\u00e9e donne droit \u00e0 une attestation de formation produite par HORTIS pour ceux qui le souhaitent (voir formulaire d&rsquo;inscription).<\/em><\/strong><\/p>\n<header class=\"entry-header post-title title-align-inherit title-tablet-align-inherit title-mobile-align-inherit\"><\/header>\n<div class=\"entry-content single-content\">\n<p style=\"text-align: center\"><a style=\"text-align: center\" href=\"https:\/\/docs.google.com\/forms\/d\/e\/1FAIpQLScbirohvOTDYpIfn97UcYNhrVl5F52XtAjBSdDN09x2_INTig\/viewform\" target=\"_blank\" rel=\"noopener\">&gt;&gt; Inscriptions &lt;&lt;<\/a><\/p>\n<p>&nbsp;<\/p>\n<p><em>Source : Hortis<\/em><\/p>\n<\/div>\n","protected":false},"excerpt":{"rendered":"<p>HORTIS, l&rsquo;association d\u00e9di\u00e9e aux responsables des espaces nature en ville propose une journ\u00e9e technique le mercredi 24 septembre \u00e0 Montpellier. &gt;&gt; Inscriptions &lt;&lt; Une journ\u00e9e d\u00e9di\u00e9e \u00e0 la d\u00e9couverte de r\u00e9cents am\u00e9nagements dans les cours d&rsquo;\u00e9coles pour tendre vers des espaces plus conviviaux o\u00f9 le v\u00e9g\u00e9tal am\u00e9liore le cadre d&rsquo;apprentissage. L&rsquo;am\u00e9nagement de voiries avec de [&hellip;]<\/p>\n","protected":false},"author":22,"featured_media":13110,"comment_status":"closed","ping_status":"closed","sticky":false,"template":"","format":"standard","meta":{"footnotes":""},"categories":[11],"tags":[],"class_list":["post-18175","post","type-post","status-publish","format-standard","has-post-thumbnail","hentry","category-agenda-jevi"],"_links":{"self":[{"href":"https:\/\/www.fredonoccitanie.com\/jevi\/wp-json\/wp\/v2\/posts\/18175","targetHints":{"allow":["GET"]}}],"collection":[{"href":"https:\/\/www.fredonoccitanie.com\/jevi\/wp-json\/wp\/v2\/posts"}],"about":[{"href":"https:\/\/www.fredonoccitanie.com\/jevi\/wp-json\/wp\/v2\/types\/post"}],"author":[{"embeddable":true,"href":"https:\/\/www.fredonoccitanie.com\/jevi\/wp-json\/wp\/v2\/users\/22"}],"replies":[{"embeddable":true,"href":"https:\/\/www.fredonoccitanie.com\/jevi\/wp-json\/wp\/v2\/comments?post=18175"}],"version-history":[{"count":4,"href":"https:\/\/www.fredonoccitanie.com\/jevi\/wp-json\/wp\/v2\/posts\/18175\/revisions"}],"predecessor-version":[{"id":18179,"href":"https:\/\/www.fredonoccitanie.com\/jevi\/wp-json\/wp\/v2\/posts\/18175\/revisions\/18179"}],"wp:featuredmedia":[{"embeddable":true,"href":"https:\/\/www.fredonoccitanie.com\/jevi\/wp-json\/wp\/v2\/media\/13110"}],"wp:attachment":[{"href":"https:\/\/www.fredonoccitanie.com\/jevi\/wp-json\/wp\/v2\/media?parent=18175"}],"wp:term":[{"taxonomy":"category","embeddable":true,"href":"https:\/\/www.fredonoccitanie.com\/jevi\/wp-json\/wp\/v2\/categories?post=18175"},{"taxonomy":"post_tag","embeddable":true,"href":"https:\/\/www.fredonoccitanie.com\/jevi\/wp-json\/wp\/v2\/tags?post=18175"}],"curies":[{"name":"wp","href":"https:\/\/api.w.org\/{rel}","templated":true}]}}