{"id":18166,"date":"2025-09-08T17:29:20","date_gmt":"2025-09-08T15:29:20","guid":{"rendered":"https:\/\/www.fredonoccitanie.com\/jevi\/?p=18166"},"modified":"2025-09-11T16:32:59","modified_gmt":"2025-09-11T14:32:59","slug":"webinaire-jevi3-26-09-25-planter-sans-se-planter","status":"publish","type":"post","link":"https:\/\/www.fredonoccitanie.com\/jevi\/2025\/09\/08\/webinaire-jevi3-26-09-25-planter-sans-se-planter\/","title":{"rendered":"[WEBINAIRE JEVI#3] &#8211; 26\/09\/25 &#8211; Planter sans se planter : 1h pour identifier les bonnes pratiques de plantation en JEVI"},"content":{"rendered":"<h2 style=\"text-align: center\">FREDON Occitanie vous invitent \u00e0 participer au 3\u00e8me webinaire 2025.<\/h2>\n<p>&nbsp;<\/p>\n<p><img loading=\"lazy\" decoding=\"async\" class=\"aligncenter wp-image-18183 size-large\" src=\"https:\/\/www.fredonoccitanie.com\/jevi\/wp-content\/uploads\/sites\/2\/2025\/09\/bandeau_webinaire-copie@4x-100-1030x253.jpg\" alt=\"\" width=\"1030\" height=\"253\" srcset=\"https:\/\/www.fredonoccitanie.com\/jevi\/wp-content\/uploads\/sites\/2\/2025\/09\/bandeau_webinaire-copie@4x-100-1030x253.jpg 1030w, https:\/\/www.fredonoccitanie.com\/jevi\/wp-content\/uploads\/sites\/2\/2025\/09\/bandeau_webinaire-copie@4x-100-300x74.jpg 300w, https:\/\/www.fredonoccitanie.com\/jevi\/wp-content\/uploads\/sites\/2\/2025\/09\/bandeau_webinaire-copie@4x-100-768x189.jpg 768w, https:\/\/www.fredonoccitanie.com\/jevi\/wp-content\/uploads\/sites\/2\/2025\/09\/bandeau_webinaire-copie@4x-100-1536x377.jpg 1536w, https:\/\/www.fredonoccitanie.com\/jevi\/wp-content\/uploads\/sites\/2\/2025\/09\/bandeau_webinaire-copie@4x-100-1500x369.jpg 1500w, https:\/\/www.fredonoccitanie.com\/jevi\/wp-content\/uploads\/sites\/2\/2025\/09\/bandeau_webinaire-copie@4x-100-705x173.jpg 705w, https:\/\/www.fredonoccitanie.com\/jevi\/wp-content\/uploads\/sites\/2\/2025\/09\/bandeau_webinaire-copie@4x-100.jpg 2043w\" sizes=\"auto, (max-width: 1030px) 100vw, 1030px\" \/><\/p>\n<h2 style=\"text-align: center\"><a href=\"https:\/\/events.teams.microsoft.com\/event\/e12d5b6d-504c-46d8-b9ac-fc3ae5277e49@b0fdaa19-01d3-42ac-841c-fc2224719063\" target=\"_blank\" rel=\"noopener\"><strong>\u00a0<\/strong><strong>&gt;&gt; INSCR<\/strong><strong>I<\/strong><strong>PTION &lt;&lt;<\/strong><\/a><\/h2>\n<p>&nbsp;<\/p>\n<p><i>Les arbres et la v\u00e9g\u00e9tation en g\u00e9n\u00e9ral sont d&rsquo;excellentes solutions pour adapter les territoires aux changements climatiques. <\/i>Ceux-ci nous apportent de nombreux services, dit <em>\u00ab\u00a0services \u00e9cosyst\u00e9miques\u00a0\u00bb<\/em> (ombrage, rafraichissement de l&rsquo;air, infiltration des eaux, lutte contre les \u00eelots de chaleur urbains, am\u00e9lioration du cadre de vie, etc.). De nombreux gestionnaires se tournent, \u00e0 juste titre, vers ces solutions de plantation. N\u00e9anmoins, pour permettre aux arbres de rendre tous ces services, il s&rsquo;agit de planter les arbres dans des bonnes conditions.<\/p>\n<p><strong>Dans le cadre de l&rsquo;animation du r\u00e9seau JEVI, FREDON Occitanie<\/strong> propose le <strong>vendredi 26 septembre<\/strong>, un webinaire faisant le tour d&rsquo;horizon des pratiques de plantation, permettant d&rsquo;optimiser les chances de r\u00e9ussite et de long\u00e9vit\u00e9 de votre travaux d&rsquo;am\u00e9nagements paysagers.<\/p>\n<p>&nbsp;<\/p>\n<ul>\n<li><strong>OBJECTIFS DU WEBINAIRE :\u00a0<\/strong><\/li>\n<\/ul>\n<ul>\n<li style=\"list-style-type: none\">\n<ul>\n<li>Identifier les r\u00e8gles de plantation arbre et arbustes en contexte urbain<\/li>\n<li>Identifier les r\u00e8gles de plantation arbre et arbustes en contexte p\u00e9ri urbain<\/li>\n<li>Identifier les ressources, formations sur le sujet<\/li>\n<\/ul>\n<\/li>\n<\/ul>\n<p>&nbsp;<\/p>\n<ul>\n<li><strong>INTERVENANTS :\u00a0<\/strong>\n<ul>\n<li><strong>Fr\u00e9d\u00e9ric Robert, ville de Montpellier\u00a0<\/strong>&#8211; responsable adjoint du service Bureau d\u2019\u00c9tudes et Paysage et responsable de l\u2019unit\u00e9 ing\u00e9nierie paysage<\/li>\n<li><strong>Alexandre Somme, ville de Montpellier\u00a0<\/strong>&#8211; responsable adjoint du service Jardins et Espaces Naturels et charg\u00e9 de coordination et d\u2019\u00e9tudes<\/li>\n<li><strong>Elise Garnier, Arbres&amp;Paysages d&rsquo;Autan<\/strong>\u00a0&#8211; technicienne en plantation de haies champ\u00eatres et agroforesterie<\/li>\n<\/ul>\n<\/li>\n<\/ul>\n<p>&nbsp;<\/p>\n<ul>\n<li><strong>DEROULE :<\/strong>\n<ul>\n<li>Retour d&rsquo;exp\u00e9riences de la ville de Montpellier (service Bureau d&rsquo;Etude et service Jardins Espaces naturels) sur la plantation en milieu urbain\n<ul>\n<li>Les \u00e9l\u00e9ments cl\u00e9s d&rsquo;une plantation r\u00e9ussies (charte de l&rsquo;arbre de Montpellier et le fascicule 35 UNEP)<\/li>\n<li>Les prescriptions aux entreprises prestataires int\u00e9gr\u00e9es dans les CCTP, les leviers pour faire respecter ces prescriptions<\/li>\n<li>Les succ\u00e8s et \u00e9checs de plantation : exemples.<\/li>\n<\/ul>\n<\/li>\n<li>Retour d&rsquo;exp\u00e9rience d&rsquo;Arbres&amp;Paysages d&rsquo;Autan sur la plantation en milieu urbain et p\u00e9ri urbain : les r\u00e8gles essentiels pour une plantation de haie champ\u00eatre r\u00e9ussie<\/li>\n<li>Questions\/r\u00e9ponses<\/li>\n<\/ul>\n<\/li>\n<\/ul>\n<p>&nbsp;<\/p>\n<ul>\n<li><strong>PUBLICS CONCERNES : <\/strong>Les gestionnaires d&rsquo;espaces v\u00e9g\u00e9talis\u00e9s (collectivit\u00e9s, structures de tourisme et de loisir), EPTB, services de l&rsquo;\u00e9tat, associations&#8230;<\/li>\n<\/ul>\n<p>&nbsp;<\/p>\n<h2 style=\"text-align: center\"><a href=\"https:\/\/events.teams.microsoft.com\/event\/e12d5b6d-504c-46d8-b9ac-fc3ae5277e49@b0fdaa19-01d3-42ac-841c-fc2224719063\" target=\"_blank\" rel=\"noopener\"><strong>\u00a0<\/strong><strong>&gt;&gt; INSCR<\/strong><strong>I<\/strong><strong>PTION &lt;&lt;<\/strong><\/a><\/h2>\n<p>&nbsp;<\/p>\n<p>Votre \u00e9quipe d&rsquo;animation Florian MARTEL et Sophie ALBESPY.<\/p>\n<p>&nbsp;<\/p>\n<p>&nbsp;<\/p>\n<p>&nbsp;<\/p>\n","protected":false},"excerpt":{"rendered":"<p>FREDON Occitanie vous invitent \u00e0 participer au 3\u00e8me webinaire 2025. &nbsp; \u00a0&gt;&gt; INSCRIPTION &lt;&lt; &nbsp; Les arbres et la v\u00e9g\u00e9tation en g\u00e9n\u00e9ral sont d&rsquo;excellentes solutions pour adapter les territoires aux changements climatiques. Ceux-ci nous apportent de nombreux services, dit \u00ab\u00a0services \u00e9cosyst\u00e9miques\u00a0\u00bb (ombrage, rafraichissement de l&rsquo;air, infiltration des eaux, lutte contre les \u00eelots de chaleur urbains, [&hellip;]<\/p>\n","protected":false},"author":22,"featured_media":18184,"comment_status":"closed","ping_status":"closed","sticky":false,"template":"","format":"gallery","meta":{"footnotes":""},"categories":[3,11],"tags":[],"class_list":["post-18166","post","type-post","status-publish","format-gallery","has-post-thumbnail","hentry","category-agenda-fredon","category-agenda-jevi","post_format-post-format-gallery"],"_links":{"self":[{"href":"https:\/\/www.fredonoccitanie.com\/jevi\/wp-json\/wp\/v2\/posts\/18166","targetHints":{"allow":["GET"]}}],"collection":[{"href":"https:\/\/www.fredonoccitanie.com\/jevi\/wp-json\/wp\/v2\/posts"}],"about":[{"href":"https:\/\/www.fredonoccitanie.com\/jevi\/wp-json\/wp\/v2\/types\/post"}],"author":[{"embeddable":true,"href":"https:\/\/www.fredonoccitanie.com\/jevi\/wp-json\/wp\/v2\/users\/22"}],"replies":[{"embeddable":true,"href":"https:\/\/www.fredonoccitanie.com\/jevi\/wp-json\/wp\/v2\/comments?post=18166"}],"version-history":[{"count":5,"href":"https:\/\/www.fredonoccitanie.com\/jevi\/wp-json\/wp\/v2\/posts\/18166\/revisions"}],"predecessor-version":[{"id":18201,"href":"https:\/\/www.fredonoccitanie.com\/jevi\/wp-json\/wp\/v2\/posts\/18166\/revisions\/18201"}],"wp:featuredmedia":[{"embeddable":true,"href":"https:\/\/www.fredonoccitanie.com\/jevi\/wp-json\/wp\/v2\/media\/18184"}],"wp:attachment":[{"href":"https:\/\/www.fredonoccitanie.com\/jevi\/wp-json\/wp\/v2\/media?parent=18166"}],"wp:term":[{"taxonomy":"category","embeddable":true,"href":"https:\/\/www.fredonoccitanie.com\/jevi\/wp-json\/wp\/v2\/categories?post=18166"},{"taxonomy":"post_tag","embeddable":true,"href":"https:\/\/www.fredonoccitanie.com\/jevi\/wp-json\/wp\/v2\/tags?post=18166"}],"curies":[{"name":"wp","href":"https:\/\/api.w.org\/{rel}","templated":true}]}}