{"id":18119,"date":"2025-09-03T16:37:39","date_gmt":"2025-09-03T14:37:39","guid":{"rendered":"https:\/\/www.fredonoccitanie.com\/jevi\/?p=18119"},"modified":"2025-09-08T12:22:03","modified_gmt":"2025-09-08T10:22:03","slug":"jevi-bienvenue-a-johan-stagiaire-aux-cotes-des-animateurs-du-reseau-jevi-2-2-3-2","status":"publish","type":"post","link":"https:\/\/www.fredonoccitanie.com\/jevi\/2025\/09\/03\/jevi-bienvenue-a-johan-stagiaire-aux-cotes-des-animateurs-du-reseau-jevi-2-2-3-2\/","title":{"rendered":"[FORMATION] &#8211; 23\/09\/2025 &#8211; La gestion des arbres face au changement climatique &#8211; CAUE 66"},"content":{"rendered":"<div class=\"entry-content single-content\">\n<p><strong>Dans le cadre de sa mission de formation, le CAUE 66 organise une journ\u00e9e de formation sur la gestion des arbres face au changement climatique :<\/strong><\/p>\n<h2>La gestion des arbres face au changement climatique<\/h2>\n\n<style type=\"text\/css\" data-created_by=\"avia_inline_auto\" id=\"style-css-av-35h1uxz-df01ba923e0e3bbf197473c01730c1ed\">\n#top .hr.hr-invisible.av-35h1uxz-df01ba923e0e3bbf197473c01730c1ed{\nheight:30px;\n}\n<\/style>\n<div  class='hr av-35h1uxz-df01ba923e0e3bbf197473c01730c1ed hr-invisible  avia-builder-el-0  el_before_av_hr  avia-builder-el-first '><span class='hr-inner '><span class=\"hr-inner-style\"><\/span><\/span><\/div>\n<p style=\"text-align: center;\"><a href=\"https:\/\/www.caue66.fr\/2025F09-arbres-changement-climatique\" target=\"_blank\" rel=\"noopener\"><strong>&gt;&gt; Informations et inscriptions &lt;&lt;<\/strong><\/a><\/p>\n\n<style type=\"text\/css\" data-created_by=\"avia_inline_auto\" id=\"style-css-av-2o1cjuv-bc723601d6d4c3dc377fc2942c54c55e\">\n#top .hr.hr-invisible.av-2o1cjuv-bc723601d6d4c3dc377fc2942c54c55e{\nheight:30px;\n}\n<\/style>\n<div  class='hr av-2o1cjuv-bc723601d6d4c3dc377fc2942c54c55e hr-invisible  avia-builder-el-1  el_after_av_hr  el_before_av_hr '><span class='hr-inner '><span class=\"hr-inner-style\"><\/span><\/span><\/div>\n<h6>Informations pratiques :<\/h6>\n<p><strong>Date :<\/strong> le mardi 23 septembre 2025\u00a0de 9h \u00e0 17h30<\/p>\n<p><strong>Lieu :<\/strong> Perpignan, 11 rue du Bastion Saint-Fran\u00e7ois (CAUE 66)<\/p>\n<p><strong>Intervenant :<\/strong> L\u00e9o ETIENNE, arboriste grimpeur<\/p>\n<p><strong>Publics :<\/strong> \u00c9lus, techniciens territoriaux et autres acteurs de l&rsquo;am\u00e9nagement en lien avec la gestion des espaces verts<\/p>\n\n<style type=\"text\/css\" data-created_by=\"avia_inline_auto\" id=\"style-css-av-22k96uf-9a6707adc636f9e9648f6829b499e220\">\n#top .hr.hr-invisible.av-22k96uf-9a6707adc636f9e9648f6829b499e220{\nheight:30px;\n}\n<\/style>\n<div  class='hr av-22k96uf-9a6707adc636f9e9648f6829b499e220 hr-invisible  avia-builder-el-2  el_after_av_hr  el_before_av_hr '><span class='hr-inner '><span class=\"hr-inner-style\"><\/span><\/span><\/div>\n<\/div>\n<p><em><img loading=\"lazy\" decoding=\"async\" class=\"alignright\" src=\"https:\/\/www.caue66.fr\/images\/Caue66\/Formations\/2025_formations\/Visuel_Formation_arbres_chgmt_clmtq.png\" alt=\"Visuel Formation arbres chgmt clmtq\" width=\"274\" height=\"274\" \/><\/em><\/p>\n<p><em>Face au <strong>changement climatique<\/strong> et \u00e0 l\u2019<strong>accentuation des \u00e9v\u00e9nements extr\u00eames type s\u00e9cheresse et inondation<\/strong>, la v\u00e9g\u00e9talisation des villes devient une priorit\u00e9. Les arbres en particulier permettent de <strong>r\u00e9guler les temp\u00e9ratures<\/strong> ainsi que le f<strong>lux des eaux de ruissellement<\/strong>, tout en <strong>purifiant l\u2019air et l\u2019eau<\/strong> de leur environnement direct. La <strong>d\u00e9sartificialisation des sols<\/strong> fait \u00e9galement partie des grand enjeux en mati\u00e8re d\u2019urbanisation.<\/em><\/p>\n<p><em>Pour que les projets de v\u00e9g\u00e9talisation soient les plus efficaces possibles, il est n\u00e9cessaire de les <\/em><em><strong>r\u00e9f<\/strong><\/em><em><strong>l\u00e9chir dans leur globalit\u00e9<\/strong>. Le choix des v\u00e9g\u00e9taux et de leur emplacement, les techniques d\u2019am\u00e9nagement et d\u2019entretien, la mise en place de corridors et de trames, tous ces \u00e9l\u00e9ments doivent \u00eatre pris en compte pendant la phase de conception.<\/em><\/p>\n<p><em>Cette formation a pour but de fournir les principales <strong>cl\u00e9s de r\u00e9flexion et m\u00e9thodes de r\u00e9alisation<\/strong> <strong>afin d\u2019optimiser le pouvoir r\u00e9gulateur des espaces verts en milieu urbain<\/strong>.<\/em><\/p>\n\n<style type=\"text\/css\" data-created_by=\"avia_inline_auto\" id=\"style-css-av-1nusekn-6157856c293d00f5488d3a03fd47cb1f\">\n#top .hr.hr-invisible.av-1nusekn-6157856c293d00f5488d3a03fd47cb1f{\nheight:30px;\n}\n<\/style>\n<div  class='hr av-1nusekn-6157856c293d00f5488d3a03fd47cb1f hr-invisible  avia-builder-el-3  el_after_av_hr  el_before_av_hr '><span class='hr-inner '><span class=\"hr-inner-style\"><\/span><\/span><\/div>\n<p style=\"text-align: center;\"><a href=\"https:\/\/www.caue66.fr\/2025F09-arbres-changement-climatique\" target=\"_blank\" rel=\"noopener\"><strong>&gt;&gt; Informations et inscriptions &lt;&lt;<\/strong><\/a><\/p>\n\n<style type=\"text\/css\" data-created_by=\"avia_inline_auto\" id=\"style-css-av-15scc6f-734a47781b736d831518a0e1d061af2d\">\n#top .hr.hr-invisible.av-15scc6f-734a47781b736d831518a0e1d061af2d{\nheight:30px;\n}\n<\/style>\n<div  class='hr av-15scc6f-734a47781b736d831518a0e1d061af2d hr-invisible  avia-builder-el-4  el_after_av_hr  el_before_av_hr '><span class='hr-inner '><span class=\"hr-inner-style\"><\/span><\/span><\/div>\n<h3>OBJECTIFS<\/h3>\n<p>\u25ca Comprendre et ma\u00eetriser l\u2019int\u00e9r\u00eat climatique des espaces v\u00e9g\u00e9talis\u00e9s en milieu urbain<\/p>\n<p>\u25ca Acqu\u00e9rir les r\u00e9flexes et savoirs n\u00e9cessaires \u00e0 la pr\u00e9servation et au d\u00e9veloppement des trames verte et bleue<\/p>\n<h3>M\u00c9THODES ET OUTILS P\u00c9DAGOGIQUES<\/h3>\n<p>\u25ca Apports th\u00e9oriques<\/p>\n<p>\u25ca \u00c9changes interactifs pour r\u00e9pondre aux attentes des apprenants<\/p>\n<p>\u25ca Visite de terrain<\/p>\n<p>\u25ca Fiches techniques remises en s\u00e9ance<\/p>\n<h3>CO\u00dbT DE LA FORMATION<\/h3>\n<p><strong>350 \u20ac nets<\/strong> la journ\u00e9e (non assujettis \u00e0 la TVA, repas non compris)<\/p>\n<h3>CONTACT<\/h3>\n<p><strong>Pascale MIRALLES<\/strong>, Responsable administrative et financi\u00e8re<\/p>\n\n<style type=\"text\/css\" data-created_by=\"avia_inline_auto\" id=\"style-css-av-qus22v-bed1b8784f2fd87f89fab9f2475adab6\">\n#top .hr.hr-invisible.av-qus22v-bed1b8784f2fd87f89fab9f2475adab6{\nheight:30px;\n}\n<\/style>\n<div  class='hr av-qus22v-bed1b8784f2fd87f89fab9f2475adab6 hr-invisible  avia-builder-el-5  el_after_av_hr  avia-builder-el-last '><span class='hr-inner '><span class=\"hr-inner-style\"><\/span><\/span><\/div>\n<p><em>Source : CAUE66<\/em><\/p>\n","protected":false},"excerpt":{"rendered":"<p>Dans le cadre de sa mission de formation, le CAUE 66 organise une journ\u00e9e de formation sur la gestion des arbres face au changement climatique : La gestion des arbres face au changement climatique &gt;&gt; Informations et inscriptions &lt;&lt; Informations pratiques : Date : le mardi 23 septembre 2025\u00a0de 9h \u00e0 17h30 Lieu : Perpignan, [&hellip;]<\/p>\n","protected":false},"author":22,"featured_media":18126,"comment_status":"closed","ping_status":"closed","sticky":false,"template":"","format":"standard","meta":{"footnotes":""},"categories":[2,11],"tags":[],"class_list":["post-18119","post","type-post","status-publish","format-standard","has-post-thumbnail","hentry","category-actualites-fredon","category-agenda-jevi"],"_links":{"self":[{"href":"https:\/\/www.fredonoccitanie.com\/jevi\/wp-json\/wp\/v2\/posts\/18119","targetHints":{"allow":["GET"]}}],"collection":[{"href":"https:\/\/www.fredonoccitanie.com\/jevi\/wp-json\/wp\/v2\/posts"}],"about":[{"href":"https:\/\/www.fredonoccitanie.com\/jevi\/wp-json\/wp\/v2\/types\/post"}],"author":[{"embeddable":true,"href":"https:\/\/www.fredonoccitanie.com\/jevi\/wp-json\/wp\/v2\/users\/22"}],"replies":[{"embeddable":true,"href":"https:\/\/www.fredonoccitanie.com\/jevi\/wp-json\/wp\/v2\/comments?post=18119"}],"version-history":[{"count":5,"href":"https:\/\/www.fredonoccitanie.com\/jevi\/wp-json\/wp\/v2\/posts\/18119\/revisions"}],"predecessor-version":[{"id":18162,"href":"https:\/\/www.fredonoccitanie.com\/jevi\/wp-json\/wp\/v2\/posts\/18119\/revisions\/18162"}],"wp:featuredmedia":[{"embeddable":true,"href":"https:\/\/www.fredonoccitanie.com\/jevi\/wp-json\/wp\/v2\/media\/18126"}],"wp:attachment":[{"href":"https:\/\/www.fredonoccitanie.com\/jevi\/wp-json\/wp\/v2\/media?parent=18119"}],"wp:term":[{"taxonomy":"category","embeddable":true,"href":"https:\/\/www.fredonoccitanie.com\/jevi\/wp-json\/wp\/v2\/categories?post=18119"},{"taxonomy":"post_tag","embeddable":true,"href":"https:\/\/www.fredonoccitanie.com\/jevi\/wp-json\/wp\/v2\/tags?post=18119"}],"curies":[{"name":"wp","href":"https:\/\/api.w.org\/{rel}","templated":true}]}}