{"id":18079,"date":"2025-09-08T16:55:24","date_gmt":"2025-09-08T14:55:24","guid":{"rendered":"https:\/\/www.fredonoccitanie.com\/jevi\/?p=18079"},"modified":"2025-10-24T21:03:03","modified_gmt":"2025-10-24T19:03:03","slug":"journee-technique-18-11-25-gruissan-gestion-econome-en-eau-des-terrains-de-sports-enherbes","status":"publish","type":"post","link":"https:\/\/www.fredonoccitanie.com\/jevi\/2025\/09\/08\/journee-technique-18-11-25-gruissan-gestion-econome-en-eau-des-terrains-de-sports-enherbes\/","title":{"rendered":"[Journ\u00e9e technique] &#8211; 18\/11\/25 &#8211; Gruissan &#8211; Gestion \u00e9conome en eau des terrains de sports enherb\u00e9s"},"content":{"rendered":"<h1 style=\"text-align: center\"><strong>Des cl\u00e9s pour \u00e9conomiser l\u2019eau et accro\u00eetre la r\u00e9silience des terrains de sport<\/strong><\/h1>\n<p><img loading=\"lazy\" decoding=\"async\" class=\"wp-image-18080 aligncenter\" src=\"https:\/\/www.fredonoccitanie.com\/jevi\/wp-content\/uploads\/sites\/2\/2025\/09\/Gruissan@4x-8-1030x850.png\" alt=\"\" width=\"356\" height=\"300\" \/><\/p>\n<p>&nbsp;<\/p>\n<p style=\"text-align: center\"><strong>La ville de Gruissan et FREDON Occitanie<\/strong> organisent une journ\u00e9e technique sur la gestion \u00e9conome en eau des terrains de sport.<\/p>\n<p style=\"text-align: center\">Cette journ\u00e9e aura pour objectif d&rsquo;identifier des solutions pour \u00e9conomiser l&rsquo;eau et accroitre la r\u00e9silience des terrains de sport enherb\u00e9s.<\/p>\n<h3 style=\"text-align: center\"><a href=\"https:\/\/framaforms.org\/pre-inscription-journee-technique-181125-gruissan-11-gestion-econome-en-eau-des-terrains-de-sports\"><strong>&gt;&gt; CLIQUEZ ICI POUR VOUS INSCRIRE &lt;&lt;<\/strong><\/a><\/h3>\n<p>&nbsp;<\/p>\n<p style=\"text-align: center\"><strong>Programme pr\u00e9visionnel<\/strong><\/p>\n<p><strong>09h-09h15 &#8211; Accueil Caf\u00e9 offert par la ville de Gruissan<\/strong><\/p>\n<p><strong>09h15-09h30 &#8211; Ouverture de la journ\u00e9e technique et programme<\/strong><br \/>\n-Ville de Gruissan<br \/>\n-FREDON Occitanie<\/p>\n<p><strong>09h30-09h45 &#8211; Les financements possibles pour des terrains de sports \u00e9conomes en eau et r\u00e9silients<\/strong><br \/>\nAurore Bertrand, Agence de l\u2019eau Rh\u00f4ne M\u00e9diterran\u00e9e Corse<\/p>\n<p><strong>09h45-10h &#8211; Les enjeux li\u00e9s \u00e0 la ressource en eau et l&rsquo;accompagnement des communes du Parc<\/strong><br \/>\nEric Voque, Parc Naturel R\u00e9gional de la Narbonnaise<\/p>\n<p><strong>10h-10h15 &#8211; Accompagner et valoriser la baisse des consommations : l&rsquo;exemple du label \u00ab\u00a0Commune \u00e9conome en eau\u00a0\u00bb<\/strong><br \/>\nAna\u00eblle Quillet, Agence Locale de l\u2019Energie et du Climat Montpellier M\u00e9tropole<\/p>\n<p><strong>10h15-10h30-\u00a0 Choisir des semences r\u00e9sistantes \u00e0 la s\u00e9cheresse<\/strong><br \/>\nThierry Girault, ICL Group<\/p>\n<p><em><strong>Pause<\/strong><\/em><\/p>\n<p><strong>10h45-11h15 &#8211; Entretenir les terrains de sport pour accro\u00eetre leur r\u00e9silience<\/strong><br \/>\nCl\u00e9ment Baudot, DGS de Saint-Laurent-d&rsquo;Aigouze (30) &#8211; ex-directeur adjoint de FREDON Occitanie<\/p>\n<p><strong>11h15-11h45 &#8211; L\u2019arrosage des terrains de sport : la gestion centralis\u00e9e<\/strong><br \/>\nFabrice Montbarbon, GreenCitizen,<\/p>\n<p><strong>11h45-12h30 &#8211; \u00ab Table ronde \u2013 Quelles sont les bases essentielles pour des infrastructures r\u00e9pondant aux besoins dans un souci d&rsquo;\u00e9conomie d&rsquo;eau et de r\u00e9silience face aux s\u00e9cheresses ?<\/strong><br \/>\n-R\u00e9mi Laffage et Andr\u00e9 Bedos, Ville de Gruissan<br \/>\n-Pierre Joly, Soci\u00e9t\u00e9 Fran\u00e7aise de Gazon<br \/>\n-Magali ISIDRO, Association Nationale des Directeurs et des Intervenants d&rsquo;Installations et des Services des Sports<\/p>\n<p>&nbsp;<\/p>\n<p><em><strong>Repas 12h30-13h45 offert par FREDON Occitanie et ses partenaires<\/strong><\/em><\/p>\n<p>&nbsp;<\/p>\n<p><strong>13h45 &#8211; 14h30 D\u00e9monstration de mat\u00e9riels, op\u00e9rations m\u00e9caniques d\u2019entretien et autres actions <\/strong><strong>pour une meilleure r\u00e9silience des terrains enherb\u00e9s<\/strong><br \/>\nVille de Gruissan<\/p>\n<p><strong>14h30-16h30 Ateliers techniques de terrain &#8211; 3 ateliers tournants de 30 mn<\/strong><\/p>\n<p>-Atelier eau : Piloter son arrosage pour r\u00e9duire la consommation en eau<br \/>\n-Atelier semence : Choisir ses semences pour une meilleure r\u00e9silience des terrains de sport.<br \/>\n-Ateliers sol : R\u00e9aliser un profil agronomique pour anticiper les op\u00e9rations d\u2019entretien.<\/p>\n<p><strong>16h45 &#8211; Fin de la journ\u00e9e<\/strong><\/p>\n<p style=\"text-align: center\"><strong>Pour toute personne int\u00e9ress\u00e9e, merci de vous inscrire ci-dessous. <\/strong><\/p>\n<p style=\"text-align: center\"><strong>Le programme finalis\u00e9 ainsi que les aspects logistiques vous seront envoy\u00e9s d&rsquo;ici fin septembre.<\/strong><\/p>\n<p>&nbsp;<\/p>\n<h3 style=\"text-align: center\"><a href=\"https:\/\/framaforms.org\/pre-inscription-journee-technique-181125-gruissan-11-gestion-econome-en-eau-des-terrains-de-sports\"><strong>&gt;&gt; CLIQUEZ ICI POUR VOUS INSCRIRE &lt;&lt;<\/strong><\/a><\/h3>\n<p>&nbsp;<\/p>\n","protected":false},"excerpt":{"rendered":"<p>Des cl\u00e9s pour \u00e9conomiser l\u2019eau et accro\u00eetre la r\u00e9silience des terrains de sport &nbsp; La ville de Gruissan et FREDON Occitanie organisent une journ\u00e9e technique sur la gestion \u00e9conome en eau des terrains de sport. Cette journ\u00e9e aura pour objectif d&rsquo;identifier des solutions pour \u00e9conomiser l&rsquo;eau et accroitre la r\u00e9silience des terrains de sport enherb\u00e9s. [&hellip;]<\/p>\n","protected":false},"author":14,"featured_media":18083,"comment_status":"closed","ping_status":"closed","sticky":false,"template":"","format":"standard","meta":{"footnotes":""},"categories":[3,11],"tags":[],"class_list":["post-18079","post","type-post","status-publish","format-standard","has-post-thumbnail","hentry","category-agenda-fredon","category-agenda-jevi"],"_links":{"self":[{"href":"https:\/\/www.fredonoccitanie.com\/jevi\/wp-json\/wp\/v2\/posts\/18079","targetHints":{"allow":["GET"]}}],"collection":[{"href":"https:\/\/www.fredonoccitanie.com\/jevi\/wp-json\/wp\/v2\/posts"}],"about":[{"href":"https:\/\/www.fredonoccitanie.com\/jevi\/wp-json\/wp\/v2\/types\/post"}],"author":[{"embeddable":true,"href":"https:\/\/www.fredonoccitanie.com\/jevi\/wp-json\/wp\/v2\/users\/14"}],"replies":[{"embeddable":true,"href":"https:\/\/www.fredonoccitanie.com\/jevi\/wp-json\/wp\/v2\/comments?post=18079"}],"version-history":[{"count":5,"href":"https:\/\/www.fredonoccitanie.com\/jevi\/wp-json\/wp\/v2\/posts\/18079\/revisions"}],"predecessor-version":[{"id":18260,"href":"https:\/\/www.fredonoccitanie.com\/jevi\/wp-json\/wp\/v2\/posts\/18079\/revisions\/18260"}],"wp:featuredmedia":[{"embeddable":true,"href":"https:\/\/www.fredonoccitanie.com\/jevi\/wp-json\/wp\/v2\/media\/18083"}],"wp:attachment":[{"href":"https:\/\/www.fredonoccitanie.com\/jevi\/wp-json\/wp\/v2\/media?parent=18079"}],"wp:term":[{"taxonomy":"category","embeddable":true,"href":"https:\/\/www.fredonoccitanie.com\/jevi\/wp-json\/wp\/v2\/categories?post=18079"},{"taxonomy":"post_tag","embeddable":true,"href":"https:\/\/www.fredonoccitanie.com\/jevi\/wp-json\/wp\/v2\/tags?post=18079"}],"curies":[{"name":"wp","href":"https:\/\/api.w.org\/{rel}","templated":true}]}}