{"id":17805,"date":"2025-05-05T12:26:59","date_gmt":"2025-05-05T10:26:59","guid":{"rendered":"https:\/\/www.fredonoccitanie.com\/jevi\/?p=17805"},"modified":"2025-05-05T12:33:07","modified_gmt":"2025-05-05T10:33:07","slug":"journee-technique-faire-du-vegetal-un-allie-pour-lattractivite-du-territoire-fredon-pnr-aubrac","status":"publish","type":"post","link":"https:\/\/www.fredonoccitanie.com\/jevi\/2025\/05\/05\/journee-technique-faire-du-vegetal-un-allie-pour-lattractivite-du-territoire-fredon-pnr-aubrac\/","title":{"rendered":"[Journ\u00e9e technique] \u2013 Faire du v\u00e9g\u00e9tal un alli\u00e9 pour l&rsquo;attractivit\u00e9 du territoire &#8211; FREDON &amp; PNR Aubrac"},"content":{"rendered":"<p>En collaboration avec le <strong>Parc naturel r\u00e9gional (PNR) de l&rsquo;Aubrac<\/strong>, les \u00e9quipes du Parc et de l&rsquo;<strong>animation du r\u00e9seau JEVI de FREDON Occitanie<\/strong> ont organis\u00e9 une journ\u00e9e \u00e0 l&rsquo;attention des acteurs du territoire dans le cadre des journ\u00e9es <strong>\u00ab\u00a0Ambassadeurs du Parc\u00a0\u00bb<\/strong>.<\/p>\n<p>La demi-journ\u00e9e s&rsquo;est d\u00e9roul\u00e9 le <strong>3 avril 2025<\/strong> au sein des espaces v\u00e9g\u00e9talis\u00e9s du <a href=\"https:\/\/www.camping-valdesaures.com\/\" target=\"_blank\" rel=\"noopener\"><strong>camping du Val de Saures \u00e0 Entraygues sur Truy\u00e8res (12)<\/strong><\/a>, premier \u00e9tablissement de tourisme signataire de la <strong><a href=\"https:\/\/www.fredonoccitanie.com\/jevi\/charte-regionale-engage-pour-le-vegetal\/\">charte Engag\u00e9 pour le V\u00e9g\u00e9tal<\/a> en Aveyron depuis 2023<\/strong>.<\/p>\n<p><strong>Philippe CHAMPETIER<\/strong>, gestionnaire du camping recevant ce m\u00eame jour <strong>l&rsquo;obtention de <a href=\"https:\/\/www.parc-naturel-aubrac.fr\/en-action\/en-action-marque-valeurs-parc\/\" target=\"_blank\" rel=\"noopener\">la marque \u00ab\u00a0Valeurs Parc\u00a0\u00bb<\/a> port\u00e9 par le PNR<\/strong>, nous a accueilli sur son site afin de pouvoir <strong>aborder le r\u00f4le du v\u00e9g\u00e9tal dans la qualit\u00e9 paysag\u00e8re des territoires et son potentiel d&rsquo;attractivit\u00e9<\/strong>.<\/p>\n\n<style type=\"text\/css\" data-created_by=\"avia_inline_auto\" id=\"style-css-av-3o97ufh-ef7aa3e253f3dd18492d993dc2c6b716\">\n#top .hr.hr-invisible.av-3o97ufh-ef7aa3e253f3dd18492d993dc2c6b716{\nheight:40px;\n}\n<\/style>\n<div  class='hr av-3o97ufh-ef7aa3e253f3dd18492d993dc2c6b716 hr-invisible  avia-builder-el-0  el_before_av_hr  avia-builder-el-first '><span class='hr-inner '><span class=\"hr-inner-style\"><\/span><\/span><\/div>\n<p>Le sujet du jour : <strong><em>faire du v\u00e9g\u00e9tal un alli\u00e9 en terme de gestion des espaces et appui d&rsquo;attractivit\u00e9 du territoire.<\/em><\/strong><\/p>\n<p>&nbsp;<\/p>\n<div id=\"attachment_17807\" style=\"width: 445px\" class=\"wp-caption aligncenter\"><img loading=\"lazy\" decoding=\"async\" aria-describedby=\"caption-attachment-17807\" class=\" wp-image-17807\" src=\"https:\/\/www.fredonoccitanie.com\/jevi\/wp-content\/uploads\/sites\/2\/2025\/05\/20250403_101207-300x225.jpg\" alt=\"\" width=\"435\" height=\"326\" srcset=\"https:\/\/www.fredonoccitanie.com\/jevi\/wp-content\/uploads\/sites\/2\/2025\/05\/20250403_101207-300x225.jpg 300w, https:\/\/www.fredonoccitanie.com\/jevi\/wp-content\/uploads\/sites\/2\/2025\/05\/20250403_101207-1030x773.jpg 1030w, https:\/\/www.fredonoccitanie.com\/jevi\/wp-content\/uploads\/sites\/2\/2025\/05\/20250403_101207-768x576.jpg 768w, https:\/\/www.fredonoccitanie.com\/jevi\/wp-content\/uploads\/sites\/2\/2025\/05\/20250403_101207-1536x1152.jpg 1536w, https:\/\/www.fredonoccitanie.com\/jevi\/wp-content\/uploads\/sites\/2\/2025\/05\/20250403_101207-2048x1536.jpg 2048w, https:\/\/www.fredonoccitanie.com\/jevi\/wp-content\/uploads\/sites\/2\/2025\/05\/20250403_101207-1500x1125.jpg 1500w, https:\/\/www.fredonoccitanie.com\/jevi\/wp-content\/uploads\/sites\/2\/2025\/05\/20250403_101207-705x529.jpg 705w\" sizes=\"auto, (max-width: 435px) 100vw, 435px\" \/><p id=\"caption-attachment-17807\" class=\"wp-caption-text\">Sensibilisation en salle sur la qualit\u00e9 des paysages \u00e0 travers la v\u00e9g\u00e9talisation<\/p><\/div>\n<p>&nbsp;<\/p>\n<p>Durant cette intervention, la quinzaine de participants (\u00e9lus, agents communaux, gestionnaires d&rsquo;espaces v\u00e9g\u00e9talis\u00e9s, acteurs associatifs, etc.) ont \u00e9t\u00e9 amen\u00e9s \u00e0 <strong>se questionner sur notre empreinte collective au sein des paysages<\/strong> que ce soit par l&rsquo;urbanisation, les choix des infrastructures, mais surtout, <strong>\u00e0 travers nos choix d&rsquo;am\u00e9nagements en lien avec le v\u00e9g\u00e9tal<\/strong>, souvent oubli\u00e9s dans l&rsquo;int\u00e9gration paysag\u00e8re des espaces.<\/p>\n\n<style type=\"text\/css\" data-created_by=\"avia_inline_auto\" id=\"style-css-av-2wliibx-d84ebb5ae5b3497ff4bfbff76fd50f6a\">\n#top .hr.hr-invisible.av-2wliibx-d84ebb5ae5b3497ff4bfbff76fd50f6a{\nheight:20px;\n}\n<\/style>\n<div  class='hr av-2wliibx-d84ebb5ae5b3497ff4bfbff76fd50f6a hr-invisible  avia-builder-el-1  el_after_av_hr  el_before_av_hr '><span class='hr-inner '><span class=\"hr-inner-style\"><\/span><\/span><\/div>\n<p>&nbsp;<\/p>\n<h3><\/h3>\n<h3><em>\u00ab\u00a0Nous ne voulions pas seulement apporter des informations th\u00e9oriques mais surtout provoquer des \u00e9changes entre professionnels vari\u00e9s.\u00a0\u00bb <\/em>&#8211; R\u00e9gine PECHBERTY<\/h3>\n<p>Dans un second temps, les participants <strong>ont visit\u00e9 le camping avec les indications de M. C<\/strong><strong>HAMPETIER<\/strong> \u00e0 propos duquel ils ont \u00e9t\u00e9 incit\u00e9s \u00e0 <strong>poser des questions sur la gestion des espaces v\u00e9g\u00e9talis\u00e9s<\/strong> (nouvelles plantations, choix des v\u00e9g\u00e9taux d\u00e9limitant les emplacements, techniques de taille des haies et arbres de hauts jets, gestion de la strate herbac\u00e9e, etc.).<\/p>\n<div id=\"attachment_17824\" style=\"width: 483px\" class=\"wp-caption aligncenter\"><img loading=\"lazy\" decoding=\"async\" aria-describedby=\"caption-attachment-17824\" class=\" wp-image-17824\" src=\"https:\/\/www.fredonoccitanie.com\/jevi\/wp-content\/uploads\/sites\/2\/2025\/05\/20250403_104627-300x225.jpg\" alt=\"\" width=\"473\" height=\"355\" srcset=\"https:\/\/www.fredonoccitanie.com\/jevi\/wp-content\/uploads\/sites\/2\/2025\/05\/20250403_104627-300x225.jpg 300w, https:\/\/www.fredonoccitanie.com\/jevi\/wp-content\/uploads\/sites\/2\/2025\/05\/20250403_104627-1030x773.jpg 1030w, https:\/\/www.fredonoccitanie.com\/jevi\/wp-content\/uploads\/sites\/2\/2025\/05\/20250403_104627-768x576.jpg 768w, https:\/\/www.fredonoccitanie.com\/jevi\/wp-content\/uploads\/sites\/2\/2025\/05\/20250403_104627-1536x1152.jpg 1536w, https:\/\/www.fredonoccitanie.com\/jevi\/wp-content\/uploads\/sites\/2\/2025\/05\/20250403_104627-2048x1536.jpg 2048w, https:\/\/www.fredonoccitanie.com\/jevi\/wp-content\/uploads\/sites\/2\/2025\/05\/20250403_104627-1500x1125.jpg 1500w, https:\/\/www.fredonoccitanie.com\/jevi\/wp-content\/uploads\/sites\/2\/2025\/05\/20250403_104627-705x529.jpg 705w\" sizes=\"auto, (max-width: 473px) 100vw, 473px\" \/><p id=\"caption-attachment-17824\" class=\"wp-caption-text\">Visite comment\u00e9e du camping et relev\u00e9 d&rsquo;observations &#8211; Myl\u00e8ne GRAS<\/p><\/div>\n\n<style type=\"text\/css\" data-created_by=\"avia_inline_auto\" id=\"style-css-av-2o55pvx-43e48ca94c15a75eadeb254952b8fda0\">\n#top .hr.hr-invisible.av-2o55pvx-43e48ca94c15a75eadeb254952b8fda0{\nheight:40px;\n}\n<\/style>\n<div  class='hr av-2o55pvx-43e48ca94c15a75eadeb254952b8fda0 hr-invisible  avia-builder-el-2  el_after_av_hr  el_before_av_hr '><span class='hr-inner '><span class=\"hr-inner-style\"><\/span><\/span><\/div>\n<p>Lors de retour en salle, les participants ont pu <strong>rapporter leurs observations, les agr\u00e9menter de leurs commentaires<\/strong> et, \u00e0 l&rsquo;aide de l&rsquo;\u00e9quipe d&rsquo;animation FREDON et du PNR de l&rsquo;Aubrac, <strong>identifier les bonnes pratiques de gestion des espaces v\u00e9g\u00e9talis\u00e9s et d\u00e9cons<\/strong><strong>truire certaines id\u00e9es pr\u00e9con\u00e7ues<\/strong> (taille s\u00e9v\u00e8re, gestion trop intensive, etc.).<\/p>\n<div id=\"attachment_17823\" style=\"width: 294px\" class=\"wp-caption aligncenter\"><img loading=\"lazy\" decoding=\"async\" aria-describedby=\"caption-attachment-17823\" class=\" wp-image-17823\" src=\"https:\/\/www.fredonoccitanie.com\/jevi\/wp-content\/uploads\/sites\/2\/2025\/05\/20250403_120809-225x300.jpg\" alt=\"\" width=\"284\" height=\"379\" srcset=\"https:\/\/www.fredonoccitanie.com\/jevi\/wp-content\/uploads\/sites\/2\/2025\/05\/20250403_120809-225x300.jpg 225w, https:\/\/www.fredonoccitanie.com\/jevi\/wp-content\/uploads\/sites\/2\/2025\/05\/20250403_120809-773x1030.jpg 773w, https:\/\/www.fredonoccitanie.com\/jevi\/wp-content\/uploads\/sites\/2\/2025\/05\/20250403_120809-768x1024.jpg 768w, https:\/\/www.fredonoccitanie.com\/jevi\/wp-content\/uploads\/sites\/2\/2025\/05\/20250403_120809-1152x1536.jpg 1152w, https:\/\/www.fredonoccitanie.com\/jevi\/wp-content\/uploads\/sites\/2\/2025\/05\/20250403_120809-1536x2048.jpg 1536w, https:\/\/www.fredonoccitanie.com\/jevi\/wp-content\/uploads\/sites\/2\/2025\/05\/20250403_120809-1125x1500.jpg 1125w, https:\/\/www.fredonoccitanie.com\/jevi\/wp-content\/uploads\/sites\/2\/2025\/05\/20250403_120809-529x705.jpg 529w, https:\/\/www.fredonoccitanie.com\/jevi\/wp-content\/uploads\/sites\/2\/2025\/05\/20250403_120809-scaled.jpg 1920w\" sizes=\"auto, (max-width: 284px) 100vw, 284px\" \/><p id=\"caption-attachment-17823\" class=\"wp-caption-text\">Retour en salle et mise en commun des observations faites sur le terrain &#8211; R\u00e9gine PECHBERTY<\/p><\/div>\n\n<style type=\"text\/css\" data-created_by=\"avia_inline_auto\" id=\"style-css-av-28rvlf1-8de825c2d94feea4007eb0bfb8a46b60\">\n#top .hr.hr-invisible.av-28rvlf1-8de825c2d94feea4007eb0bfb8a46b60{\nheight:30px;\n}\n<\/style>\n<div  class='hr av-28rvlf1-8de825c2d94feea4007eb0bfb8a46b60 hr-invisible  avia-builder-el-3  el_after_av_hr  el_before_av_hr '><span class='hr-inner '><span class=\"hr-inner-style\"><\/span><\/span><\/div>\n<p>&nbsp;<\/p>\n<p>Enfin, un dernier focus a \u00e9t\u00e9 fait sur <a href=\"https:\/\/www.fredonoccitanie.com\/jevi\/bonnes-pratiques-de-plantation-et-de-choix-de-vegetaux\/\" target=\"_blank\" rel=\"noopener\"><strong>les bons r\u00e9flexes \u00e0 avoir lors de travaux de plantation<\/strong><\/a>, avec une devise primordiale \u00e0 retenir :\u00a0 choisir le <strong>bon v\u00e9g\u00e9tal au bon endroit<\/strong>, temps de r\u00e9flexion n\u00e9cessaire afin d&rsquo;\u00e9viter les \u00e9cueils et difficult\u00e9s de gestion par la suite durant des d\u00e9cennies. En compl\u00e9ment, <strong>Ugolin BOURBON-DENIS, charg\u00e9 de mission agro-environement au parc,<\/strong> a sensibilis\u00e9 les participants sur l&rsquo;utilisation du <a href=\"https:\/\/www.vegetal-local.fr\/\" target=\"_blank\" rel=\"noopener\">V\u00e9g\u00e9tal Local<\/a> dans les espaces v\u00e9g\u00e9talis\u00e9s, afin d&rsquo;<strong>optimiser les facteurs de r\u00e9ussite d&rsquo;implantation<\/strong> des v\u00e9g\u00e9taux et <strong>leur int\u00e9gration paysag\u00e8re<\/strong>, renfor\u00e7ant les qualit\u00e9s sp\u00e9cifiques des territoires.<\/p>\n<p><strong>Face aux changements socio-environnementaux<\/strong> (baisse des moyens financiers en interne, \u00e9volution de la r\u00e9glementation via la r\u00e9duction des produits phytosanitaires, les attentes des usagers, etc.), si l&rsquo;on garde la m\u00eame conception d&rsquo;espaces avec une gestion intensive, celle-ci peut devenir <strong>un v\u00e9ritable casse-t\u00eate couteux, chronophage et peu valorisant<\/strong> pour la qualit\u00e9 des territoires.<\/p>\n<h3><em>\u00ab\u00a0Si l&rsquo;on change de regard, en repla\u00e7ant le v\u00e9g\u00e9tal au c\u0153ur des paysages et de la gestion des espaces, et s&rsquo;il n&rsquo;est plus vu comme une contrainte mais comme un atout, il devient alors un alli\u00e9 pour nos territoires.\u00a0\u00bb<\/em> &#8211; Sophie ALBESPY<\/h3>\n\n<style type=\"text\/css\" data-created_by=\"avia_inline_auto\" id=\"style-css-av-5occjx-b2f23801d39be36ef48a17e5d27d6644\">\n#top .hr.hr-invisible.av-5occjx-b2f23801d39be36ef48a17e5d27d6644{\nheight:80px;\n}\n<\/style>\n<div  class='hr av-5occjx-b2f23801d39be36ef48a17e5d27d6644 hr-invisible  avia-builder-el-4  el_after_av_hr  el_before_av_button '><span class='hr-inner '><span class=\"hr-inner-style\"><\/span><\/span><\/div>\n<p><em>\ud83c\udf3fVous souhaitez vous aussi vous engager dans une d\u00e9marche plus vertueuse des espaces v\u00e9g\u00e9talis\u00e9s pour les gestionnaires, les agents, les usagers et l&rsquo;environnement ?<\/em> FREDON Occitanie d\u00e9ploie le dispositif gratuit de la charte Engag\u00e9 pour le V\u00e9g\u00e9tal.<em>\ud83c\udf3f<\/em><\/p>\n<div  class='avia-button-wrap av-14kkyz1-c52f2acd58e680b77ff2e41ebf601079-wrap avia-button-center  avia-builder-el-5  el_after_av_hr  el_before_av_hr '><a href='https:\/\/www.fredonoccitanie.com\/jevi\/charte-regionale-engage-pour-le-vegetal\/'  class='avia-button av-14kkyz1-c52f2acd58e680b77ff2e41ebf601079 av-link-btn avia-icon_select-no avia-size-small avia-position-center avia-color-theme-color'  target=\"_blank\"  rel=\"noopener noreferrer\"  aria-label=\"Tout savoir sur la charte\"><span class='avia_iconbox_title' >Tout savoir sur la charte<\/span><\/a><\/div>\n\n<style type=\"text\/css\" data-created_by=\"avia_inline_auto\" id=\"style-css-av-8vqnh-7befd46f838ee7d141a722cfc02ae5a1\">\n#top .hr.hr-invisible.av-8vqnh-7befd46f838ee7d141a722cfc02ae5a1{\nheight:50px;\n}\n<\/style>\n<div  class='hr av-8vqnh-7befd46f838ee7d141a722cfc02ae5a1 hr-invisible  avia-builder-el-6  el_after_av_button  avia-builder-el-last '><span class='hr-inner '><span class=\"hr-inner-style\"><\/span><\/span><\/div>\n<p>Cet \u00e9v\u00e9nement a \u00e9t\u00e9 conjointement pr\u00e9par\u00e9 par les agents du <a href=\"https:\/\/www.parc-naturel-aubrac.fr\/\" target=\"_blank\" rel=\"noopener\">Parc naturel de l&rsquo;Aubrac<\/a>&#8230;<\/p>\n<ul>\n<li>R\u00e9gine PECHBERTY, charg\u00e9e de mission Marque Valeurs Parc<\/li>\n<li>Ugolin BOURBON-DENIS, charg\u00e9 de mission Agro-environnement<\/li>\n<li>Myl\u00e8ne GRAS, charg\u00e9e de mission Tourime et activit\u00e9s de plein nature<\/li>\n<\/ul>\n<p>&#8230;et les animateurs du r\u00e9seau JEVI FREDON Occitanie : <a id=\"ember560\" class=\"ember-view\" href=\"https:\/\/www.linkedin.com\/in\/sophie-albespy-a83474113\/\" target=\"_blank\" rel=\"noopener\">Sophie ALBESPY<\/a> et <a id=\"ember559\" class=\"ember-view\" href=\"https:\/\/www.linkedin.com\/in\/florian-martel-1b173758\/\" target=\"_blank\" rel=\"noopener\">Florian MARTEL<\/a><\/p>\n<p>&nbsp;<\/p>\n<p><strong><em>Florian et Sophie souhaitent remercier chaleureusement les participants, l&rsquo;\u00e9quipe du Parc naturel r\u00e9gional de l&rsquo;Aubrac ayant permis cette collaboration ainsi que M. CHAMPETIER pour son accueil et la visite du camping.<\/em><\/strong><\/p>\n","protected":false},"excerpt":{"rendered":"<p>En collaboration avec le Parc naturel r\u00e9gional (PNR) de l&rsquo;Aubrac, les \u00e9quipes du Parc et de l&rsquo;animation du r\u00e9seau JEVI de FREDON Occitanie ont organis\u00e9 une journ\u00e9e \u00e0 l&rsquo;attention des acteurs du territoire dans le cadre des journ\u00e9es \u00ab\u00a0Ambassadeurs du Parc\u00a0\u00bb. La demi-journ\u00e9e s&rsquo;est d\u00e9roul\u00e9 le 3 avril 2025 au sein des espaces v\u00e9g\u00e9talis\u00e9s du [&hellip;]<\/p>\n","protected":false},"author":22,"featured_media":17838,"comment_status":"closed","ping_status":"closed","sticky":false,"template":"","format":"standard","meta":{"footnotes":""},"categories":[8,2],"tags":[],"class_list":["post-17805","post","type-post","status-publish","format-standard","has-post-thumbnail","hentry","category-jevi","category-actualites-fredon"],"_links":{"self":[{"href":"https:\/\/www.fredonoccitanie.com\/jevi\/wp-json\/wp\/v2\/posts\/17805","targetHints":{"allow":["GET"]}}],"collection":[{"href":"https:\/\/www.fredonoccitanie.com\/jevi\/wp-json\/wp\/v2\/posts"}],"about":[{"href":"https:\/\/www.fredonoccitanie.com\/jevi\/wp-json\/wp\/v2\/types\/post"}],"author":[{"embeddable":true,"href":"https:\/\/www.fredonoccitanie.com\/jevi\/wp-json\/wp\/v2\/users\/22"}],"replies":[{"embeddable":true,"href":"https:\/\/www.fredonoccitanie.com\/jevi\/wp-json\/wp\/v2\/comments?post=17805"}],"version-history":[{"count":5,"href":"https:\/\/www.fredonoccitanie.com\/jevi\/wp-json\/wp\/v2\/posts\/17805\/revisions"}],"predecessor-version":[{"id":17842,"href":"https:\/\/www.fredonoccitanie.com\/jevi\/wp-json\/wp\/v2\/posts\/17805\/revisions\/17842"}],"wp:featuredmedia":[{"embeddable":true,"href":"https:\/\/www.fredonoccitanie.com\/jevi\/wp-json\/wp\/v2\/media\/17838"}],"wp:attachment":[{"href":"https:\/\/www.fredonoccitanie.com\/jevi\/wp-json\/wp\/v2\/media?parent=17805"}],"wp:term":[{"taxonomy":"category","embeddable":true,"href":"https:\/\/www.fredonoccitanie.com\/jevi\/wp-json\/wp\/v2\/categories?post=17805"},{"taxonomy":"post_tag","embeddable":true,"href":"https:\/\/www.fredonoccitanie.com\/jevi\/wp-json\/wp\/v2\/tags?post=17805"}],"curies":[{"name":"wp","href":"https:\/\/api.w.org\/{rel}","templated":true}]}}