{"id":17794,"date":"2025-05-02T16:37:01","date_gmt":"2025-05-02T14:37:01","guid":{"rendered":"https:\/\/www.fredonoccitanie.com\/jevi\/?p=17794"},"modified":"2026-01-21T15:22:47","modified_gmt":"2026-01-21T14:22:47","slug":"biodiversite-espaces-verts","status":"publish","type":"post","link":"https:\/\/www.fredonoccitanie.com\/jevi\/2025\/05\/02\/biodiversite-espaces-verts\/","title":{"rendered":"[Journ\u00e9e technique] \u2013 Retour sur la journ\u00e9e \u00ab\u00a0Suivre la biodiversit\u00e9 dans les espaces verts\u00a0\u00bb"},"content":{"rendered":"<h1 style=\"text-align: center\">Une initiation aux protocoles Floril\u00e8ges-prairie et Propage pour 33 participants !<\/h1>\n<p>&nbsp;<\/p>\n<p>Le r\u00e9seau JEVI, anim\u00e9 par FREDON Occitanie, organisait le mardi 29 avril, \u00e0 Montpellier, une journ\u00e9e technique sur les suivis de la biodiversit\u00e9 dans les espaces verts pour la deuxi\u00e8me ann\u00e9e cons\u00e9cutive.<br \/>\n<img loading=\"lazy\" decoding=\"async\" class=\"size-medium wp-image-17798 aligncenter\" src=\"https:\/\/www.fredonoccitanie.com\/jevi\/wp-content\/uploads\/sites\/2\/2025\/05\/Florileges_Propage_25-2-225x300.jpg\" alt=\"\" width=\"225\" height=\"300\" srcset=\"https:\/\/www.fredonoccitanie.com\/jevi\/wp-content\/uploads\/sites\/2\/2025\/05\/Florileges_Propage_25-2-225x300.jpg 225w, https:\/\/www.fredonoccitanie.com\/jevi\/wp-content\/uploads\/sites\/2\/2025\/05\/Florileges_Propage_25-2-773x1030.jpg 773w, https:\/\/www.fredonoccitanie.com\/jevi\/wp-content\/uploads\/sites\/2\/2025\/05\/Florileges_Propage_25-2-768x1024.jpg 768w, https:\/\/www.fredonoccitanie.com\/jevi\/wp-content\/uploads\/sites\/2\/2025\/05\/Florileges_Propage_25-2-1152x1536.jpg 1152w, https:\/\/www.fredonoccitanie.com\/jevi\/wp-content\/uploads\/sites\/2\/2025\/05\/Florileges_Propage_25-2-1536x2048.jpg 1536w, https:\/\/www.fredonoccitanie.com\/jevi\/wp-content\/uploads\/sites\/2\/2025\/05\/Florileges_Propage_25-2-1125x1500.jpg 1125w, https:\/\/www.fredonoccitanie.com\/jevi\/wp-content\/uploads\/sites\/2\/2025\/05\/Florileges_Propage_25-2-529x705.jpg 529w, https:\/\/www.fredonoccitanie.com\/jevi\/wp-content\/uploads\/sites\/2\/2025\/05\/Florileges_Propage_25-2-scaled.jpg 1920w\" sizes=\"auto, (max-width: 225px) 100vw, 225px\" \/><\/p>\n<p>\ud83e\uddd1\u200d\ud83c\udf3e Sous un grand soleil, 33 personnes dont 25 agents et 2 \u00e9lus de collectivit\u00e9s se sont initi\u00e9s aux protocoles Floril\u00e8ges prairie et Propage (PRotocole PApillons GEstionnaires) port\u00e9s par <a class=\"CBbYpNePzBFhWBvcNlkynoaEFSgUIe \" href=\"https:\/\/www.linkedin.com\/company\/vigie-nature\/\" target=\"_self\" data-test-app-aware-link=\"\">Vigie-Nature<\/a> <a class=\"CBbYpNePzBFhWBvcNlkynoaEFSgUIe \" href=\"https:\/\/www.linkedin.com\/company\/tela-botanica\/\" target=\"_self\" data-test-app-aware-link=\"\">Tela Botanica<\/a> et <a class=\"CBbYpNePzBFhWBvcNlkynoaEFSgUIe \" href=\"https:\/\/www.linkedin.com\/company\/noe-biodiversite\/\" target=\"_self\" data-test-app-aware-link=\"\">No\u00e9<\/a>.<\/p>\n<p>\ud83c\udfaf Ces protocoles permettent d&rsquo;am\u00e9liorer la connaissance sur la biodiversit\u00e9 des sites de prairies urbaines, de mieux connaitre l\u2019effet des pratiques de gestion sur leur qualit\u00e9 \u00e9cologique et d\u2019\u00e9tudier la dynamique de l\u2019\u00e9volution de ces milieux.<\/p>\n<p>\ud83d\udc38 Cette journ\u00e9e technique contribue concr\u00e8tement \u00e0 l&rsquo;engagement 9 de la charte Engag\u00e9 pour le v\u00e9g\u00e9tal : \u00ab\u00a0Accueil de la biodiversit\u00e9\u00a0\u00bb.<br \/>\n<img loading=\"lazy\" decoding=\"async\" class=\"size-medium wp-image-17795 aligncenter\" src=\"https:\/\/www.fredonoccitanie.com\/jevi\/wp-content\/uploads\/sites\/2\/2025\/05\/Florileges_Propage_25-3-300x225.jpg\" alt=\"\" width=\"300\" height=\"225\" srcset=\"https:\/\/www.fredonoccitanie.com\/jevi\/wp-content\/uploads\/sites\/2\/2025\/05\/Florileges_Propage_25-3-300x225.jpg 300w, https:\/\/www.fredonoccitanie.com\/jevi\/wp-content\/uploads\/sites\/2\/2025\/05\/Florileges_Propage_25-3-1030x773.jpg 1030w, https:\/\/www.fredonoccitanie.com\/jevi\/wp-content\/uploads\/sites\/2\/2025\/05\/Florileges_Propage_25-3-768x576.jpg 768w, https:\/\/www.fredonoccitanie.com\/jevi\/wp-content\/uploads\/sites\/2\/2025\/05\/Florileges_Propage_25-3-1536x1152.jpg 1536w, https:\/\/www.fredonoccitanie.com\/jevi\/wp-content\/uploads\/sites\/2\/2025\/05\/Florileges_Propage_25-3-2048x1536.jpg 2048w, https:\/\/www.fredonoccitanie.com\/jevi\/wp-content\/uploads\/sites\/2\/2025\/05\/Florileges_Propage_25-3-1500x1125.jpg 1500w, https:\/\/www.fredonoccitanie.com\/jevi\/wp-content\/uploads\/sites\/2\/2025\/05\/Florileges_Propage_25-3-705x529.jpg 705w\" sizes=\"auto, (max-width: 300px) 100vw, 300px\" \/><br \/>\n\ud83c\udf3f Pour tout savoir sur Engag\u00e9 pour le v\u00e9g\u00e9tal, c&rsquo;est ici \ud83d\udc47 :<br \/>\n<a class=\"CBbYpNePzBFhWBvcNlkynoaEFSgUIe \" href=\"https:\/\/lnkd.in\/ek3TZ4_V\" target=\"_self\" data-test-app-aware-link=\"\">https:\/\/lnkd.in\/ek3TZ4_V<\/a><\/p>\n<p>Merci \u00e0 <a class=\"CBbYpNePzBFhWBvcNlkynoaEFSgUIe \" href=\"https:\/\/www.linkedin.com\/company\/montpellier-ville-metropole-et-ccas\/\" target=\"_self\" data-test-app-aware-link=\"\">Montpellier, Ville, M\u00e9tropole et CCAS<\/a> pour l&rsquo;accueil sur le beau site de Grammont ainsi qu&rsquo;\u00e0 <a id=\"ember556\" class=\"ember-view\" href=\"https:\/\/www.linkedin.com\/in\/martin-jeanmougin-391108267\/\">Martin Jeanmougin<\/a>, <a id=\"ember557\" class=\"ember-view\" href=\"https:\/\/www.linkedin.com\/in\/ania-schleicher-2a9a791b8\/\">Ania Schleicher<\/a> du MNHN et <a id=\"ember558\" class=\"ember-view\" href=\"https:\/\/www.linkedin.com\/in\/aureliefroger\/\">Aur\u00e9lie Froger<\/a> de Tela Botanica pour l&rsquo;initiation aux protocoles.<\/p>\n<p>Organisation par les animateurs du r\u00e9seau JEVI : <a id=\"ember559\" class=\"ember-view\" href=\"https:\/\/www.linkedin.com\/in\/florian-martel-1b173758\/\">Florian MARTEL<\/a> et <a id=\"ember560\" class=\"ember-view\" href=\"https:\/\/www.linkedin.com\/in\/sophie-albespy-a83474113\/\">Sophie ALBESPY<\/a><\/p>\n<p><strong>Cr\u00e9dit photo : Florian Martel &#8211; FREDON Occitanie<\/strong><\/p>\n","protected":false},"excerpt":{"rendered":"<p>Une initiation aux protocoles Floril\u00e8ges-prairie et Propage pour 33 participants ! &nbsp; Le r\u00e9seau JEVI, anim\u00e9 par FREDON Occitanie, organisait le mardi 29 avril, \u00e0 Montpellier, une journ\u00e9e technique sur les suivis de la biodiversit\u00e9 dans les espaces verts pour la deuxi\u00e8me ann\u00e9e cons\u00e9cutive. \ud83e\uddd1\u200d\ud83c\udf3e Sous un grand soleil, 33 personnes dont 25 agents et [&hellip;]<\/p>\n","protected":false},"author":14,"featured_media":17850,"comment_status":"closed","ping_status":"closed","sticky":false,"template":"","format":"standard","meta":{"footnotes":""},"categories":[8,2],"tags":[],"class_list":["post-17794","post","type-post","status-publish","format-standard","has-post-thumbnail","hentry","category-jevi","category-actualites-fredon"],"_links":{"self":[{"href":"https:\/\/www.fredonoccitanie.com\/jevi\/wp-json\/wp\/v2\/posts\/17794","targetHints":{"allow":["GET"]}}],"collection":[{"href":"https:\/\/www.fredonoccitanie.com\/jevi\/wp-json\/wp\/v2\/posts"}],"about":[{"href":"https:\/\/www.fredonoccitanie.com\/jevi\/wp-json\/wp\/v2\/types\/post"}],"author":[{"embeddable":true,"href":"https:\/\/www.fredonoccitanie.com\/jevi\/wp-json\/wp\/v2\/users\/14"}],"replies":[{"embeddable":true,"href":"https:\/\/www.fredonoccitanie.com\/jevi\/wp-json\/wp\/v2\/comments?post=17794"}],"version-history":[{"count":3,"href":"https:\/\/www.fredonoccitanie.com\/jevi\/wp-json\/wp\/v2\/posts\/17794\/revisions"}],"predecessor-version":[{"id":17800,"href":"https:\/\/www.fredonoccitanie.com\/jevi\/wp-json\/wp\/v2\/posts\/17794\/revisions\/17800"}],"wp:featuredmedia":[{"embeddable":true,"href":"https:\/\/www.fredonoccitanie.com\/jevi\/wp-json\/wp\/v2\/media\/17850"}],"wp:attachment":[{"href":"https:\/\/www.fredonoccitanie.com\/jevi\/wp-json\/wp\/v2\/media?parent=17794"}],"wp:term":[{"taxonomy":"category","embeddable":true,"href":"https:\/\/www.fredonoccitanie.com\/jevi\/wp-json\/wp\/v2\/categories?post=17794"},{"taxonomy":"post_tag","embeddable":true,"href":"https:\/\/www.fredonoccitanie.com\/jevi\/wp-json\/wp\/v2\/tags?post=17794"}],"curies":[{"name":"wp","href":"https:\/\/api.w.org\/{rel}","templated":true}]}}