{"id":17787,"date":"2025-05-02T12:07:53","date_gmt":"2025-05-02T10:07:53","guid":{"rendered":"https:\/\/www.fredonoccitanie.com\/jevi\/?p=17787"},"modified":"2025-05-02T12:07:53","modified_gmt":"2025-05-02T10:07:53","slug":"recensement-dinitiatives-participez-au-recensement-damenagements-plantes-de-vegetaux-sauvages-dorigine-locale","status":"publish","type":"post","link":"https:\/\/www.fredonoccitanie.com\/jevi\/2025\/05\/02\/recensement-dinitiatives-participez-au-recensement-damenagements-plantes-de-vegetaux-sauvages-dorigine-locale\/","title":{"rendered":"[Recensement d\u2019initiatives] \u2013 Participez au recensement d\u2019am\u00e9nagements plant\u00e9s de v\u00e9g\u00e9taux sauvages d\u2019origine locale"},"content":{"rendered":"<h1 style=\"text-align: center\"><span data-contrast=\"auto\">Plante &amp; Cit\u00e9 lance une enqu\u00eate \u00e0 l\u2019\u00e9chelle nationale des am\u00e9nagements utilisant des v\u00e9g\u00e9taux sauvages d\u2019origine locale (VSOL)<\/span><span data-ccp-props=\"{}\">\u00a0<\/span><\/h1>\n<p><span data-contrast=\"auto\">Plante &amp; Cit\u00e9 lance une enqu\u00eate \u00e0 l\u2019\u00e9chelle nationale des am\u00e9nagements utilisant des v\u00e9g\u00e9taux sauvages d\u2019origine locale (VSOL)<\/span><span data-ccp-props=\"{}\">\u00a0<\/span><\/p>\n<p><span data-contrast=\"auto\">Tous les gestionnaires d\u2019am\u00e9nagements urbains ayant connaissance de sites d\u2019implantation de v\u00e9g\u00e9taux herbac\u00e9s et\/ou ligneux sauvages d\u2019origine locale, marqu\u00e9s ou non \u00ab\u202fV\u00e9g\u00e9tal Local\u202f\u00bb, peuvent participer \u00e0 cette enqu\u00eate\u202f!<\/span><span data-ccp-props=\"{}\">\u00a0<\/span><\/p>\n<p><img loading=\"lazy\" decoding=\"async\" class=\"wp-image-17790 size-medium aligncenter\" src=\"https:\/\/www.fredonoccitanie.com\/jevi\/wp-content\/uploads\/sites\/2\/2025\/05\/20250424_145807-scaled-e1746180213518-263x300.jpg\" alt=\"\" width=\"263\" height=\"300\" \/><\/p>\n<p style=\"text-align: center\"><strong><a href=\"https:\/\/docs.google.com\/forms\/d\/e\/1FAIpQLSdz1HPyDCga8rcGNl2lsa1mWkGwm0ZL97vHMGpahxOmUGOP3w\/viewform?pli=1\">&gt;&gt; PARTICIPEZ !<\/a>\u00a0<\/strong><\/p>\n<p style=\"text-align: center\"><strong><a href=\"https:\/\/docs.google.com\/forms\/d\/e\/1FAIpQLSdz1HPyDCga8rcGNl2lsa1mWkGwm0ZL97vHMGpahxOmUGOP3w\/viewform?pli=1\">Recensement d&rsquo;initiatives &#8211; V\u00e9g\u00e9taux sauvages d&rsquo;origine locale<\/a> &lt;&lt;<\/strong><\/p>\n<p>&nbsp;<\/p>\n<p><span data-contrast=\"auto\">Cette enqu\u00eate permettra de\u202f:<\/span><span data-ccp-props=\"{}\">\u00a0<\/span><\/p>\n<ul>\n<li data-leveltext=\"-\" data-font=\"Times New Roman\" data-listid=\"1\" data-list-defn-props=\"{&quot;335551671&quot;:6,&quot;335552541&quot;:1,&quot;335559685&quot;:720,&quot;335559991&quot;:360,&quot;469769226&quot;:&quot;Times New Roman&quot;,&quot;469769242&quot;:[8226],&quot;469777803&quot;:&quot;left&quot;,&quot;469777804&quot;:&quot;-&quot;,&quot;469777815&quot;:&quot;hybridMultilevel&quot;}\" data-aria-posinset=\"6\" data-aria-level=\"1\"><span data-contrast=\"auto\">Recenser les am\u00e9nagements de tels v\u00e9g\u00e9taux\u00a0<\/span><span data-ccp-props=\"{}\">\u00a0<\/span><\/li>\n<\/ul>\n<ul>\n<li data-leveltext=\"-\" data-font=\"Times New Roman\" data-listid=\"1\" data-list-defn-props=\"{&quot;335551671&quot;:6,&quot;335552541&quot;:1,&quot;335559685&quot;:720,&quot;335559991&quot;:360,&quot;469769226&quot;:&quot;Times New Roman&quot;,&quot;469769242&quot;:[8226],&quot;469777803&quot;:&quot;left&quot;,&quot;469777804&quot;:&quot;-&quot;,&quot;469777815&quot;:&quot;hybridMultilevel&quot;}\" data-aria-posinset=\"7\" data-aria-level=\"1\"><span data-contrast=\"auto\">Cartographier \u00e0 l\u2019\u00e9chelle nationale ces am\u00e9nagements\u00a0<\/span><span data-ccp-props=\"{}\">\u00a0<\/span><\/li>\n<\/ul>\n<ul>\n<li data-leveltext=\"-\" data-font=\"Times New Roman\" data-listid=\"1\" data-list-defn-props=\"{&quot;335551671&quot;:6,&quot;335552541&quot;:1,&quot;335559685&quot;:720,&quot;335559991&quot;:360,&quot;469769226&quot;:&quot;Times New Roman&quot;,&quot;469769242&quot;:[8226],&quot;469777803&quot;:&quot;left&quot;,&quot;469777804&quot;:&quot;-&quot;,&quot;469777815&quot;:&quot;hybridMultilevel&quot;}\" data-aria-posinset=\"8\" data-aria-level=\"1\"><span data-contrast=\"auto\">Identifier les actions men\u00e9es sur son territoire gr\u00e2ce \u00e0 cette cartographie qui sera accessible sur le portail de Plante &amp; Cit\u00e9<\/span><span data-ccp-props=\"{}\">\u00a0<\/span><\/li>\n<\/ul>\n<p>&nbsp;<\/p>\n<p><span data-contrast=\"auto\">En Occitanie, ce travail sera notamment utile pour FREDON Occitanie dans le cadre du stage de M2 de Johan Bolle. Ce dernier travaille sur la question de l\u2019implantation des v\u00e9g\u00e9taux sauvages d\u2019origine locale en JEVI. Ce travail comprend notamment la mise en place d\u2019une grille d\u2019analyse des am\u00e9nagements utilisant ces v\u00e9g\u00e9taux afin d\u2019accompagner la gestion de tels sites \u00e0 l&rsquo;avenir.<\/span><\/p>\n<p><span data-contrast=\"auto\">Dans le cadre de ce stage, ce recensement permettra de :<\/span><\/p>\n<ul>\n<li data-leveltext=\"-\" data-font=\"Times New Roman\" data-listid=\"1\" data-list-defn-props=\"{&quot;335551671&quot;:6,&quot;335552541&quot;:1,&quot;335559685&quot;:720,&quot;335559991&quot;:360,&quot;469769226&quot;:&quot;Times New Roman&quot;,&quot;469769242&quot;:[8226],&quot;469777803&quot;:&quot;left&quot;,&quot;469777804&quot;:&quot;-&quot;,&quot;469777815&quot;:&quot;hybridMultilevel&quot;}\" data-aria-posinset=\"9\" data-aria-level=\"1\"><span data-contrast=\"auto\">D\u2019identifier les gestionnaires utilisant ces v\u00e9g\u00e9taux<\/span><span data-ccp-props=\"{}\">\u00a0<\/span><\/li>\n<\/ul>\n<ul>\n<li data-leveltext=\"-\" data-font=\"Times New Roman\" data-listid=\"1\" data-list-defn-props=\"{&quot;335551671&quot;:6,&quot;335552541&quot;:1,&quot;335559685&quot;:720,&quot;335559991&quot;:360,&quot;469769226&quot;:&quot;Times New Roman&quot;,&quot;469769242&quot;:[8226],&quot;469777803&quot;:&quot;left&quot;,&quot;469777804&quot;:&quot;-&quot;,&quot;469777815&quot;:&quot;hybridMultilevel&quot;}\" data-aria-posinset=\"10\" data-aria-level=\"1\"><span data-contrast=\"auto\">S\u2019entretenir avec ces gestionnaires au sujet de leurs exp\u00e9riences et savoirs en utilisation de v\u00e9g\u00e9taux sauvages d\u2019origine locale<\/span><span data-ccp-props=\"{}\">\u00a0<\/span><\/li>\n<\/ul>\n<ul>\n<li data-leveltext=\"-\" data-font=\"Times New Roman\" data-listid=\"1\" data-list-defn-props=\"{&quot;335551671&quot;:6,&quot;335552541&quot;:1,&quot;335559685&quot;:720,&quot;335559991&quot;:360,&quot;469769226&quot;:&quot;Times New Roman&quot;,&quot;469769242&quot;:[8226],&quot;469777803&quot;:&quot;left&quot;,&quot;469777804&quot;:&quot;-&quot;,&quot;469777815&quot;:&quot;hybridMultilevel&quot;}\" data-aria-posinset=\"11\" data-aria-level=\"1\"><span data-contrast=\"auto\">Analyser sur le terrain la viabilit\u00e9 de certains am\u00e9nagements recens\u00e9s en Occitanie<\/span><span data-ccp-props=\"{}\">\u00a0<\/span><\/li>\n<\/ul>\n","protected":false},"excerpt":{"rendered":"<p>Plante &amp; Cit\u00e9 lance une enqu\u00eate \u00e0 l\u2019\u00e9chelle nationale des am\u00e9nagements utilisant des v\u00e9g\u00e9taux sauvages d\u2019origine locale (VSOL)\u00a0 Plante &amp; Cit\u00e9 lance une enqu\u00eate \u00e0 l\u2019\u00e9chelle nationale des am\u00e9nagements utilisant des v\u00e9g\u00e9taux sauvages d\u2019origine locale (VSOL)\u00a0 Tous les gestionnaires d\u2019am\u00e9nagements urbains ayant connaissance de sites d\u2019implantation de v\u00e9g\u00e9taux herbac\u00e9s et\/ou ligneux sauvages d\u2019origine locale, marqu\u00e9s [&hellip;]<\/p>\n","protected":false},"author":14,"featured_media":17791,"comment_status":"closed","ping_status":"closed","sticky":false,"template":"","format":"standard","meta":{"footnotes":""},"categories":[8,2],"tags":[],"class_list":["post-17787","post","type-post","status-publish","format-standard","has-post-thumbnail","hentry","category-jevi","category-actualites-fredon"],"_links":{"self":[{"href":"https:\/\/www.fredonoccitanie.com\/jevi\/wp-json\/wp\/v2\/posts\/17787","targetHints":{"allow":["GET"]}}],"collection":[{"href":"https:\/\/www.fredonoccitanie.com\/jevi\/wp-json\/wp\/v2\/posts"}],"about":[{"href":"https:\/\/www.fredonoccitanie.com\/jevi\/wp-json\/wp\/v2\/types\/post"}],"author":[{"embeddable":true,"href":"https:\/\/www.fredonoccitanie.com\/jevi\/wp-json\/wp\/v2\/users\/14"}],"replies":[{"embeddable":true,"href":"https:\/\/www.fredonoccitanie.com\/jevi\/wp-json\/wp\/v2\/comments?post=17787"}],"version-history":[{"count":4,"href":"https:\/\/www.fredonoccitanie.com\/jevi\/wp-json\/wp\/v2\/posts\/17787\/revisions"}],"predecessor-version":[{"id":17793,"href":"https:\/\/www.fredonoccitanie.com\/jevi\/wp-json\/wp\/v2\/posts\/17787\/revisions\/17793"}],"wp:featuredmedia":[{"embeddable":true,"href":"https:\/\/www.fredonoccitanie.com\/jevi\/wp-json\/wp\/v2\/media\/17791"}],"wp:attachment":[{"href":"https:\/\/www.fredonoccitanie.com\/jevi\/wp-json\/wp\/v2\/media?parent=17787"}],"wp:term":[{"taxonomy":"category","embeddable":true,"href":"https:\/\/www.fredonoccitanie.com\/jevi\/wp-json\/wp\/v2\/categories?post=17787"},{"taxonomy":"post_tag","embeddable":true,"href":"https:\/\/www.fredonoccitanie.com\/jevi\/wp-json\/wp\/v2\/tags?post=17787"}],"curies":[{"name":"wp","href":"https:\/\/api.w.org\/{rel}","templated":true}]}}