{"id":17715,"date":"2025-04-18T15:50:38","date_gmt":"2025-04-18T13:50:38","guid":{"rendered":"https:\/\/www.fredonoccitanie.com\/jevi\/?p=17715"},"modified":"2025-05-07T09:59:04","modified_gmt":"2025-05-07T07:59:04","slug":"journee-reseau-23-05-25-les-rencontres-du-reseau-jevi-a-lisle-sur-tarn-fredon-occitanie","status":"publish","type":"post","link":"https:\/\/www.fredonoccitanie.com\/jevi\/2025\/04\/18\/journee-reseau-23-05-25-les-rencontres-du-reseau-jevi-a-lisle-sur-tarn-fredon-occitanie\/","title":{"rendered":"[JOURNEE R\u00c9SEAU] &#8211; 23\/05\/25 &#8211; Les rencontres du r\u00e9seau JEVI \u00e0 Lisle-sur-Tarn (81)"},"content":{"rendered":"<h1 style=\"text-align: center\">Le v\u00e9g\u00e9tal, alli\u00e9 de la sant\u00e9 humaine et de l&rsquo;environnement dans les territoires d&rsquo;Occitanie.<\/h1>\n<h3><\/h3>\n<p style=\"text-align: center\"><strong>Vendredi 23 mai \u00e0 Lisle-sur-Tarn (81)<\/strong><\/p>\n<p><a href=\"https:\/\/forms.office.com\/Pages\/ResponsePage.aspx?id=Gar9sNMBrEKEHPwiJHGQY5cH_mKKM_BFos8P8YY0uSlURVRVVFJIUkhKQ0ZRWlhUR09JVEs2NENJNS4u\"><img loading=\"lazy\" decoding=\"async\" class=\"aligncenter wp-image-17879 size-large\" src=\"https:\/\/www.fredonoccitanie.com\/jevi\/wp-content\/uploads\/sites\/2\/2025\/05\/Plan-de-travail-1@3x-80-1030x579.jpg\" alt=\"\" width=\"1030\" height=\"579\" srcset=\"https:\/\/www.fredonoccitanie.com\/jevi\/wp-content\/uploads\/sites\/2\/2025\/05\/Plan-de-travail-1@3x-80-1030x579.jpg 1030w, https:\/\/www.fredonoccitanie.com\/jevi\/wp-content\/uploads\/sites\/2\/2025\/05\/Plan-de-travail-1@3x-80-300x169.jpg 300w, https:\/\/www.fredonoccitanie.com\/jevi\/wp-content\/uploads\/sites\/2\/2025\/05\/Plan-de-travail-1@3x-80-768x432.jpg 768w, https:\/\/www.fredonoccitanie.com\/jevi\/wp-content\/uploads\/sites\/2\/2025\/05\/Plan-de-travail-1@3x-80-1536x864.jpg 1536w, https:\/\/www.fredonoccitanie.com\/jevi\/wp-content\/uploads\/sites\/2\/2025\/05\/Plan-de-travail-1@3x-80-2048x1152.jpg 2048w, https:\/\/www.fredonoccitanie.com\/jevi\/wp-content\/uploads\/sites\/2\/2025\/05\/Plan-de-travail-1@3x-80-1500x844.jpg 1500w, https:\/\/www.fredonoccitanie.com\/jevi\/wp-content\/uploads\/sites\/2\/2025\/05\/Plan-de-travail-1@3x-80-705x397.jpg 705w\" sizes=\"auto, (max-width: 1030px) 100vw, 1030px\" \/><\/a><\/p>\n<p>&nbsp;<\/p>\n<p>*Cette ann\u00e9e, FREDON Occitanie organise deux journ\u00e9es dans les territoires en Occitanie afin de permettre aux gestionnaires de la charte <strong>Engag\u00e9 pour le V\u00e9g\u00e9tal<\/strong> de profiter d&rsquo;interventions th\u00e9matis\u00e9es et de retours d&rsquo;exp\u00e9rience sur la gestion et les am\u00e9nagements d&rsquo;espaces v\u00e9g\u00e9talis\u00e9s.<\/p>\n<p>\u2022 une premi\u00e8re journ\u00e9e <strong><em>Ouest-Occitanie<\/em> le 23 mai \u00e0 Lisle-sur-Tarn (81)<\/strong> <em>(Ari\u00e8ge, Aude, Aveyron, Haute-Garonne, Gers, Hautes-Pyr\u00e9n\u00e9es, Tarn et Tarn-et-Garonne)<\/em><\/p>\n<p>\u2022 une seconde journ\u00e9e <strong><em>Est-Occitanie<\/em> le mardi 10 juin \u00e0 Lattes (34)<\/strong> <em>(Aude, Gard, H\u00e9rault, Loz\u00e8re et Pyr\u00e9n\u00e9es-Orientales)<\/em> &#8211; programme, invitations et inscriptions \u00e0 venir.<\/p>\n<p>&nbsp;<\/p>\n<h3 style=\"text-align: center\"><a href=\"https:\/\/forms.office.com\/Pages\/ResponsePage.aspx?id=Gar9sNMBrEKEHPwiJHGQY5cH_mKKM_BFos8P8YY0uSlURVRVVFJIUkhKQ0ZRWlhUR09JVEs2NENJNS4u\">&gt;&gt; Programme complet et inscriptions &lt;&lt;<\/a><\/h3>\n<p>&nbsp;<\/p>\n<p><strong>Grande Cause nationale 2025, la sant\u00e9 mentale sera au c\u0153ur de cette journ\u00e9e.<\/strong> Nous aborderons la place du v\u00e9g\u00e9tal, acteur majeur du bien-\u00eatre physique et mental, l&rsquo;importance de l&rsquo;int\u00e9grer et de bien le g\u00e9rer dans les espaces collectifs.<\/p>\n<p>&nbsp;<\/p>\n<h4>Programme pr\u00e9visionnel du vendredi 23 mai \u00e0 Lisle-sur-Tarn<\/h4>\n<p><strong>Date limite d&rsquo;inscription : 16 mai 2025<\/strong><\/p>\n<p>&nbsp;<\/p>\n<p>Le matin de 9h \u00e0 12h15, en salle au Mus\u00e9e Raymond Lafage :<\/p>\n<p style=\"padding-left: 40px\">\u2022 <strong>Accueil caf\u00e9<\/strong> avec Mme le Maire de Lisle-sur-Tarn.<br \/>\n\u2022 <strong>Quels sont les effets de la v\u00e9g\u00e9talisation sur la sant\u00e9 mentale, Grande Cause nationale 2025 ?<\/strong><br \/>\n\u2022<strong> Les cours oasis : la v\u00e9g\u00e9talisation des \u00e9coles au service du bien-\u00eatre des \u00e9l\u00e8ves.<\/strong><br \/>\n\u2022<strong> Interconnaissance entre les membres du r\u00e9seau :<\/strong> savoir identifier des gestionnaires ressources sur les bonnes pratiques.<\/p>\n<p><strong>Repas dans les jardins de la mairie de Lisle-sur-Tarn<\/strong> &#8211; offert par FREDON Occitanie<\/p>\n<p>L&rsquo;apr\u00e8s-midi, sur site, de 13h30 \u00e0 16h :<\/p>\n<p style=\"padding-left: 40px\">\u2022 <strong>Visite comment\u00e9e des espaces v\u00e9g\u00e9talis\u00e9s de la ville de Lisle-sur-Tarn<\/strong> avec les \u00e9lus et techniciens en charge de la gestion (d\u00e9simperm\u00e9abilisation et v\u00e9g\u00e9talisation du parking de l&rsquo;\u00e9cole, r\u00e9novation des espaces ext\u00e9rieurs de la piscine municipale, etc.)<br \/>\n\u2022 <strong>Bilan et conclusions de la journ\u00e9e.<\/strong><\/p>\n<p>&nbsp;<\/p>\n<p><strong>Intervenants :<\/strong><\/p>\n<ul>\n<li><em>Pascale PUIBASSET, Elue r\u00e9f\u00e9rente d\u00e9veloppement durable, ville de Lisle-sur-Tarn<\/em><\/li>\n<li><em>Sophie ALBESPY et Florian MARTEL, charg\u00e9\u00b7es de missions espaces v\u00e9g\u00e9talis\u00e9s FREDON Occitanie <\/em><br \/>\n<em>&#8230; et d&rsquo;autres \u00e0 venir.<\/em><\/li>\n<\/ul>\n<p>&nbsp;<\/p>\n<h3 style=\"text-align: center\"><a href=\"https:\/\/forms.office.com\/Pages\/ResponsePage.aspx?id=Gar9sNMBrEKEHPwiJHGQY5cH_mKKM_BFos8P8YY0uSlURVRVVFJIUkhKQ0ZRWlhUR09JVEs2NENJNS4u\">&gt;&gt; Programme complet et inscriptions &lt;&lt;<\/a><\/h3>\n<p>&nbsp;<\/p>\n<p><strong>Date limite d&rsquo;inscription : 16 mai 2025<\/strong><\/p>\n<p><strong>Adresse :<\/strong> 9 Place Saissac, 81310 Lisle-sur-Tarn<br \/>\n<strong>Acc\u00e8s en train :<\/strong> lignes Toulouse-Rodez \/ Toulouse-Figeac \/ Toulouse-Albi<br \/>\n<em>Gare ferroviaire \u00e0 8 min \u00e0 pied de la place Lisle-sur-Tarn<\/em><br \/>\n<strong>Acc\u00e8s voiture :<\/strong> En voiture depuis l\u2019autoroute A68 : Sortie 8 Lisle-sur-Tarn<br \/>\n<em>Stationnement : Place de l&rsquo;\u00e9glise, All\u00e9es des promenades, Aire de covoiturage<\/em><\/p>\n<p>&nbsp;<\/p>\n<p><em>Sont convi\u00e9s \u00e0 cette journ\u00e9e r\u00e9seau, les adh\u00e9rents \u00e0 la charte <strong>Engag\u00e9 pour le v\u00e9g\u00e9tal<\/strong>, les anciens adh\u00e9rents \u00e0 la charte <strong>Objectif 0phyto<\/strong> et les futurs candidats 2025 \u00e0 la charte <strong>Engag\u00e9 pour le V\u00e9g\u00e9tal.<\/strong><\/em><\/p>\n<p><img loading=\"lazy\" decoding=\"async\" class=\"wp-image-17846 aligncenter\" src=\"https:\/\/www.fredonoccitanie.com\/jevi\/wp-content\/uploads\/sites\/2\/2025\/05\/25_Journee_reseau_lattes-scaled-e1746442674832.jpg\" alt=\"\" width=\"441\" height=\"300\" \/><\/p>\n<p>&nbsp;<\/p>\n<p>Vos animateurs Sophie ALBESPY et Florian MARTEL.<\/p>\n<p>&nbsp;<\/p>\n","protected":false},"excerpt":{"rendered":"<p>Le v\u00e9g\u00e9tal, alli\u00e9 de la sant\u00e9 humaine et de l&rsquo;environnement dans les territoires d&rsquo;Occitanie. Vendredi 23 mai \u00e0 Lisle-sur-Tarn (81) &nbsp; *Cette ann\u00e9e, FREDON Occitanie organise deux journ\u00e9es dans les territoires en Occitanie afin de permettre aux gestionnaires de la charte Engag\u00e9 pour le V\u00e9g\u00e9tal de profiter d&rsquo;interventions th\u00e9matis\u00e9es et de retours d&rsquo;exp\u00e9rience sur la [&hellip;]<\/p>\n","protected":false},"author":22,"featured_media":17869,"comment_status":"closed","ping_status":"closed","sticky":false,"template":"","format":"gallery","meta":{"footnotes":""},"categories":[3,11],"tags":[],"class_list":["post-17715","post","type-post","status-publish","format-gallery","has-post-thumbnail","hentry","category-agenda-fredon","category-agenda-jevi","post_format-post-format-gallery"],"_links":{"self":[{"href":"https:\/\/www.fredonoccitanie.com\/jevi\/wp-json\/wp\/v2\/posts\/17715","targetHints":{"allow":["GET"]}}],"collection":[{"href":"https:\/\/www.fredonoccitanie.com\/jevi\/wp-json\/wp\/v2\/posts"}],"about":[{"href":"https:\/\/www.fredonoccitanie.com\/jevi\/wp-json\/wp\/v2\/types\/post"}],"author":[{"embeddable":true,"href":"https:\/\/www.fredonoccitanie.com\/jevi\/wp-json\/wp\/v2\/users\/22"}],"replies":[{"embeddable":true,"href":"https:\/\/www.fredonoccitanie.com\/jevi\/wp-json\/wp\/v2\/comments?post=17715"}],"version-history":[{"count":5,"href":"https:\/\/www.fredonoccitanie.com\/jevi\/wp-json\/wp\/v2\/posts\/17715\/revisions"}],"predecessor-version":[{"id":17880,"href":"https:\/\/www.fredonoccitanie.com\/jevi\/wp-json\/wp\/v2\/posts\/17715\/revisions\/17880"}],"wp:featuredmedia":[{"embeddable":true,"href":"https:\/\/www.fredonoccitanie.com\/jevi\/wp-json\/wp\/v2\/media\/17869"}],"wp:attachment":[{"href":"https:\/\/www.fredonoccitanie.com\/jevi\/wp-json\/wp\/v2\/media?parent=17715"}],"wp:term":[{"taxonomy":"category","embeddable":true,"href":"https:\/\/www.fredonoccitanie.com\/jevi\/wp-json\/wp\/v2\/categories?post=17715"},{"taxonomy":"post_tag","embeddable":true,"href":"https:\/\/www.fredonoccitanie.com\/jevi\/wp-json\/wp\/v2\/tags?post=17715"}],"curies":[{"name":"wp","href":"https:\/\/api.w.org\/{rel}","templated":true}]}}