{"id":17680,"date":"2025-04-10T15:51:36","date_gmt":"2025-04-10T13:51:36","guid":{"rendered":"https:\/\/www.fredonoccitanie.com\/jevi\/?p=17680"},"modified":"2025-04-25T15:48:22","modified_gmt":"2025-04-25T13:48:22","slug":"aide-financiere-12eme-programme-agence-de-leau-rhone-mediterranee-corse","status":"publish","type":"post","link":"https:\/\/www.fredonoccitanie.com\/jevi\/2025\/04\/10\/aide-financiere-12eme-programme-agence-de-leau-rhone-mediterranee-corse\/","title":{"rendered":"[Aide financi\u00e8re] &#8211; 12\u00e8me programme Agence de l&rsquo;eau Rh\u00f4ne M\u00e9diterran\u00e9e Corse"},"content":{"rendered":"<h1 style=\"text-align: center;\">Gestion int\u00e9gr\u00e9e des eaux pluviales en zone urbaine &#8211;<\/h1>\n<h3 style=\"text-align: center;\">Tout savoir sur les aides financi\u00e8res de l&rsquo;Agence de l&rsquo;eau Rh\u00f4ne M\u00e9diterran\u00e9e Corse<\/h3>\n<p>&nbsp;<\/p>\n<div class=\"weaurmc-publication-header\">\n<div class=\"weaurmc-publication-chapeau\">\n<p>Avec le changement climatique, les sols s\u2019ass\u00e8chent et les pluies intenses deviennent plus fr\u00e9quentes et plus fortes.<\/p>\n<\/div>\n<\/div>\n<div class=\"classic\">\n<div class=\"row BLOC-INFO\">\n<div class=\"editorial-content col-xs-12 col-sm-12 col-md-12 col-lg-12\">\n<div class=\"wysiwyg editorial\">\n<p>Il est essentiel de retenir l\u2019eau dans les sols ou favoriser son infiltration pour limiter les pollutions pluviales, favoriser la recharge des aquif\u00e8res, garder l\u2019humidit\u00e9 n\u00e9cessaire aux v\u00e9g\u00e9taux, \u00a0pr\u00e9server les milieux humides et pr\u00e9server la biodiversit\u00e9 des sols en favorisant la trame brune.<\/p>\n<p>Pour cela, l\u2019agence de l\u2019eau accompagne la gestion int\u00e9gr\u00e9e des eaux pluviales en milieu urbain, la pr\u00e9servation des milieux aquatiques et humides mais aussi des am\u00e9nagements paysagers d\u2019infiltration de l\u2019eau dans les sols en milieu rural.<\/p>\n<\/div>\n<p><img loading=\"lazy\" decoding=\"async\" class=\"size-medium wp-image-17685 aligncenter\" src=\"https:\/\/www.fredonoccitanie.com\/jevi\/wp-content\/uploads\/sites\/2\/2025\/04\/ville_permeable_schema-1200x675-1-300x169.png\" alt=\"\" width=\"300\" height=\"169\" srcset=\"https:\/\/www.fredonoccitanie.com\/jevi\/wp-content\/uploads\/sites\/2\/2025\/04\/ville_permeable_schema-1200x675-1-300x169.png 300w, https:\/\/www.fredonoccitanie.com\/jevi\/wp-content\/uploads\/sites\/2\/2025\/04\/ville_permeable_schema-1200x675-1-1030x579.png 1030w, https:\/\/www.fredonoccitanie.com\/jevi\/wp-content\/uploads\/sites\/2\/2025\/04\/ville_permeable_schema-1200x675-1-768x432.png 768w, https:\/\/www.fredonoccitanie.com\/jevi\/wp-content\/uploads\/sites\/2\/2025\/04\/ville_permeable_schema-1200x675-1-705x397.png 705w, https:\/\/www.fredonoccitanie.com\/jevi\/wp-content\/uploads\/sites\/2\/2025\/04\/ville_permeable_schema-1200x675-1.png 1200w\" sizes=\"auto, (max-width: 300px) 100vw, 300px\" \/><\/p>\n<div class=\"wysiwyg editorial\">\n<p><strong>POUR PASSER A l&rsquo;ACTION :<\/strong><\/p>\n<h5><a href=\"https:\/\/www.eaurmc.fr\/jcms\/pro_128823\/fr\/pluv-gestion-integree-des-eaux-pluviales-en-zone-urbaine\"><strong>&gt;&gt; D\u00e9couvrez toutes les conditions sur la fiche d&rsquo;Aide &#8211; PLUV &#8211; Gestion int\u00e9gr\u00e9e des eaux pluviales en zone urbaine<\/strong><\/a><\/h5>\n<\/div>\n<\/div>\n<\/div>\n<\/div>\n<h5><a href=\"https:\/\/www.eaurmc.fr\/jcms\/pro_128697\/fr\/pluvial-et-sol\"><strong>&gt;&gt; Formulez votre demande d&rsquo;aide<\/strong><\/a><\/h5>\n<p>Cr\u00e9dit illustration : GRAIE<\/p>\n","protected":false},"excerpt":{"rendered":"<p>Gestion int\u00e9gr\u00e9e des eaux pluviales en zone urbaine &#8211; Tout savoir sur les aides financi\u00e8res de l&rsquo;Agence de l&rsquo;eau Rh\u00f4ne M\u00e9diterran\u00e9e Corse &nbsp; Avec le changement climatique, les sols s\u2019ass\u00e8chent et les pluies intenses deviennent plus fr\u00e9quentes et plus fortes. Il est essentiel de retenir l\u2019eau dans les sols ou favoriser son infiltration pour limiter [&hellip;]<\/p>\n","protected":false},"author":14,"featured_media":17683,"comment_status":"closed","ping_status":"closed","sticky":false,"template":"","format":"standard","meta":{"footnotes":""},"categories":[8,2],"tags":[],"class_list":["post-17680","post","type-post","status-publish","format-standard","has-post-thumbnail","hentry","category-jevi","category-actualites-fredon"],"_links":{"self":[{"href":"https:\/\/www.fredonoccitanie.com\/jevi\/wp-json\/wp\/v2\/posts\/17680","targetHints":{"allow":["GET"]}}],"collection":[{"href":"https:\/\/www.fredonoccitanie.com\/jevi\/wp-json\/wp\/v2\/posts"}],"about":[{"href":"https:\/\/www.fredonoccitanie.com\/jevi\/wp-json\/wp\/v2\/types\/post"}],"author":[{"embeddable":true,"href":"https:\/\/www.fredonoccitanie.com\/jevi\/wp-json\/wp\/v2\/users\/14"}],"replies":[{"embeddable":true,"href":"https:\/\/www.fredonoccitanie.com\/jevi\/wp-json\/wp\/v2\/comments?post=17680"}],"version-history":[{"count":5,"href":"https:\/\/www.fredonoccitanie.com\/jevi\/wp-json\/wp\/v2\/posts\/17680\/revisions"}],"predecessor-version":[{"id":17762,"href":"https:\/\/www.fredonoccitanie.com\/jevi\/wp-json\/wp\/v2\/posts\/17680\/revisions\/17762"}],"wp:featuredmedia":[{"embeddable":true,"href":"https:\/\/www.fredonoccitanie.com\/jevi\/wp-json\/wp\/v2\/media\/17683"}],"wp:attachment":[{"href":"https:\/\/www.fredonoccitanie.com\/jevi\/wp-json\/wp\/v2\/media?parent=17680"}],"wp:term":[{"taxonomy":"category","embeddable":true,"href":"https:\/\/www.fredonoccitanie.com\/jevi\/wp-json\/wp\/v2\/categories?post=17680"},{"taxonomy":"post_tag","embeddable":true,"href":"https:\/\/www.fredonoccitanie.com\/jevi\/wp-json\/wp\/v2\/tags?post=17680"}],"curies":[{"name":"wp","href":"https:\/\/api.w.org\/{rel}","templated":true}]}}