{"id":17451,"date":"2025-02-19T17:50:45","date_gmt":"2025-02-19T16:50:45","guid":{"rendered":"https:\/\/www.fredonoccitanie.com\/jevi\/?p=17451"},"modified":"2025-02-19T17:50:45","modified_gmt":"2025-02-19T16:50:45","slug":"herbe-de-la-pampa-rappel-reglementaire-et-methodes-de-gestion","status":"publish","type":"post","link":"https:\/\/www.fredonoccitanie.com\/jevi\/2025\/02\/19\/herbe-de-la-pampa-rappel-reglementaire-et-methodes-de-gestion\/","title":{"rendered":"[HERBE DE LA PAMPA] \u2013 Rappel r\u00e9glementaire et m\u00e9thodes de gestion"},"content":{"rendered":"<h1 style=\"text-align: center\"><strong>Gestionnaires JEVI, vous \u00eates concern\u00e9s !<\/strong><\/h1>\n<h1 style=\"text-align: center\"><strong>RAPPEL : l&rsquo;herbe de la pampa (<em>Cortaderia selloana)<\/em> est interdite depuis 2023.\u00a0<\/strong><\/h1>\n<h3>L&rsquo;herbe de la pampa, un nouveau statut d&rsquo;esp\u00e8ce v\u00e9g\u00e9tale exotique envahissante depuis 2023<\/h3>\n<p>L&rsquo;Herbe de la Pampa (Cortaderia selloana) est interdite depuis l&rsquo;arr\u00eat\u00e9 minist\u00e9riel du 2 mars 2023. Elle figure dor\u00e9navant sur la liste des esp\u00e8ces v\u00e9g\u00e9tales exotiques envahissantes sur le territoire m\u00e9tropolitain.<\/p>\n<p>L&rsquo;arr\u00eat\u00e9 du 14 f\u00e9vrier 2018 relatif \u00e0 la pr\u00e9vention de l&rsquo;introduction et de la propagation des esp\u00e8ces v\u00e9g\u00e9tales exotiques envahissantes sur le territoire m\u00e9tropolitain modifi\u00e9) d\u00e9taille que :<br \/>\n\u00ab\u00a0Sont interdits sur tout le territoire m\u00e9tropolitain et en tout temps l&rsquo;introduction sur le territoire, y compris le transit sous surveillance douani\u00e8re, l&rsquo;introduction dans le milieu naturel, la d\u00e9tention, le transport, le colportage, l&rsquo;utilisation, l&rsquo;\u00e9change, la mise en vente, la vente ou l&rsquo;achat de sp\u00e9cimens vivants des esp\u00e8ces v\u00e9g\u00e9tales \u00e9num\u00e9r\u00e9es en annexe I au pr\u00e9sent arr\u00eat\u00e9\u00a0\u00bb. Les interdits portent aussi sur \u00ab\u00a0Les v\u00e9g\u00e9taux, les produits d&rsquo;origine v\u00e9g\u00e9tale et les autres biens susceptibles de constituer ou de v\u00e9hiculer des sp\u00e9cimens vivants\u00a0\u00bb.<\/p>\n<p style=\"text-align: center\">&gt;&gt; <a href=\"\/\/www.legifrance.gouv.fr\/loda\/id\/JORFTEXT000036629837\/\">En savoir plus sur l&rsquo;arr\u00eat\u00e9 du 14 f\u00e9vrier 2018 &lt;&lt;<\/a><\/p>\n<h3>Pourquoi est-elle caract\u00e9ris\u00e9e comme \u00ab\u00a0Plante exotique envahissante\u00a0\u00bb ?<\/h3>\n<p>Plusieurs caract\u00e9ristiques expliquent le statut de plante exotique envahissante de cette esp\u00e8ce en France et dans d&rsquo;autres pays : nombreuses graines, dispersion par le vent et l&rsquo;horticulture, dur\u00e9e de vie des graines, long\u00e9vit\u00e9 des individus, taux de germination important en contexte littoral, concurrence la flore indig\u00e8ne de par sa taille, optimum dans les milieux perturb\u00e9s (sols tass\u00e9es, bords de route&#8230;)&#8230;<\/p>\n<p>L&rsquo;esp\u00e8ce a des impacts sur les milieux naturels envahis, contribue \u00e0 la d\u00e9gradation des p\u00e2turage envahis (moins de fourrage disponible, blessures cutan\u00e9es), contribue au risque incendie&#8230;<\/p>\n<p style=\"text-align: center\"><a href=\"https:\/\/invmed.fr\/src\/listes\/evee-fiche.php?cd_ref=92572\">&gt;&gt; en savoir plus sur son caract\u00e8re envahissant &lt;&lt;<\/a><\/p>\n<h3>Comment g\u00e9rer l&rsquo;herbe de la Pampa ?<\/h3>\n<p>Le <strong>Guide des bonnes pratiques pour le contr\u00f4le de Cortaderia selloana issu du programme LIFE Stop Cortaderia<\/strong> publi\u00e9 en 2020 d\u00e9taille de nombreuses m\u00e9thodes de gestion.<\/p>\n<p>Ce programme LIFE a \u00e9t\u00e9 financ\u00e9e par la Commission Europ\u00e9enne, dont le principal objectif \u00e9tait l\u2019\u00e9radication de la plante invasive Cortaderia des espaces prot\u00e9g\u00e9s c\u00f4tiers du R\u00e9seau Natura 2000, en Cantabrie et l\u2019endiguement de son expansion vers l\u2019int\u00e9rieur de la r\u00e9gion.<\/p>\n<p style=\"text-align: center\"><a href=\"https:\/\/www.calameo.com\/read\/0077639253d5f5e1f36c7\">&gt;&gt; <strong>Consulter le Guide des bonnes pratiques pour le contr\u00f4le de Cortaderia selloana<\/strong>&lt;&lt;<\/a><\/p>\n<p>R\u00e9f: LIFE STOP Cortaderia, 2020.<br \/>\nGuide des bonnes pratiques pour le contr\u00f4le de Cortaderia selloana.<br \/>\nCantabria, Espagne, 77 pp. www.stopcortaderia.org<\/p>\n","protected":false},"excerpt":{"rendered":"<p>Gestionnaires JEVI, vous \u00eates concern\u00e9s ! RAPPEL : l&rsquo;herbe de la pampa (Cortaderia selloana) est interdite depuis 2023.\u00a0 L&rsquo;herbe de la pampa, un nouveau statut d&rsquo;esp\u00e8ce v\u00e9g\u00e9tale exotique envahissante depuis 2023 L&rsquo;Herbe de la Pampa (Cortaderia selloana) est interdite depuis l&rsquo;arr\u00eat\u00e9 minist\u00e9riel du 2 mars 2023. Elle figure dor\u00e9navant sur la liste des esp\u00e8ces v\u00e9g\u00e9tales [&hellip;]<\/p>\n","protected":false},"author":14,"featured_media":17453,"comment_status":"closed","ping_status":"closed","sticky":false,"template":"","format":"standard","meta":{"footnotes":""},"categories":[8,2],"tags":[],"class_list":["post-17451","post","type-post","status-publish","format-standard","has-post-thumbnail","hentry","category-jevi","category-actualites-fredon"],"_links":{"self":[{"href":"https:\/\/www.fredonoccitanie.com\/jevi\/wp-json\/wp\/v2\/posts\/17451","targetHints":{"allow":["GET"]}}],"collection":[{"href":"https:\/\/www.fredonoccitanie.com\/jevi\/wp-json\/wp\/v2\/posts"}],"about":[{"href":"https:\/\/www.fredonoccitanie.com\/jevi\/wp-json\/wp\/v2\/types\/post"}],"author":[{"embeddable":true,"href":"https:\/\/www.fredonoccitanie.com\/jevi\/wp-json\/wp\/v2\/users\/14"}],"replies":[{"embeddable":true,"href":"https:\/\/www.fredonoccitanie.com\/jevi\/wp-json\/wp\/v2\/comments?post=17451"}],"version-history":[{"count":4,"href":"https:\/\/www.fredonoccitanie.com\/jevi\/wp-json\/wp\/v2\/posts\/17451\/revisions"}],"predecessor-version":[{"id":17456,"href":"https:\/\/www.fredonoccitanie.com\/jevi\/wp-json\/wp\/v2\/posts\/17451\/revisions\/17456"}],"wp:featuredmedia":[{"embeddable":true,"href":"https:\/\/www.fredonoccitanie.com\/jevi\/wp-json\/wp\/v2\/media\/17453"}],"wp:attachment":[{"href":"https:\/\/www.fredonoccitanie.com\/jevi\/wp-json\/wp\/v2\/media?parent=17451"}],"wp:term":[{"taxonomy":"category","embeddable":true,"href":"https:\/\/www.fredonoccitanie.com\/jevi\/wp-json\/wp\/v2\/categories?post=17451"},{"taxonomy":"post_tag","embeddable":true,"href":"https:\/\/www.fredonoccitanie.com\/jevi\/wp-json\/wp\/v2\/tags?post=17451"}],"curies":[{"name":"wp","href":"https:\/\/api.w.org\/{rel}","templated":true}]}}