{"id":17229,"date":"2025-01-21T14:45:06","date_gmt":"2025-01-21T13:45:06","guid":{"rendered":"https:\/\/www.fredonoccitanie.com\/jevi\/?p=17229"},"modified":"2025-01-21T15:59:24","modified_gmt":"2025-01-21T14:59:24","slug":"outils-des-fiches-retex-a-partir-des-actions-des-engages-de-la-charte","status":"publish","type":"post","link":"https:\/\/www.fredonoccitanie.com\/jevi\/2025\/01\/21\/outils-des-fiches-retex-a-partir-des-actions-des-engages-de-la-charte\/","title":{"rendered":"[OUTILS] &#8211; Des fiches RETEX  \u00e0 partir des actions des engag\u00e9s de la charte !"},"content":{"rendered":"<h2>Les engag\u00e9s de la charte nous ont t\u00e9moign\u00e9 de leurs actions en commune.<\/h2>\n<p><b>Au cours du printemps \/ \u00e9t\u00e9 2024, Na\u00efs SECROUN, stagiaire de Master chez FREDON OCCITANIE est all\u00e9e recueillir le t\u00e9moignage des gestionnaires de la charte <a href=\"https:\/\/www.fredonoccitanie.com\/jevi\/charte-regionale-engage-pour-le-vegetal\/\"><em>Engag\u00e9 pour le V\u00e9g\u00e9tal<\/em><\/a> afin de recueillir leurs retours d&rsquo;exp\u00e9rience sur des projets li\u00e9s aux 12 engagements.<\/b><\/p>\n<h4>De l&rsquo;action en commune&#8230;<\/h4>\n<p>Les gestionnaires de la charte ont \u00e9t\u00e9 sollicit\u00e9s afin de nous faire part de leur exp\u00e9rience sur des chantiers men\u00e9s en coh\u00e9rence des engagement pris. Ce ne sont pas moins de 5 communes qui ont r\u00e9pondu \u00e0 l&rsquo;appel, pr\u00eates \u00e0 nous faire parvenir leurs t\u00e9moignages, difficult\u00e9s, et conseils afin d&rsquo;orienter au mieux les autres gestionnaires dans leurs futurs projets.<\/p>\n<p><strong>Verdun-sur-Garonne (82), Alzonne (11), Fontiers-Cabard\u00e8s (11), Ganges (34) <\/strong>et<strong> Grabels (34)<\/strong> ont jou\u00e9 le jeu de t\u00e9moigner. Vous pouvez visualiser leur action sur la <a href=\"https:\/\/www.fredonoccitanie.com\/jevi\/carte-interactive-engage-pour-le-vegetal\/\">carte interactive<\/a> des engag\u00e9s en cliquant sur l&rsquo;ic\u00f4ne RETEX <img loading=\"lazy\" decoding=\"async\" class=\" wp-image-17230 alignnone\" src=\"https:\/\/www.fredonoccitanie.com\/jevi\/wp-content\/uploads\/sites\/2\/2025\/01\/icone-retex.png\" alt=\"\" width=\"24\" height=\"26\" \/>.<\/p>\n<p><a href=\"https:\/\/www.fredonoccitanie.com\/jevi\/carte-interactive-engage-pour-le-vegetal\/\"><img loading=\"lazy\" decoding=\"async\" class=\" wp-image-17086 aligncenter\" src=\"https:\/\/www.fredonoccitanie.com\/jevi\/wp-content\/uploads\/sites\/2\/2025\/01\/carte-2024-300x211.png\" alt=\"\" width=\"592\" height=\"416\" srcset=\"https:\/\/www.fredonoccitanie.com\/jevi\/wp-content\/uploads\/sites\/2\/2025\/01\/carte-2024-300x211.png 300w, https:\/\/www.fredonoccitanie.com\/jevi\/wp-content\/uploads\/sites\/2\/2025\/01\/carte-2024-768x540.png 768w, https:\/\/www.fredonoccitanie.com\/jevi\/wp-content\/uploads\/sites\/2\/2025\/01\/carte-2024-705x495.png 705w, https:\/\/www.fredonoccitanie.com\/jevi\/wp-content\/uploads\/sites\/2\/2025\/01\/carte-2024.png 925w\" sizes=\"auto, (max-width: 592px) 100vw, 592px\" \/><\/a><\/p>\n<h4>&#8230; \u00e0 la cr\u00e9ation de fiches RETEX !<\/h4>\n<p>Gr\u00e2ce \u00e0 ce travail de r\u00e9colte des t\u00e9moignage, nous avons pu r\u00e9aliser des plaquettes d&rsquo;information vous permettant d&rsquo;envisager sereinement vos chantiers de v\u00e9g\u00e9talisation.<\/p>\n<p>Les th\u00e8mes recueillis sont les suivants :<\/p>\n<ul>\n<li><a href=\"https:\/\/www.calameo.com\/read\/00776392594ee846418f3\">V\u00e9g\u00e9taliser un cimeti\u00e8re &#8211; Alzonne (11)<\/a><\/li>\n<li><a href=\"https:\/\/www.calameo.com\/read\/0077639258c5e93563ac3\">V\u00e9g\u00e9taliser une petite commune en r\u00e9gie &#8211; Fontiers-Cabard\u00e8s (11)<\/a><\/li>\n<li><a href=\"https:\/\/www.calameo.com\/read\/007763925899eec35bb17\">Retirer les b\u00e2ches plastiques &#8211; Verdun-sur-Garonne (82)<\/a><\/li>\n<li><a href=\"https:\/\/www.calameo.com\/read\/00776392599d01fe85930\">D\u00e9simperm\u00e9abiliser et v\u00e9g\u00e9taliser une place (34)<\/a><\/li>\n<li><a href=\"https:\/\/www.calameo.com\/read\/007763925e81d9f48d03c\">R\u00e9aliser un diagnostic phytosanitaire &#8211; Ganges (34)<\/a>, fiche pouvant \u00eatre compl\u00e9t\u00e9e par la page de FREDON Occitanie <a href=\"https:\/\/www.fredonoccitanie.com\/jevi\/experiences\/14982-2\/\">\u00ab\u00a0R\u00e9aliser un diagnostic de pr\u00e9servation\/phytosanitaire de son patrimoine arbor\u00e9\u00a0\u00bb<\/a>.<\/li>\n<\/ul>\n<p><a href=\"https:\/\/www.calameo.com\/read\/007763925e81d9f48d03c\"><img loading=\"lazy\" decoding=\"async\" class=\" wp-image-17235 aligncenter\" src=\"https:\/\/www.fredonoccitanie.com\/jevi\/wp-content\/uploads\/sites\/2\/2025\/01\/retex-e1737389555494-300x290.png\" alt=\"\" width=\"472\" height=\"456\" srcset=\"https:\/\/www.fredonoccitanie.com\/jevi\/wp-content\/uploads\/sites\/2\/2025\/01\/retex-e1737389555494-300x290.png 300w, https:\/\/www.fredonoccitanie.com\/jevi\/wp-content\/uploads\/sites\/2\/2025\/01\/retex-e1737389555494-768x743.png 768w, https:\/\/www.fredonoccitanie.com\/jevi\/wp-content\/uploads\/sites\/2\/2025\/01\/retex-e1737389555494-36x36.png 36w, https:\/\/www.fredonoccitanie.com\/jevi\/wp-content\/uploads\/sites\/2\/2025\/01\/retex-e1737389555494-705x682.png 705w, https:\/\/www.fredonoccitanie.com\/jevi\/wp-content\/uploads\/sites\/2\/2025\/01\/retex-e1737389555494.png 775w\" sizes=\"auto, (max-width: 472px) 100vw, 472px\" \/><\/a><\/p>\n<p>Vous trouverez dans ces fiches les motivations du gestionnaires, les enjeux li\u00e9s au chantier, des points techniques sur la m\u00e9thode employ\u00e9e, les outils n\u00e9cessaires, les ressources humaines allou\u00e9es, les freins et leviers, ainsi que la communication mise en place \u00e0 propos de cette action. Les fiches sont <strong>disponibles \u00e0 la lecture et en t\u00e9l\u00e9chargement gratuit<\/strong>.<\/p>\n<p>&nbsp;<\/p>\n<h4>Pr\u00eats pour passer \u00e0 l&rsquo;action ?<\/h4>\n<p>N&rsquo;h\u00e9sitez pas \u00e0 nous joindre ainsi que les gestionnaires ayant particip\u00e9s \u00e0 ces actions afin de conduire vos chantiers dans les meilleures conditions possibles !<\/p>\n<p>&nbsp;<\/p>\n<p>&nbsp;<\/p>\n<p>Nous remercions Na\u00efs pour son travail qui va permettre d&rsquo;apporter conseils et motivation aux gestionnaires.<\/p>\n<p>&nbsp;<\/p>\n<p style=\"text-align: center\"><strong>&gt;&gt; Rendez-vous sur dans les <a href=\"https:\/\/www.fredonoccitanie.com\/jevi\/bibliotheque-des-outils-jevi\/\">Outils du r\u00e9seau JEVI &#8211; Plaquettes d&rsquo;information<\/a> ! &lt;&lt;<\/strong><\/p>\n","protected":false},"excerpt":{"rendered":"<p>Les engag\u00e9s de la charte nous ont t\u00e9moign\u00e9 de leurs actions en commune. Au cours du printemps \/ \u00e9t\u00e9 2024, Na\u00efs SECROUN, stagiaire de Master chez FREDON OCCITANIE est all\u00e9e recueillir le t\u00e9moignage des gestionnaires de la charte Engag\u00e9 pour le V\u00e9g\u00e9tal afin de recueillir leurs retours d&rsquo;exp\u00e9rience sur des projets li\u00e9s aux 12 engagements. [&hellip;]<\/p>\n","protected":false},"author":22,"featured_media":14901,"comment_status":"closed","ping_status":"closed","sticky":false,"template":"","format":"standard","meta":{"footnotes":""},"categories":[8,2],"tags":[],"class_list":["post-17229","post","type-post","status-publish","format-standard","has-post-thumbnail","hentry","category-jevi","category-actualites-fredon"],"_links":{"self":[{"href":"https:\/\/www.fredonoccitanie.com\/jevi\/wp-json\/wp\/v2\/posts\/17229","targetHints":{"allow":["GET"]}}],"collection":[{"href":"https:\/\/www.fredonoccitanie.com\/jevi\/wp-json\/wp\/v2\/posts"}],"about":[{"href":"https:\/\/www.fredonoccitanie.com\/jevi\/wp-json\/wp\/v2\/types\/post"}],"author":[{"embeddable":true,"href":"https:\/\/www.fredonoccitanie.com\/jevi\/wp-json\/wp\/v2\/users\/22"}],"replies":[{"embeddable":true,"href":"https:\/\/www.fredonoccitanie.com\/jevi\/wp-json\/wp\/v2\/comments?post=17229"}],"version-history":[{"count":5,"href":"https:\/\/www.fredonoccitanie.com\/jevi\/wp-json\/wp\/v2\/posts\/17229\/revisions"}],"predecessor-version":[{"id":17255,"href":"https:\/\/www.fredonoccitanie.com\/jevi\/wp-json\/wp\/v2\/posts\/17229\/revisions\/17255"}],"wp:featuredmedia":[{"embeddable":true,"href":"https:\/\/www.fredonoccitanie.com\/jevi\/wp-json\/wp\/v2\/media\/14901"}],"wp:attachment":[{"href":"https:\/\/www.fredonoccitanie.com\/jevi\/wp-json\/wp\/v2\/media?parent=17229"}],"wp:term":[{"taxonomy":"category","embeddable":true,"href":"https:\/\/www.fredonoccitanie.com\/jevi\/wp-json\/wp\/v2\/categories?post=17229"},{"taxonomy":"post_tag","embeddable":true,"href":"https:\/\/www.fredonoccitanie.com\/jevi\/wp-json\/wp\/v2\/tags?post=17229"}],"curies":[{"name":"wp","href":"https:\/\/api.w.org\/{rel}","templated":true}]}}