{"id":16961,"date":"2024-11-27T11:15:17","date_gmt":"2024-11-27T10:15:17","guid":{"rendered":"https:\/\/www.fredonoccitanie.com\/jevi\/?p=16961"},"modified":"2024-11-27T11:15:17","modified_gmt":"2024-11-27T10:15:17","slug":"webinaire-plantons-local-9-12-24-14h-15h30-de-nouveaux-outils-pour-vous-faciliter-la-vie","status":"publish","type":"post","link":"https:\/\/www.fredonoccitanie.com\/jevi\/2024\/11\/27\/webinaire-plantons-local-9-12-24-14h-15h30-de-nouveaux-outils-pour-vous-faciliter-la-vie\/","title":{"rendered":"[Webinaire Plantons Local] &#8211; 9\/12\/24 &#8211; 14h\/15h30 &#8211; De nouveaux outils pour vous faciliter la vie"},"content":{"rendered":"<h1 style=\"text-align: center\">Webinaire Plantons local de nouveaux outils !<\/h1>\n<p style=\"text-align: center\"><strong>Lundi 9 d\u00e9cembre 2024 de 14h \u00e0 15h30<\/strong><\/p>\n<p>&nbsp;<\/p>\n<p>Un an apr\u00e8s la sortie et le succ\u00e8s du guide \u00ab\u00a0Plantons local en Occitanie\u00a0\u00bb, l&rsquo;ARB Occitanie revient vers vous avec de nouveaux outils !<\/p>\n<p>En participant \u00e0 ce webinaire, vous d\u00e9couvrirez en avant premi\u00e8re une interface web pour faciliter vos choix de v\u00e9g\u00e9taux locaux ainsi que des fascicules hyper pratiques sur 4 typologies de projets de v\u00e9g\u00e9talisation :<\/p>\n<p>\u2022 gazons et prairies fleuries,<br \/>\n\u2022 plantes grimpantes,<br \/>\n\u2022 noues et foss\u00e9s,<br \/>\n\u2022 talus.<\/p>\n<p>Les experts qui nous ont accompagn\u00e9s dans l&rsquo;aventure pr\u00e9senteront les secrets de fabrication de ces outils, des exemples demise en oeuvre et r\u00e9pondrons \u00e0 toutes vos questions !<\/p>\n<p>Ce webinaire est ouvert \u00e0 tous, mais n\u2019oubliez pas de vous inscrire.<\/p>\n<p style=\"text-align: center\"><a href=\"https:\/\/docs.google.com\/forms\/d\/e\/1FAIpQLSea_r-nRi4ULq7ruPsOs5DmI9EIqXRNk-E1ChV0BhrjHv58Rg\/viewform?pli=1\">&gt;&gt; INSCRIPTIONS\u00a0 &lt;&lt;<\/a><\/p>\n<p style=\"text-align: center\"><strong>Date limite d\u2019inscription le jeudi 5 d\u00e9cembre.<\/strong><\/p>\n<p><strong>Webinaire anim\u00e9 par l\u2019ARB Occitanie .<\/strong><\/p>\n<p>Pour toute information compl\u00e9mentaire, vous pouvez contacter :<br \/>\nPierre BIEUZEN \u2013 Charg\u00e9 de projet urbanisme op\u00e9rationnel et ERC<br \/>\nTel : 07.86.71.71.55 \/ Mail : pierre.bieuzen@arb-occitanie.fr<\/p>\n","protected":false},"excerpt":{"rendered":"<p>Webinaire Plantons local de nouveaux outils ! Lundi 9 d\u00e9cembre 2024 de 14h \u00e0 15h30 &nbsp; Un an apr\u00e8s la sortie et le succ\u00e8s du guide \u00ab\u00a0Plantons local en Occitanie\u00a0\u00bb, l&rsquo;ARB Occitanie revient vers vous avec de nouveaux outils ! En participant \u00e0 ce webinaire, vous d\u00e9couvrirez en avant premi\u00e8re une interface web pour faciliter [&hellip;]<\/p>\n","protected":false},"author":14,"featured_media":16962,"comment_status":"closed","ping_status":"closed","sticky":false,"template":"","format":"standard","meta":{"footnotes":""},"categories":[3,11],"tags":[],"class_list":["post-16961","post","type-post","status-publish","format-standard","has-post-thumbnail","hentry","category-agenda-fredon","category-agenda-jevi"],"_links":{"self":[{"href":"https:\/\/www.fredonoccitanie.com\/jevi\/wp-json\/wp\/v2\/posts\/16961","targetHints":{"allow":["GET"]}}],"collection":[{"href":"https:\/\/www.fredonoccitanie.com\/jevi\/wp-json\/wp\/v2\/posts"}],"about":[{"href":"https:\/\/www.fredonoccitanie.com\/jevi\/wp-json\/wp\/v2\/types\/post"}],"author":[{"embeddable":true,"href":"https:\/\/www.fredonoccitanie.com\/jevi\/wp-json\/wp\/v2\/users\/14"}],"replies":[{"embeddable":true,"href":"https:\/\/www.fredonoccitanie.com\/jevi\/wp-json\/wp\/v2\/comments?post=16961"}],"version-history":[{"count":3,"href":"https:\/\/www.fredonoccitanie.com\/jevi\/wp-json\/wp\/v2\/posts\/16961\/revisions"}],"predecessor-version":[{"id":16966,"href":"https:\/\/www.fredonoccitanie.com\/jevi\/wp-json\/wp\/v2\/posts\/16961\/revisions\/16966"}],"wp:featuredmedia":[{"embeddable":true,"href":"https:\/\/www.fredonoccitanie.com\/jevi\/wp-json\/wp\/v2\/media\/16962"}],"wp:attachment":[{"href":"https:\/\/www.fredonoccitanie.com\/jevi\/wp-json\/wp\/v2\/media?parent=16961"}],"wp:term":[{"taxonomy":"category","embeddable":true,"href":"https:\/\/www.fredonoccitanie.com\/jevi\/wp-json\/wp\/v2\/categories?post=16961"},{"taxonomy":"post_tag","embeddable":true,"href":"https:\/\/www.fredonoccitanie.com\/jevi\/wp-json\/wp\/v2\/tags?post=16961"}],"curies":[{"name":"wp","href":"https:\/\/api.w.org\/{rel}","templated":true}]}}