{"id":15128,"date":"2024-07-31T12:21:32","date_gmt":"2024-07-31T10:21:32","guid":{"rendered":"https:\/\/www.fredonoccitanie.com\/jevi\/?p=15128"},"modified":"2024-07-31T13:37:21","modified_gmt":"2024-07-31T11:37:21","slug":"podcast-a-la-decouverte-des-arbres-et-de-leurs-bizarreries-avec-catherine-lenne","status":"publish","type":"post","link":"https:\/\/www.fredonoccitanie.com\/jevi\/2024\/07\/31\/podcast-a-la-decouverte-des-arbres-et-de-leurs-bizarreries-avec-catherine-lenne\/","title":{"rendered":"[PODCAST] \u00ab\u00a0\u00c0 la d\u00e9couverte des arbres et de leurs bizarreries avec Catherine Lenne\u00a0\u00bb"},"content":{"rendered":"<h2 style=\"text-align: center\">Interview de France Inter avec la biologiste Catherine Lenne<\/h2>\n<p>&nbsp;<\/p>\n<div class=\"ExpressionSummary\">\n<h3 class=\"ExpressionSummary-standFirst qg-tt4 qg-xtra-lh svelte-ip0b1f\" data-testid=\"ExpressionSummary-standFirst\">Troncs biscornus, branches entortill\u00e9es, \u00e9corce multicolore. L\u2019\u00e9tranget\u00e9 de certains arbres r\u00e9v\u00e8le leurs incroyables capacit\u00e9s de r\u00e9silience et d\u2019adaptation. La biologiste Catherine Lenne* nous emm\u00e8ne de branche en branche \u00e0 la d\u00e9couverte des arbres et de leur bizarreries.<\/h3>\n<div class=\"Expression-guests svelte-ip0b1f\" data-testid=\"Expression-guests\">\n<p>*<a class=\"underline-hover svelte-ovv3j3\" href=\"https:\/\/www.radiofrance.fr\/personnes\/catherine-lenne\" data-testid=\"link\"><span class=\"qg-st4\">Catherine Lenne<\/span><\/a>\u00a0Chercheur en physiologie v\u00e9g\u00e9tale. Ma\u00eetre de conf\u00e9rences \u00e0 l\u2019universit\u00e9 Blaise Pascal de Clermont Ferrand.<\/p>\n<p>&nbsp;<\/p>\n<p style=\"text-align: center\"><span class=\"ui-provider a b c d e f g h i j k l m n o p q r s t u v w x y z ab ac ae af ag ah ai aj ak\" dir=\"ltr\"><a class=\"fui-Link ___1rxvrpe f2hkw1w f3rmtva f1ewtqcl fyind8e f1k6fduh f1w7gpdv fk6fouc fjoy568 figsok6 f1hu3pq6 f11qmguv f19f4twv f1tyq0we f1g0x7ka fhxju0i f1qch9an f1cnd47f fqv5qza f1vmzxwi f1o700av f13mvf36 f1cmlufx f9n3di6 f1ids18y f1tx3yz7 f1deo86v f1eh06m1 f1iescvh fhgqx19 f1olyrje f1p93eir f1nev41a f1h8hb77 f1lqvz6u f10aw75t fsle3fq f17ae5zn\" title=\"https:\/\/www.radiofrance.fr\/franceinter\/podcasts\/le-temps-d-un-bivouac\/le-temps-d-un-bivouac-du-lundi-15-juillet-2024-4368400\" href=\"https:\/\/www.radiofrance.fr\/franceinter\/podcasts\/le-temps-d-un-bivouac\/le-temps-d-un-bivouac-du-lundi-15-juillet-2024-4368400\" target=\"_blank\" rel=\"noreferrer noopener\" aria-label=\"Lien \u00c0 la d\u00e9couverte des arbres et de leurs bizarreries avec Catherine Lenne | France Inter (radiofrance.fr)\">&gt;&gt; \u00c0 la d\u00e9couverte des arbres et de leurs bizarreries avec Catherine Lenne | France Inter (radiofrance.fr) &lt;&lt;<\/a><\/span><\/p>\n<p>&nbsp;<\/p>\n<\/div>\n<\/div>\n<div class=\"ExpressionBodyJson ExpressionBodyJson-franceinter g-block-margin svelte-ip0b1f\">\n<div class=\"HtmlBodyWrapper station-franceinter \" data-brand=\"franceinter\">\n<div class=\"\">\n<p class=\"PopSlotParagraph qg-tx2 qg-xtra-lh svelte-1xznlfb\">On peut \u00eatre \u00e9trange, bizarre, un peu tordu voire totalement biscornu et \u00eatre tout \u00e0 la fois majestueux et sublime.\u00a0<strong>Les arbres le prouvent ind\u00e9niablement.<\/strong>\u00a0Pas besoin d\u2019aller tr\u00e8s loin pour le constater. Il suffit d\u2019ouvrir les yeux le temps d\u2019une balade le long d\u2019une avenue arbor\u00e9e, au d\u00e9tour de l\u2019all\u00e9e d\u2019un square ou d\u2019un chemin forestier pour admirer les acrobaties dont sont capables ces g\u00e9ants de bois.<\/p>\n<p class=\"PopSlotParagraph qg-tx2 qg-xtra-lh svelte-1xznlfb\">Certains poussent \u00e0 l\u2019horizontale, d\u2019autres pr\u00e9sentent de spectaculaires d\u00e9formations, d\u2019autres encore se tiennent discr\u00e8tement la main voire fusionnent compl\u00e8tement. \u00c0 l\u2019inverse, il existe des arbres timides qui contorsionnent leur feuillage pour ne pas qu\u2019il touche celui du voisin. On peut aussi apercevoir des avaleurs de panneaux de signalisation ou des arbres au tronc compl\u00e9tement \u00e9vid\u00e9 qui se portent comme des charmes.<\/p>\n<p class=\"PopSlotParagraph qg-tx2 qg-xtra-lh svelte-1xznlfb\">Toutes ces bizarreries, r\u00e9v\u00e8lent l\u2019incroyable\u00a0<strong>r\u00e9silience<\/strong>\u00a0et\u00a0<strong>l\u2019adaptabilit\u00e9<\/strong>\u00a0sans faille de ces \u00eatres immobiles.<\/p>\n<p class=\"PopSlotParagraph qg-tx2 qg-xtra-lh svelte-1xznlfb\">C\u2019est ce que raconte\u00a0<strong>Catherine Lenne<\/strong>, biologiste \u00e0 l\u2019Universit\u00e9 Clermont-Auvergne de Clermont-Ferrand dans un livre passionnant intitul\u00e9 \u00ab\u00a0\u00a0<em><strong>Vous avez-dit biz\u2019arbres\u00a0?<\/strong><\/em>\u00a0\u202f\u00bb aux \u00e9ditions Belin.<\/p>\n<p class=\"PopSlotParagraph qg-tx2 qg-xtra-lh svelte-1xznlfb\">Catherine Lenne nous emm\u00e8ne de branches torsad\u00e9es en troncs pench\u00e9s \u00e0 la d\u00e9couverte des plus beaux sp\u00e9cimens d\u2019arbres \u00e9tranges qu\u2019elle a crois\u00e9 sur sa route.<\/p>\n<h2 class=\"qg-st2 \">D\u00e9busquer les bizarreries<\/h2>\n<p class=\"PopSlotParagraph qg-tx2 qg-xtra-lh svelte-1xznlfb\">L&rsquo;un de ses objectifs en \u00e9crivant ce livre est de montrer \u00e0 quel point les arbres s&rsquo;\u00e9loignent des normes et pr\u00e9sentent tous des bizarreries, que ce soit par nature ou par accident. Certains arbres, dits \u00ab\u00a0timides\u00a0\u00bb, restent \u00e0 bonne distance de leurs voisins&#8230; Ils sont un bon exemple pour comprendre les capacit\u00e9s des arbres \u00e0 percevoir leur environnement et leurs cong\u00e9n\u00e8res. Catherine Lenne et son \u00e9quipe \u00e9tudient justement la sensibilit\u00e9 et la proprioception des arbres\u00a0: des th\u00e9matiques fascinantes qui nous aident \u00e0 comprendre leurs sp\u00e9cificit\u00e9s.<\/p>\n<p>&nbsp;<\/p>\n<\/div>\n<\/div>\n<\/div>\n<p style=\"text-align: center\"><a href=\"https:\/\/www.radiofrance.fr\/franceinter\/podcasts\/le-temps-d-un-bivouac\/le-temps-d-un-bivouac-du-lundi-15-juillet-2024-4368400\">&gt;&gt; Pour en savoir plus sur les arbres et leurs bizarreries &lt;&lt;<\/a><\/p>\n<div class=\"ExpressionBodyJson ExpressionBodyJson-franceinter g-block-margin svelte-ip0b1f\">\n<div class=\"HtmlBodyWrapper station-franceinter \" data-brand=\"franceinter\">\n<p>Source : France Inter<\/p>\n<\/div>\n<\/div>\n","protected":false},"excerpt":{"rendered":"<p>Interview de France Inter avec la biologiste Catherine Lenne &nbsp; Troncs biscornus, branches entortill\u00e9es, \u00e9corce multicolore. L\u2019\u00e9tranget\u00e9 de certains arbres r\u00e9v\u00e8le leurs incroyables capacit\u00e9s de r\u00e9silience et d\u2019adaptation. La biologiste Catherine Lenne* nous emm\u00e8ne de branche en branche \u00e0 la d\u00e9couverte des arbres et de leur bizarreries. *Catherine Lenne\u00a0Chercheur en physiologie v\u00e9g\u00e9tale. Ma\u00eetre de conf\u00e9rences [&hellip;]<\/p>\n","protected":false},"author":14,"featured_media":15130,"comment_status":"closed","ping_status":"closed","sticky":false,"template":"","format":"standard","meta":{"footnotes":""},"categories":[8,2],"tags":[],"class_list":["post-15128","post","type-post","status-publish","format-standard","has-post-thumbnail","hentry","category-jevi","category-actualites-fredon"],"_links":{"self":[{"href":"https:\/\/www.fredonoccitanie.com\/jevi\/wp-json\/wp\/v2\/posts\/15128","targetHints":{"allow":["GET"]}}],"collection":[{"href":"https:\/\/www.fredonoccitanie.com\/jevi\/wp-json\/wp\/v2\/posts"}],"about":[{"href":"https:\/\/www.fredonoccitanie.com\/jevi\/wp-json\/wp\/v2\/types\/post"}],"author":[{"embeddable":true,"href":"https:\/\/www.fredonoccitanie.com\/jevi\/wp-json\/wp\/v2\/users\/14"}],"replies":[{"embeddable":true,"href":"https:\/\/www.fredonoccitanie.com\/jevi\/wp-json\/wp\/v2\/comments?post=15128"}],"version-history":[{"count":4,"href":"https:\/\/www.fredonoccitanie.com\/jevi\/wp-json\/wp\/v2\/posts\/15128\/revisions"}],"predecessor-version":[{"id":15132,"href":"https:\/\/www.fredonoccitanie.com\/jevi\/wp-json\/wp\/v2\/posts\/15128\/revisions\/15132"}],"wp:featuredmedia":[{"embeddable":true,"href":"https:\/\/www.fredonoccitanie.com\/jevi\/wp-json\/wp\/v2\/media\/15130"}],"wp:attachment":[{"href":"https:\/\/www.fredonoccitanie.com\/jevi\/wp-json\/wp\/v2\/media?parent=15128"}],"wp:term":[{"taxonomy":"category","embeddable":true,"href":"https:\/\/www.fredonoccitanie.com\/jevi\/wp-json\/wp\/v2\/categories?post=15128"},{"taxonomy":"post_tag","embeddable":true,"href":"https:\/\/www.fredonoccitanie.com\/jevi\/wp-json\/wp\/v2\/tags?post=15128"}],"curies":[{"name":"wp","href":"https:\/\/api.w.org\/{rel}","templated":true}]}}