{"id":14904,"date":"2024-07-10T13:54:48","date_gmt":"2024-07-10T11:54:48","guid":{"rendered":"https:\/\/www.fredonoccitanie.com\/jevi\/?p=14904"},"modified":"2024-08-02T12:34:20","modified_gmt":"2024-08-02T10:34:20","slug":"note-aux-decideurs-estimer-la-valeur-des-arbres-urbains-et-prevenir-les-degats","status":"publish","type":"post","link":"https:\/\/www.fredonoccitanie.com\/jevi\/2024\/07\/10\/note-aux-decideurs-estimer-la-valeur-des-arbres-urbains-et-prevenir-les-degats\/","title":{"rendered":"[Note aux d\u00e9cideurs] &#8211; Estimer la valeur des arbres urbains et pr\u00e9venir les d\u00e9g\u00e2ts"},"content":{"rendered":"<h2 style=\"text-align: center\">Une note pour \u00e9clairer la d\u00e9cision et diffuser les messages cl\u00e9s autour de la valeur des arbres et de leur protection pr\u00e9ventive<\/h2>\n<p>&nbsp;<\/p>\n<p>Issue des diff\u00e9rents travaux de Plante &amp; Cit\u00e9 sur ce sujet, cette note aux d\u00e9cideurs rappelle l&rsquo;importance de d\u00e9terminer la valeur des arbres pour prot\u00e9ger le patrimoine existant et de mettre en place des mesures pour prot\u00e9ger efficacement les arbres urbains pour pr\u00e9venir les d\u00e9g\u00e2ts. A destination des d\u00e9cideurs et prescripteurs, elle donne la parole \u00e0 trois experts dans ce domaine.<\/p>\n<p>A diffuser largement !<\/p>\n<p style=\"text-align: center\"><a href=\"https:\/\/www.ressources.plante-et-cite.fr\/KENTIKA-19184036124919022189-Estimer-la-valeur-des-arbres-u.htm\">&gt;&gt;Acc\u00e9der \u00e0 la note &lt;&lt;<\/a><\/p>\n<p>&nbsp;<\/p>\n<p>Source : Plante&amp;Cit\u00e9<\/p>\n<p>&nbsp;<\/p>\n<p>Cr\u00e9dit photo : Florian Martel &#8211; FREDON Occitanie<\/p>\n","protected":false},"excerpt":{"rendered":"<p>Une note pour \u00e9clairer la d\u00e9cision et diffuser les messages cl\u00e9s autour de la valeur des arbres et de leur protection pr\u00e9ventive &nbsp; Issue des diff\u00e9rents travaux de Plante &amp; Cit\u00e9 sur ce sujet, cette note aux d\u00e9cideurs rappelle l&rsquo;importance de d\u00e9terminer la valeur des arbres pour prot\u00e9ger le patrimoine existant et de mettre en [&hellip;]<\/p>\n","protected":false},"author":14,"featured_media":14905,"comment_status":"closed","ping_status":"closed","sticky":false,"template":"","format":"standard","meta":{"footnotes":""},"categories":[8,2],"tags":[],"class_list":["post-14904","post","type-post","status-publish","format-standard","has-post-thumbnail","hentry","category-jevi","category-actualites-fredon"],"_links":{"self":[{"href":"https:\/\/www.fredonoccitanie.com\/jevi\/wp-json\/wp\/v2\/posts\/14904","targetHints":{"allow":["GET"]}}],"collection":[{"href":"https:\/\/www.fredonoccitanie.com\/jevi\/wp-json\/wp\/v2\/posts"}],"about":[{"href":"https:\/\/www.fredonoccitanie.com\/jevi\/wp-json\/wp\/v2\/types\/post"}],"author":[{"embeddable":true,"href":"https:\/\/www.fredonoccitanie.com\/jevi\/wp-json\/wp\/v2\/users\/14"}],"replies":[{"embeddable":true,"href":"https:\/\/www.fredonoccitanie.com\/jevi\/wp-json\/wp\/v2\/comments?post=14904"}],"version-history":[{"count":4,"href":"https:\/\/www.fredonoccitanie.com\/jevi\/wp-json\/wp\/v2\/posts\/14904\/revisions"}],"predecessor-version":[{"id":15184,"href":"https:\/\/www.fredonoccitanie.com\/jevi\/wp-json\/wp\/v2\/posts\/14904\/revisions\/15184"}],"wp:featuredmedia":[{"embeddable":true,"href":"https:\/\/www.fredonoccitanie.com\/jevi\/wp-json\/wp\/v2\/media\/14905"}],"wp:attachment":[{"href":"https:\/\/www.fredonoccitanie.com\/jevi\/wp-json\/wp\/v2\/media?parent=14904"}],"wp:term":[{"taxonomy":"category","embeddable":true,"href":"https:\/\/www.fredonoccitanie.com\/jevi\/wp-json\/wp\/v2\/categories?post=14904"},{"taxonomy":"post_tag","embeddable":true,"href":"https:\/\/www.fredonoccitanie.com\/jevi\/wp-json\/wp\/v2\/tags?post=14904"}],"curies":[{"name":"wp","href":"https:\/\/api.w.org\/{rel}","templated":true}]}}