{"id":14822,"date":"2024-06-07T16:10:25","date_gmt":"2024-06-07T14:10:25","guid":{"rendered":"https:\/\/www.fredonoccitanie.com\/jevi\/?p=14822"},"modified":"2024-06-07T16:10:25","modified_gmt":"2024-06-07T14:10:25","slug":"rediffusion-webinaire-jevi-20242-les-diagnostics-des-arbres-lesquels-pourquoi-comment-par-qui","status":"publish","type":"post","link":"https:\/\/www.fredonoccitanie.com\/jevi\/2024\/06\/07\/rediffusion-webinaire-jevi-20242-les-diagnostics-des-arbres-lesquels-pourquoi-comment-par-qui\/","title":{"rendered":"[REDIFFUSION] Webinaire JEVI 2024#2 : \u00ab Les diagnostics des arbres : lesquels, pourquoi, comment, par qui ? \u00bb"},"content":{"rendered":"\r\n\r\n\r\n<h2 style=\"text-align: center\">Les diagnostics sanitaires et biodiversit\u00e9 des arbres :<\/h2>\r\n<h2 style=\"text-align: center\">un pr\u00e9alable essentiel pour une gestion responsable<\/h2>\r\n<p>&nbsp;<\/p>\r\n<p style=\"text-align: center\"><strong>Vous \u00e9tiez 34 participants sur 54 inscrits au webinaire du <\/strong><strong><span class=\"has-inline-color\">vendredi 7 juin 2024 ! <\/span><\/strong><\/p>\r\n<p style=\"text-align: center\"><strong>Merci encore pour votre participation<\/strong>.<\/p>\r\n<p>&nbsp;<\/p>\r\n<p><strong style=\"text-align: center\"><img loading=\"lazy\" decoding=\"async\" class=\"size-medium wp-image-14267 aligncenter\" src=\"https:\/\/www.fredonoccitanie.com\/jevi\/wp-content\/uploads\/sites\/2\/2024\/03\/5_C_couleur-e1709890885485-214x300.jpg\" alt=\"\" width=\"214\" height=\"300\" srcset=\"https:\/\/www.fredonoccitanie.com\/jevi\/wp-content\/uploads\/sites\/2\/2024\/03\/5_C_couleur-e1709890885485-214x300.jpg 214w, https:\/\/www.fredonoccitanie.com\/jevi\/wp-content\/uploads\/sites\/2\/2024\/03\/5_C_couleur-e1709890885485-504x705.jpg 504w, https:\/\/www.fredonoccitanie.com\/jevi\/wp-content\/uploads\/sites\/2\/2024\/03\/5_C_couleur-e1709890885485.jpg 536w\" sizes=\"auto, (max-width: 214px) 100vw, 214px\" \/><\/strong><\/p>\r\n<p><strong>Ce webinaire visait \u00e0 explorer :<\/strong><\/p>\r\n<p>&#8211; Les m\u00e9thodes de diagnostic sanitaire des arbres et leur importance dans la pr\u00e9servation de ces pr\u00e9cieux acteurs de notre environnement.<br \/>&#8211; L&rsquo;importance cruciale de prendre en compte la biodiversit\u00e9 avant d&rsquo;entreprendre toute pratique de taille ou d&rsquo;abattage, afin de garantir une gestion durable et respectueuse de notre patrimoine arbor\u00e9.<\/p>\r\n<p><strong>Visionnez le webinaire :<\/strong><\/p>\r\n<p><a href=\"https:\/\/www.fredonoccitanie.com\/jevi\/ressources\/sites-web\/\">Sites web \u2013 R\u00e9seau JEVI (fredonoccitanie.com)<\/a><\/p>\r\n<p><strong>Intervenants :<\/strong><\/p>\r\n<ul>\r\n<li><i>\u2022David CHEVET Expert en arboriculture urbaine &#8211; Chef de produit national Arbre Conseil\u00ae chez ONF Vegetis <\/i><\/li>\r\n<li><i>\u2022Pierre BIEUZEN Charg\u00e9 de projet biodiversit\u00e9 &#8211; Urbanisme op\u00e9rationnel et ERC, Agence R\u00e9gionale de la Biodiversit\u00e9 Occitanie<\/i><\/li>\r\n<li><i>Florian MARTEL &#8211; FREDON Occitanie &#8211; animateur du r\u00e9seau JEVI en Occitanie<\/i><\/li>\r\n<\/ul>\r\n<p>Ce webinaire s\u2019adresse aux : gestionnaires publics d\u2019espaces verts (communes, intercommunalit\u00e9s, d\u00e9partements\u2026) ; gestionnaires de campings et d&rsquo;infrastructures touristiques en g\u00e9n\u00e9ral\u00a0<strong>#jevi ;\u00a0<\/strong>structures qui souhaitent accompagner une dynamique sur leur territoire et accompagner ces gestionnaires dans leur d\u00e9marche (CD, EPCI, PNR, PN, GSF, Syndicats mixtes\u2026) sur les th\u00e9matiques couvertes par la charte Engag\u00e9 pour le v\u00e9g\u00e9tal.<\/p>\r\n<p>&nbsp;<\/p>\r\n<p>En partenariat avec :<\/p>\r\n<p>\u00a0<img loading=\"lazy\" decoding=\"async\" class=\"alignnone  wp-image-11457\" src=\"https:\/\/www.fredonoccitanie.com\/jevi\/wp-content\/uploads\/sites\/2\/2023\/02\/Logo@4x-100.jpg\" alt=\"\" width=\"762\" height=\"121\" srcset=\"https:\/\/www.fredonoccitanie.com\/jevi\/wp-content\/uploads\/sites\/2\/2023\/02\/Logo@4x-100.jpg 2524w, https:\/\/www.fredonoccitanie.com\/jevi\/wp-content\/uploads\/sites\/2\/2023\/02\/Logo@4x-100-300x48.jpg 300w, https:\/\/www.fredonoccitanie.com\/jevi\/wp-content\/uploads\/sites\/2\/2023\/02\/Logo@4x-100-1030x164.jpg 1030w, https:\/\/www.fredonoccitanie.com\/jevi\/wp-content\/uploads\/sites\/2\/2023\/02\/Logo@4x-100-768x122.jpg 768w, https:\/\/www.fredonoccitanie.com\/jevi\/wp-content\/uploads\/sites\/2\/2023\/02\/Logo@4x-100-1536x244.jpg 1536w, https:\/\/www.fredonoccitanie.com\/jevi\/wp-content\/uploads\/sites\/2\/2023\/02\/Logo@4x-100-2048x325.jpg 2048w, https:\/\/www.fredonoccitanie.com\/jevi\/wp-content\/uploads\/sites\/2\/2023\/02\/Logo@4x-100-1500x238.jpg 1500w, https:\/\/www.fredonoccitanie.com\/jevi\/wp-content\/uploads\/sites\/2\/2023\/02\/Logo@4x-100-705x112.jpg 705w\" sizes=\"auto, (max-width: 762px) 100vw, 762px\" \/> \u00a0\u00a0\u00a0\u00a0\u00a0\u00a0\u00a0 \u00a0<\/p>\r\n","protected":false},"excerpt":{"rendered":"<p>Les diagnostics sanitaires et biodiversit\u00e9 des arbres : un pr\u00e9alable essentiel pour une gestion responsable &nbsp; Vous \u00e9tiez 34 participants sur 54 inscrits au webinaire du vendredi 7 juin 2024 ! Merci encore pour votre participation. &nbsp; Ce webinaire visait \u00e0 explorer : &#8211; Les m\u00e9thodes de diagnostic sanitaire des arbres et leur importance dans [&hellip;]<\/p>\n","protected":false},"author":14,"featured_media":14648,"comment_status":"closed","ping_status":"open","sticky":false,"template":"","format":"standard","meta":{"footnotes":""},"categories":[8,2],"tags":[7],"class_list":["post-14822","post","type-post","status-publish","format-standard","has-post-thumbnail","hentry","category-jevi","category-actualites-fredon","tag-actualites-jevi"],"_links":{"self":[{"href":"https:\/\/www.fredonoccitanie.com\/jevi\/wp-json\/wp\/v2\/posts\/14822","targetHints":{"allow":["GET"]}}],"collection":[{"href":"https:\/\/www.fredonoccitanie.com\/jevi\/wp-json\/wp\/v2\/posts"}],"about":[{"href":"https:\/\/www.fredonoccitanie.com\/jevi\/wp-json\/wp\/v2\/types\/post"}],"author":[{"embeddable":true,"href":"https:\/\/www.fredonoccitanie.com\/jevi\/wp-json\/wp\/v2\/users\/14"}],"replies":[{"embeddable":true,"href":"https:\/\/www.fredonoccitanie.com\/jevi\/wp-json\/wp\/v2\/comments?post=14822"}],"version-history":[{"count":2,"href":"https:\/\/www.fredonoccitanie.com\/jevi\/wp-json\/wp\/v2\/posts\/14822\/revisions"}],"predecessor-version":[{"id":14828,"href":"https:\/\/www.fredonoccitanie.com\/jevi\/wp-json\/wp\/v2\/posts\/14822\/revisions\/14828"}],"wp:featuredmedia":[{"embeddable":true,"href":"https:\/\/www.fredonoccitanie.com\/jevi\/wp-json\/wp\/v2\/media\/14648"}],"wp:attachment":[{"href":"https:\/\/www.fredonoccitanie.com\/jevi\/wp-json\/wp\/v2\/media?parent=14822"}],"wp:term":[{"taxonomy":"category","embeddable":true,"href":"https:\/\/www.fredonoccitanie.com\/jevi\/wp-json\/wp\/v2\/categories?post=14822"},{"taxonomy":"post_tag","embeddable":true,"href":"https:\/\/www.fredonoccitanie.com\/jevi\/wp-json\/wp\/v2\/tags?post=14822"}],"curies":[{"name":"wp","href":"https:\/\/api.w.org\/{rel}","templated":true}]}}