{"id":14752,"date":"2024-05-22T16:13:27","date_gmt":"2024-05-22T14:13:27","guid":{"rendered":"https:\/\/www.fredonoccitanie.com\/jevi\/?p=14752"},"modified":"2024-06-05T16:06:45","modified_gmt":"2024-06-05T14:06:45","slug":"jevi-retour-sur-la-journee-technique-florileges-et-propage-a-saint-orens-de-gameville","status":"publish","type":"post","link":"https:\/\/www.fredonoccitanie.com\/jevi\/2024\/05\/22\/jevi-retour-sur-la-journee-technique-florileges-et-propage-a-saint-orens-de-gameville\/","title":{"rendered":"[Actu r\u00e9seau] &#8211; Retour sur la journ\u00e9e technique Floril\u00e8ges et Propage \u00e0 Saint Orens de Gameville"},"content":{"rendered":"<h1 style=\"text-align: center\">Des outils de suivi de la biodiversit\u00e9 pour les JEVI !<\/h1>\n<p style=\"text-align: center\">Reconnaitre papillons et les herbac\u00e9es puis suivre leur \u00e9volution dans le temps ! Voir l&rsquo;impact d&rsquo;une gestion men\u00e9e sur la flore et la petite faune d&rsquo;un site donn\u00e9 : des outils d&rsquo;am\u00e9lioration et de valorisation des pratiques.<\/p>\n<p>En partenariat avec le <a href=\"https:\/\/www.linkedin.com\/school\/mnhn-edu\/\">Mus\u00e9um National d&rsquo;Histoire Naturelle<\/a> (MNHN), <a href=\"https:\/\/www.linkedin.com\/company\/tela-botanica\/\">Tela Botanica<\/a> et la Commune de Saint-Orens de Gameville, <a href=\"https:\/\/www.linkedin.com\/in\/fredon-occitanie-440847214\/\">FREDON Occitanie<\/a> a organis\u00e9 une journ\u00e9e dans le but de donner \u00e0 connaitre deux outils d&rsquo;inventaire de biodiversit\u00e9 \u00e0 disposition des gestionnaires.<\/p>\n<p><strong>Au programme : d\u00e9couverte des protocoles et des outils d&rsquo;identification, d\u00e9termination sur le terrain et saisie des donn\u00e9es !<\/strong><\/p>\n<p>&nbsp;<\/p>\n<p><img loading=\"lazy\" decoding=\"async\" class=\"alignnone size-medium wp-image-14757 aligncenter\" src=\"https:\/\/www.fredonoccitanie.com\/jevi\/wp-content\/uploads\/sites\/2\/2024\/05\/20240521_134646-300x225.jpg\" alt=\"\" width=\"300\" height=\"225\" srcset=\"https:\/\/www.fredonoccitanie.com\/jevi\/wp-content\/uploads\/sites\/2\/2024\/05\/20240521_134646-300x225.jpg 300w, https:\/\/www.fredonoccitanie.com\/jevi\/wp-content\/uploads\/sites\/2\/2024\/05\/20240521_134646-1030x773.jpg 1030w, https:\/\/www.fredonoccitanie.com\/jevi\/wp-content\/uploads\/sites\/2\/2024\/05\/20240521_134646-768x576.jpg 768w, https:\/\/www.fredonoccitanie.com\/jevi\/wp-content\/uploads\/sites\/2\/2024\/05\/20240521_134646-1536x1152.jpg 1536w, https:\/\/www.fredonoccitanie.com\/jevi\/wp-content\/uploads\/sites\/2\/2024\/05\/20240521_134646-2048x1536.jpg 2048w, https:\/\/www.fredonoccitanie.com\/jevi\/wp-content\/uploads\/sites\/2\/2024\/05\/20240521_134646-1500x1125.jpg 1500w, https:\/\/www.fredonoccitanie.com\/jevi\/wp-content\/uploads\/sites\/2\/2024\/05\/20240521_134646-705x529.jpg 705w\" sizes=\"auto, (max-width: 300px) 100vw, 300px\" \/><\/p>\n<p>&nbsp;<\/p>\n<p><img loading=\"lazy\" decoding=\"async\" class=\"alignnone size-medium wp-image-14753\" src=\"https:\/\/www.fredonoccitanie.com\/jevi\/wp-content\/uploads\/sites\/2\/2024\/05\/20240521_134646.jpg\" alt=\"\" width=\"1\" height=\"1\" \/>Le matin, <strong>Martin Jeanmougin du MNHN<\/strong> a pr\u00e9sent\u00e9 les deux outils de sciences participatives sur les espaces verts : <a href=\"https:\/\/www.suivis-espaces-verts.fr\/le-programme-florileges-prairies\"><strong>Floril\u00e8ges,prairies urbaines<\/strong><\/a> et <a href=\"https:\/\/www.suivis-espaces-verts.fr\/le-programme-propage\"><strong>Propage.<\/strong><\/a> Les gestionnaires ont d\u00e9couvert les protocoles associ\u00e9s \u00e0 chaque programme ainsi que les outils de d\u00e9termination (cl\u00e9s, planche, guides).<\/p>\n<p><img loading=\"lazy\" decoding=\"async\" class=\"alignnone size-medium wp-image-14759 aligncenter\" src=\"https:\/\/www.fredonoccitanie.com\/jevi\/wp-content\/uploads\/sites\/2\/2024\/05\/20240521_094652-300x225.jpg\" alt=\"\" width=\"300\" height=\"225\" srcset=\"https:\/\/www.fredonoccitanie.com\/jevi\/wp-content\/uploads\/sites\/2\/2024\/05\/20240521_094652-300x225.jpg 300w, https:\/\/www.fredonoccitanie.com\/jevi\/wp-content\/uploads\/sites\/2\/2024\/05\/20240521_094652-1030x773.jpg 1030w, https:\/\/www.fredonoccitanie.com\/jevi\/wp-content\/uploads\/sites\/2\/2024\/05\/20240521_094652-768x576.jpg 768w, https:\/\/www.fredonoccitanie.com\/jevi\/wp-content\/uploads\/sites\/2\/2024\/05\/20240521_094652-1536x1152.jpg 1536w, https:\/\/www.fredonoccitanie.com\/jevi\/wp-content\/uploads\/sites\/2\/2024\/05\/20240521_094652-2048x1536.jpg 2048w, https:\/\/www.fredonoccitanie.com\/jevi\/wp-content\/uploads\/sites\/2\/2024\/05\/20240521_094652-1500x1125.jpg 1500w, https:\/\/www.fredonoccitanie.com\/jevi\/wp-content\/uploads\/sites\/2\/2024\/05\/20240521_094652-705x529.jpg 705w\" sizes=\"auto, (max-width: 300px) 100vw, 300px\" \/><\/p>\n<p>&nbsp;<\/p>\n<p>L&rsquo;apr\u00e8s-midi, accompagn\u00e9s par <strong>Aur\u00e9lie Froger de Tela Botanica<\/strong>, les participants se sont munis de leurs grilles pour aller identifier et compter poac\u00e9es, renonculac\u00e9es, fabac\u00e9es et l\u00e9pidopt\u00e8res pr\u00e9sents dans le magnifique parc du Ch\u00e2teau Catala.<\/p>\n<p>&nbsp;<\/p>\n<p><img loading=\"lazy\" decoding=\"async\" class=\"alignnone size-medium wp-image-14761 aligncenter\" src=\"https:\/\/www.fredonoccitanie.com\/jevi\/wp-content\/uploads\/sites\/2\/2024\/05\/20240521_134718-300x269.jpg\" alt=\"\" width=\"300\" height=\"269\" srcset=\"https:\/\/www.fredonoccitanie.com\/jevi\/wp-content\/uploads\/sites\/2\/2024\/05\/20240521_134718-300x269.jpg 300w, https:\/\/www.fredonoccitanie.com\/jevi\/wp-content\/uploads\/sites\/2\/2024\/05\/20240521_134718-1030x922.jpg 1030w, https:\/\/www.fredonoccitanie.com\/jevi\/wp-content\/uploads\/sites\/2\/2024\/05\/20240521_134718-768x688.jpg 768w, https:\/\/www.fredonoccitanie.com\/jevi\/wp-content\/uploads\/sites\/2\/2024\/05\/20240521_134718-1536x1375.jpg 1536w, https:\/\/www.fredonoccitanie.com\/jevi\/wp-content\/uploads\/sites\/2\/2024\/05\/20240521_134718-2048x1834.jpg 2048w, https:\/\/www.fredonoccitanie.com\/jevi\/wp-content\/uploads\/sites\/2\/2024\/05\/20240521_134718-1500x1343.jpg 1500w, https:\/\/www.fredonoccitanie.com\/jevi\/wp-content\/uploads\/sites\/2\/2024\/05\/20240521_134718-705x631.jpg 705w\" sizes=\"auto, (max-width: 300px) 100vw, 300px\" \/><\/p>\n<p style=\"text-align: center\">Tircis rep\u00e9r\u00e9 dans le parc<\/p>\n<p>&nbsp;<\/p>\n<p>Cette journ\u00e9e technique \u00e9tait organis\u00e9e dans le cadre de l&rsquo;animation du r\u00e9seau JEVI et de la charte Engag\u00e9 pour le v\u00e9g\u00e9tal (Engagement 9 &#8211; Accueil de la biodiversit\u00e9 et Engagement 12 &#8211; Communication et Sensibilisation).<\/p>\n<p><strong>Si vous \u00eates int\u00e9ress\u00e9s pour accueillir une journ\u00e9e de ce type sur votre commune, n&rsquo;h\u00e9sitez pas \u00e0 nous contacter et nous l&rsquo;organiserons ensemble !<\/strong><\/p>\n<p>&nbsp;<\/p>\n<p>Plus d&rsquo;informations sur le r\u00e9seau JEVI et la charte Engag\u00e9 pour le v\u00e9g\u00e9tal :<br \/>\n<a href=\"https:\/\/www.fredonoccitanie.com\/jevi\/charte-regionale-engage-pour-le-vegetal\/\">https:\/\/www.fredonoccitanie.com\/jevi\/charte-regionale-engage-pour-le-vegetal\/<\/a><\/p>\n<p><a href=\"https:\/\/www.suivis-espaces-verts.fr\/le-programme-florileges-prairies\">Plus d&rsquo;informations sur Floril\u00e8ges ici !<\/a><\/p>\n<p><a href=\"https:\/\/www.suivis-espaces-verts.fr\/le-programme-propage\">Plus d&rsquo;informations sur Propage ici !<\/a><\/p>\n<p>&nbsp;<\/p>\n<p>Cr\u00e9dit photos: FREDON Occitanie<\/p>\n","protected":false},"excerpt":{"rendered":"<p>Des outils de suivi de la biodiversit\u00e9 pour les JEVI ! Reconnaitre papillons et les herbac\u00e9es puis suivre leur \u00e9volution dans le temps ! Voir l&rsquo;impact d&rsquo;une gestion men\u00e9e sur la flore et la petite faune d&rsquo;un site donn\u00e9 : des outils d&rsquo;am\u00e9lioration et de valorisation des pratiques. En partenariat avec le Mus\u00e9um National d&rsquo;Histoire [&hellip;]<\/p>\n","protected":false},"author":19,"featured_media":14755,"comment_status":"closed","ping_status":"closed","sticky":false,"template":"","format":"standard","meta":{"footnotes":""},"categories":[8,2],"tags":[],"class_list":["post-14752","post","type-post","status-publish","format-standard","has-post-thumbnail","hentry","category-jevi","category-actualites-fredon"],"_links":{"self":[{"href":"https:\/\/www.fredonoccitanie.com\/jevi\/wp-json\/wp\/v2\/posts\/14752","targetHints":{"allow":["GET"]}}],"collection":[{"href":"https:\/\/www.fredonoccitanie.com\/jevi\/wp-json\/wp\/v2\/posts"}],"about":[{"href":"https:\/\/www.fredonoccitanie.com\/jevi\/wp-json\/wp\/v2\/types\/post"}],"author":[{"embeddable":true,"href":"https:\/\/www.fredonoccitanie.com\/jevi\/wp-json\/wp\/v2\/users\/19"}],"replies":[{"embeddable":true,"href":"https:\/\/www.fredonoccitanie.com\/jevi\/wp-json\/wp\/v2\/comments?post=14752"}],"version-history":[{"count":5,"href":"https:\/\/www.fredonoccitanie.com\/jevi\/wp-json\/wp\/v2\/posts\/14752\/revisions"}],"predecessor-version":[{"id":14812,"href":"https:\/\/www.fredonoccitanie.com\/jevi\/wp-json\/wp\/v2\/posts\/14752\/revisions\/14812"}],"wp:featuredmedia":[{"embeddable":true,"href":"https:\/\/www.fredonoccitanie.com\/jevi\/wp-json\/wp\/v2\/media\/14755"}],"wp:attachment":[{"href":"https:\/\/www.fredonoccitanie.com\/jevi\/wp-json\/wp\/v2\/media?parent=14752"}],"wp:term":[{"taxonomy":"category","embeddable":true,"href":"https:\/\/www.fredonoccitanie.com\/jevi\/wp-json\/wp\/v2\/categories?post=14752"},{"taxonomy":"post_tag","embeddable":true,"href":"https:\/\/www.fredonoccitanie.com\/jevi\/wp-json\/wp\/v2\/tags?post=14752"}],"curies":[{"name":"wp","href":"https:\/\/api.w.org\/{rel}","templated":true}]}}