{"id":14733,"date":"2024-05-16T14:28:25","date_gmt":"2024-05-16T12:28:25","guid":{"rendered":"https:\/\/www.fredonoccitanie.com\/jevi\/?p=14733"},"modified":"2024-05-16T14:28:25","modified_gmt":"2024-05-16T12:28:25","slug":"webinaire-27-mai-lumiere-sur-les-idees-recues-ruches-hotels-a-insectes-micro-forets","status":"publish","type":"post","link":"https:\/\/www.fredonoccitanie.com\/jevi\/2024\/05\/16\/webinaire-27-mai-lumiere-sur-les-idees-recues-ruches-hotels-a-insectes-micro-forets\/","title":{"rendered":"[WEBINAIRE] &#8211; 27 mai &#8211; Lumi\u00e8re sur les id\u00e9es re\u00e7ues : ruches, h\u00f4tels \u00e0 insectes, micro-for\u00eats,&#8230;!"},"content":{"rendered":"\r\n<h2 style=\"text-align: center\">Participez au webinaire de l&rsquo;ARB Occitanie le lundi 27 mai 2024 de 11h \u00e0 12h30 mettant en lumi\u00e8re diff\u00e9rentes id\u00e9es re\u00e7ues : ruches, h\u00f4tels \u00e0 insectes, micro-for\u00eats,&#8230; !\u00a0<\/h2>\r\n<p>&nbsp;<\/p>\r\n<p>Certaines pratiques d&rsquo;am\u00e9nagement pour la biodiversit\u00e9 ont r\u00e9cemment \u00e9t\u00e9 remises en question suite \u00e0 des exp\u00e9rimentations et travaux de recherches scientifiques. H\u00f4tels \u00e0 insectes, ruches en ville, plantation de micro-for\u00eats, etc. ont \u00e9t\u00e9 voire sont encore pl\u00e9biscit\u00e9s, toutefois, des pratiques plus respectueuses de la biodiversit\u00e9 existent.\u00a0<\/p>\r\n<p>Ce webinaire propose de faire le point sur ces pratiques et d&rsquo;en proposer d&rsquo;autres, plus efficaces pour la pr\u00e9servation de esp\u00e8ces, avec des experts et des retours d&rsquo;exp\u00e9rience concrets et prometteurs !\u00a0<\/p>\r\n<p>&nbsp;<\/p>\r\n<p><span style=\"font-size: 18px;font-weight: 600\">Au programme :\u00a0<\/span><\/p>\r\n<p>Lumi\u00e8re sur les h\u00f4tels \u00e0 insectes, ruches par <strong>Hugues Mouret<\/strong> (<em>Directeur Scientifique de l&rsquo;association<\/em>\u00a0<em>ARTHROPOLOGIA)\u00a0<\/em><\/p>\r\n<p>Lumi\u00e8re sur les micro-for\u00eats par\u00a0<strong>Baptiste Hautdidier\u00a0<\/strong>(<em>ing\u00e9nieur-chercheur \u00e0 INRAE, membre de l&rsquo;unit\u00e9 de recherche &lsquo;Environnement, Territoires en Transition, Infrastructures et Soci\u00e9t\u00e9s<\/em>)\u00a0<\/p>\r\n<p>Lumi\u00e8re et solutions sur les plantations indig\u00e8nes en Occitanie par <strong>V\u00e9ronique Ventre<\/strong> (<em>charg\u00e9e de projet \u00e0 l&rsquo;ARB Occitanie<\/em>)\u00a0<\/p>\r\n<p>Retour d&rsquo;exp\u00e9rience d&rsquo;un sentier des Pollinisateurs \u00e0 <strong>Tournefeuille (31) par Elise B\u00e9ssi\u00e8res<\/strong> (<em>Directrice de projet transition \u00e9cologique \u00e0 la mairie de Tournefeuille, et l&rsquo;association des jardiniers de Tournefeuille<\/em>).<\/p>\r\n<p>Retour d&rsquo;exp\u00e9rience de la d\u00e9simperm\u00e9abilisation et v\u00e9g\u00e9talisation de 4 cours d&rsquo;\u00e9coles \u00e0 <strong>Balaruc-les-bain (34) par Julie Bastide<\/strong> (<em>Charg\u00e9e d&rsquo;op\u00e9rations &#8211; P\u00f4le Proximit\u00e9 et D\u00e9veloppement Durable du Territoire<\/em>)\u00a0<\/p>\r\n<p>&nbsp;<\/p>\r\n<p style=\"text-align: center\">&gt;&gt;<a href=\"https:\/\/framaforms.org\/lumiere-sur-les-idees-recues-ruches-hotels-a-insectes-micro-forets-1711622586\">Je m&rsquo;inscris<\/a>&lt;&lt;<\/p>\r\n<p>&nbsp;<\/p>\r\n<p>Source : ARB Occitanie<\/p>\r\n\r\n\r\n\r\n\r\n","protected":false},"excerpt":{"rendered":"<p>Participez au webinaire de l&rsquo;ARB Occitanie le lundi 27 mai 2024 de 11h \u00e0 12h30 mettant en lumi\u00e8re diff\u00e9rentes id\u00e9es re\u00e7ues : ruches, h\u00f4tels \u00e0 insectes, micro-for\u00eats,&#8230; !\u00a0 &nbsp; Certaines pratiques d&rsquo;am\u00e9nagement pour la biodiversit\u00e9 ont r\u00e9cemment \u00e9t\u00e9 remises en question suite \u00e0 des exp\u00e9rimentations et travaux de recherches scientifiques. H\u00f4tels \u00e0 insectes, ruches en [&hellip;]<\/p>\n","protected":false},"author":14,"featured_media":14734,"comment_status":"open","ping_status":"open","sticky":false,"template":"","format":"standard","meta":{"footnotes":""},"categories":[3,11],"tags":[7],"class_list":["post-14733","post","type-post","status-publish","format-standard","has-post-thumbnail","hentry","category-agenda-fredon","category-agenda-jevi","tag-actualites-jevi"],"_links":{"self":[{"href":"https:\/\/www.fredonoccitanie.com\/jevi\/wp-json\/wp\/v2\/posts\/14733","targetHints":{"allow":["GET"]}}],"collection":[{"href":"https:\/\/www.fredonoccitanie.com\/jevi\/wp-json\/wp\/v2\/posts"}],"about":[{"href":"https:\/\/www.fredonoccitanie.com\/jevi\/wp-json\/wp\/v2\/types\/post"}],"author":[{"embeddable":true,"href":"https:\/\/www.fredonoccitanie.com\/jevi\/wp-json\/wp\/v2\/users\/14"}],"replies":[{"embeddable":true,"href":"https:\/\/www.fredonoccitanie.com\/jevi\/wp-json\/wp\/v2\/comments?post=14733"}],"version-history":[{"count":2,"href":"https:\/\/www.fredonoccitanie.com\/jevi\/wp-json\/wp\/v2\/posts\/14733\/revisions"}],"predecessor-version":[{"id":14736,"href":"https:\/\/www.fredonoccitanie.com\/jevi\/wp-json\/wp\/v2\/posts\/14733\/revisions\/14736"}],"wp:featuredmedia":[{"embeddable":true,"href":"https:\/\/www.fredonoccitanie.com\/jevi\/wp-json\/wp\/v2\/media\/14734"}],"wp:attachment":[{"href":"https:\/\/www.fredonoccitanie.com\/jevi\/wp-json\/wp\/v2\/media?parent=14733"}],"wp:term":[{"taxonomy":"category","embeddable":true,"href":"https:\/\/www.fredonoccitanie.com\/jevi\/wp-json\/wp\/v2\/categories?post=14733"},{"taxonomy":"post_tag","embeddable":true,"href":"https:\/\/www.fredonoccitanie.com\/jevi\/wp-json\/wp\/v2\/tags?post=14733"}],"curies":[{"name":"wp","href":"https:\/\/api.w.org\/{rel}","templated":true}]}}