{"id":14533,"date":"2024-04-05T09:13:10","date_gmt":"2024-04-05T07:13:10","guid":{"rendered":"https:\/\/www.fredonoccitanie.com\/jevi\/?p=14533"},"modified":"2024-04-11T15:20:42","modified_gmt":"2024-04-11T13:20:42","slug":"outil-revalorisez-la-nature-en-ville-avec-le-projet-ardem","status":"publish","type":"post","link":"https:\/\/www.fredonoccitanie.com\/jevi\/2024\/04\/05\/outil-revalorisez-la-nature-en-ville-avec-le-projet-ardem\/","title":{"rendered":"[OUTIL] Revalorisez la nature en ville avec le projet ARDEM !"},"content":{"rendered":"<h2 style=\"text-align: left;\">Quelles esp\u00e8ces d&rsquo;arbres et arbustes utiliser en r\u00e9gion m\u00e9diterran\u00e9enne dans le contexte en \u00e9volution des besoins et du climat ?<\/h2>\n<p>&nbsp;<\/p>\n<h4>Le projet ARDEM &#8211; Arbres de Demain En M\u00e9diterran\u00e9e<\/h4>\n<p>Il s&rsquo;inscrit dans le contexte national et international de revalorisation de la nature en ville, dont l&rsquo;objectif principal est d&rsquo;att\u00e9nuer les effets du changement climatique.<\/p>\n<p>L&rsquo;ancrage du projet ARDEM se situe dans un contexte local m\u00e9diterran\u00e9en, en r\u00e9ponse \u00e0 la demande d&rsquo;acteurs du paysage, mais peut aussi d\u00e9passer la r\u00e9gion au cas par cas en fonction de situations particuli\u00e8res et de l&rsquo;\u00e9volution du climat. Le projet \u00ab\u00a0Arbres de demain en M\u00e9diterran\u00e9e\u00a0\u00bb a d\u00e9but\u00e9 en 2019 pour r\u00e9pondre \u00e0 la probl\u00e9matique complexe : adapter et diversifier les palettes d&rsquo;arbres urbains, accompagner les professionnels dans le choix de ligneux pour les projets d&rsquo;am\u00e9nagement d&rsquo;espaces publics et priv\u00e9s.<\/p>\n<h4>Un groupe de travail<\/h4>\n<p>Il compos\u00e9 de repr\u00e9sentants des collectivit\u00e9s (associations Hortis et AITF), de paysagistes (association PaySsage), de formateurs de l&rsquo;\u00e9tablissement Vert d&rsquo;Azur d&rsquo;Antibes, de scientifiques d&rsquo;INRAE (UEVT) a constitu\u00e9 une premi\u00e8re liste d&rsquo;arbres pouvant r\u00e9pondre \u00e0 cette question, en croisant les sources bibliographiques, leur expertise et les donn\u00e9es originales recueillies sur les sp\u00e9cimens en culture au Jardin Thuret. La survie de ces esp\u00e8ces aux accidents climatiques rencontr\u00e9s depuis plus d&rsquo;un si\u00e8cle et demi a permis de poser l&rsquo;hypoth\u00e8se que ces esp\u00e8ces soient potentiellement tol\u00e9rantes aux changements climatiques. La plupart de ces esp\u00e8ces sont innovantes en arboriculture ornementale. Pour r\u00e9unir, analyser, v\u00e9rifier l&rsquo;ensemble des informations disponibles, l&rsquo;UEVT a con\u00e7u une base de donn\u00e9es comprenant 127 champs organis\u00e9s en 17\u00a0 cat\u00e9gories, notamment : R\u00e9partition de l&rsquo;esp\u00e8ce dans le monde, Morphologie, Architecture, Ph\u00e9nologie, Traits d&rsquo;histoire de vie (strat\u00e9gie de croissance et de persistance dans le milieu), Facteurs climatiques (en particulier \u00e9valuation de la r\u00e9sistance \u00e0 la s\u00e9cheresse et recueil de traits physiologiques li\u00e9s \u00e0 cette r\u00e9sistance), Sol et syst\u00e8me racinaire, Risques (invasion biologique, allergies, toxicit\u00e9), Adaptation au milieu urbain, Typologie d&rsquo;am\u00e9nagements.<\/p>\n<h4>Fiches esp\u00e8ces<\/h4>\n<p>A la demande des professionnels, <strong>une premi\u00e8re liste \u00ab\u00a0d&rsquo;urgence\u00a0\u00bb<\/strong> a \u00e9t\u00e9 diffus\u00e9e en 2021, lors des journ\u00e9es techniques de Plante &amp; Cit\u00e9, \u00e0 Montpellier (Ducatillion et Delorme, 2021). Un des objectifs du projet est la r\u00e9alisation et la diffusion de fiches esp\u00e8ces techniques synth\u00e9tiques illustr\u00e9es destin\u00e9es aux professionnels : collectivit\u00e9s, entreprises du paysage, producteurs. Une notice accompagne et explicite les diff\u00e9rentes sections des fiches.<\/p>\n<p><strong>Les fiches esp\u00e8ces sont t\u00e9l\u00e9chargeables librement en PDF ici :<\/strong> <a href=\"https:\/\/jardin-thuret.hub.inrae.fr\/decouvrir-l-unite\/projets\/presentation-des-fiches-especes\">Accueil &#8211; Pr\u00e9sentation des fiches esp\u00e8ces (inrae.fr)<\/a><\/p>\n<p style=\"text-align: center;\">Exemple fiche \u00ab\u00a0\u00c9rable syrien\u00a0\u00bb<\/p>\n<p><a href=\"file:\/\/\/C:\/Users\/FREDON\/Downloads\/Acer%20obtusifolium.pdf\"><img loading=\"lazy\" decoding=\"async\" class=\"wp-image-14575 aligncenter\" src=\"https:\/\/www.fredonoccitanie.com\/jevi\/wp-content\/uploads\/sites\/2\/2024\/04\/erable3.jpg\" alt=\"\" width=\"682\" height=\"485\" srcset=\"https:\/\/www.fredonoccitanie.com\/jevi\/wp-content\/uploads\/sites\/2\/2024\/04\/erable3.jpg 1185w, https:\/\/www.fredonoccitanie.com\/jevi\/wp-content\/uploads\/sites\/2\/2024\/04\/erable3-300x213.jpg 300w, https:\/\/www.fredonoccitanie.com\/jevi\/wp-content\/uploads\/sites\/2\/2024\/04\/erable3-1030x733.jpg 1030w, https:\/\/www.fredonoccitanie.com\/jevi\/wp-content\/uploads\/sites\/2\/2024\/04\/erable3-768x546.jpg 768w, https:\/\/www.fredonoccitanie.com\/jevi\/wp-content\/uploads\/sites\/2\/2024\/04\/erable3-260x185.jpg 260w, https:\/\/www.fredonoccitanie.com\/jevi\/wp-content\/uploads\/sites\/2\/2024\/04\/erable3-705x502.jpg 705w\" sizes=\"auto, (max-width: 682px) 100vw, 682px\" \/><\/a><\/p>\n<p>&nbsp;<\/p>\n<h4><strong>Remarque\u00a0<\/strong><\/h4>\n<p>Les donn\u00e9es sont plus ou moins disponibles et robustes selon les esp\u00e8ces. Les connaissances recueillies sont parfois incompl\u00e8tes, parfois contradictoires. Elles peuvent \u00eatre valid\u00e9es pour une partie seulement de l&rsquo;esp\u00e8ce (quelques individus, un \u00e9cotype ou une provenance) car celles-ci ne sont pas s\u00e9lectionn\u00e9es et am\u00e9lior\u00e9es g\u00e9n\u00e9tiquement. Dans la mesure du possible, nous avons privil\u00e9gi\u00e9 les donn\u00e9es locales, par exemple pour la ph\u00e9nologie. Pour les affiner, les compl\u00e9ter et valider les propositions, les donn\u00e9es de terrain sont pr\u00e9cieuses. En cons\u00e9quence, vos observations sont bienvenues.<\/p>\n<p>Ce projet a b\u00e9n\u00e9fici\u00e9 du soutien de la Caisse des d\u00e9p\u00f4ts et consignations, branche m\u00e9c\u00e9nat et de la ville d&rsquo;Antibes.<\/p>\n<p>&nbsp;<\/p>\n<p>Source : INRAE<\/p>\n","protected":false},"excerpt":{"rendered":"<p>Quelles esp\u00e8ces d&rsquo;arbres et arbustes utiliser en r\u00e9gion m\u00e9diterran\u00e9enne dans le contexte en \u00e9volution des besoins et du climat ? &nbsp; Le projet ARDEM &#8211; Arbres de Demain En M\u00e9diterran\u00e9e Il s&rsquo;inscrit dans le contexte national et international de revalorisation de la nature en ville, dont l&rsquo;objectif principal est d&rsquo;att\u00e9nuer les effets du changement climatique. [&hellip;]<\/p>\n","protected":false},"author":14,"featured_media":14535,"comment_status":"closed","ping_status":"closed","sticky":false,"template":"","format":"standard","meta":{"footnotes":""},"categories":[8,2],"tags":[],"class_list":["post-14533","post","type-post","status-publish","format-standard","has-post-thumbnail","hentry","category-jevi","category-actualites-fredon"],"_links":{"self":[{"href":"https:\/\/www.fredonoccitanie.com\/jevi\/wp-json\/wp\/v2\/posts\/14533","targetHints":{"allow":["GET"]}}],"collection":[{"href":"https:\/\/www.fredonoccitanie.com\/jevi\/wp-json\/wp\/v2\/posts"}],"about":[{"href":"https:\/\/www.fredonoccitanie.com\/jevi\/wp-json\/wp\/v2\/types\/post"}],"author":[{"embeddable":true,"href":"https:\/\/www.fredonoccitanie.com\/jevi\/wp-json\/wp\/v2\/users\/14"}],"replies":[{"embeddable":true,"href":"https:\/\/www.fredonoccitanie.com\/jevi\/wp-json\/wp\/v2\/comments?post=14533"}],"version-history":[{"count":5,"href":"https:\/\/www.fredonoccitanie.com\/jevi\/wp-json\/wp\/v2\/posts\/14533\/revisions"}],"predecessor-version":[{"id":14569,"href":"https:\/\/www.fredonoccitanie.com\/jevi\/wp-json\/wp\/v2\/posts\/14533\/revisions\/14569"}],"wp:featuredmedia":[{"embeddable":true,"href":"https:\/\/www.fredonoccitanie.com\/jevi\/wp-json\/wp\/v2\/media\/14535"}],"wp:attachment":[{"href":"https:\/\/www.fredonoccitanie.com\/jevi\/wp-json\/wp\/v2\/media?parent=14533"}],"wp:term":[{"taxonomy":"category","embeddable":true,"href":"https:\/\/www.fredonoccitanie.com\/jevi\/wp-json\/wp\/v2\/categories?post=14533"},{"taxonomy":"post_tag","embeddable":true,"href":"https:\/\/www.fredonoccitanie.com\/jevi\/wp-json\/wp\/v2\/tags?post=14533"}],"curies":[{"name":"wp","href":"https:\/\/api.w.org\/{rel}","templated":true}]}}