{"id":14477,"date":"2024-04-03T10:05:49","date_gmt":"2024-04-03T08:05:49","guid":{"rendered":"https:\/\/www.fredonoccitanie.com\/jevi\/?p=14477"},"modified":"2024-04-11T14:50:28","modified_gmt":"2024-04-11T12:50:28","slug":"cycle-webinaires-lancement-du-cycle-de-webinaires-de-larb-les-fausses-bonnes-idees","status":"publish","type":"post","link":"https:\/\/www.fredonoccitanie.com\/jevi\/2024\/04\/03\/cycle-webinaires-lancement-du-cycle-de-webinaires-de-larb-les-fausses-bonnes-idees\/","title":{"rendered":"[CYCLE WEBINAIRES] Lancement du cycle de webinaires de l&rsquo;ARB \u00ab Les fausses bonnes id\u00e9es \u00bb"},"content":{"rendered":"<h3>L&rsquo;ARB a lanc\u00e9 une s\u00e9rie de 4 webinaires sur le th\u00e8me des \u00ab Fausses bonnes id\u00e9es \u00bb \u00e9cologiques et \u00e9conomiques !<\/h3>\n<p>L&rsquo;objectif de ces webinaires : Comprendre pour mieux agir<\/p>\n<p>Face \u00e0 l\u2019\u00e9rosion de la biodiversit\u00e9 et aux impacts du changement climatique, nous avons tous envie de nous retrousser les manches pour sauvegarder la nature. Accueillir la biodiversit\u00e9, la pr\u00e9server, concevoir des espaces plus r\u00e9silients sont aujourd&rsquo;hui des pr\u00e9occupations pr\u00e9sentes dans toutes les consciences, qui laissent \u00e9merger un grand nombre de conseils, concepts et innovations pour y parvenir. Pourtant, certaines de ces r\u00e9ponses ne sont pas toujours adapt\u00e9es aux probl\u00e8mes, voire s&rsquo;av\u00e8rent contre-productives \u00e0 long terme.<\/p>\n<p>Pour vous aider \u00e0 mieux comprendre pour bien agir, ce cycle de webinaires vous fera d\u00e9couvrir certaines fausses bonnes id\u00e9es les plus r\u00e9pandues, qui ne sont en r\u00e9alit\u00e9 ni \u00e9cologiques ni \u00e9conomiques.<\/p>\n<h3><\/h3>\n<h4>PROGRAMMES ET INSCRIPTION<\/h4>\n<h3>28\/03 : Les esp\u00e8ces exotiques envahissantes (1\/4)<\/h3>\n<p><strong style=\"font-size: 16px\">De 14 h \u00e0 15 h 30<\/strong><\/p>\n<p>Les gestionnaires d\u2019espaces naturels publics ou priv\u00e9s sont de plus en plus pr\u00e9occup\u00e9s par les esp\u00e8ces exotiques envahissantes. Ils s&rsquo;interrogent sur les mani\u00e8res de limiter leur impact et de lutter contre leur prolif\u00e9ration. Une telle situation s&rsquo;analyse \u00e0 la lecture d\u2019un rapport r\u00e9cent de la Plateforme intergouvernementale scientifique et politique sur la biodiversit\u00e9 et les services \u00e9cosyst\u00e9miques (IPBES 2023). Ce webinaire r\u00e9pondra \u00e0 la question globale de l\u2019influence des esp\u00e8ces exotiques envahissantes sur la biodiversit\u00e9 francilienne et pr\u00e9sentera des exemples concrets parmi l\u2019entomofaune, l\u2019avifaune et la flore.<\/p>\n<h6><\/h6>\n<h6>Programme<\/h6>\n<ul>\n<li>Concepts fondamentaux,\u00a0<strong>Olivier Renault,\u00a0<\/strong>charg\u00e9 d\u2019\u00e9tude naturaliste et \u00e9cologue, ARB \u00eedF<\/li>\n<li>Les bonnes pratiques dans la gestion des esp\u00e8ces d\u2019insectes ind\u00e9sirables (chenilles processionnaires, frelons\u2026),\u00a0<strong>Alexis Borges,<\/strong>\u00a0charg\u00e9 d\u2019\u00e9tude Entomologiste, OPIE<\/li>\n<li>Les esp\u00e8ces exotiques envahissantes de l\u2019avifaune,\u00a0<strong>Fran\u00e7ois Chiron,<\/strong>\u00a0ma\u00eetre de conf\u00e9rences en \u00e9cologie, universit\u00e9 Paris-Saclay<\/li>\n<li>Les esp\u00e8ces exotiques envahissantes floristiques,\u00a0<strong>Audrey Muratet,\u00a0<\/strong>ma\u00eetre\u00a0de conf\u00e9rences, Laboratoire image ville environnement de l&rsquo;universit\u00e9 de Strasbourg<\/li>\n<\/ul>\n<p class=\"text-center\"><a class=\"btn btn-iau\" href=\"https:\/\/events.teams.microsoft.com\/event\/e7e6d292-7411-4f2d-a715-f80bb4a7268b@a03ec1aa-81fc-4359-a02a-796d9c25c28e\" target=\"_blank\" rel=\"noopener noreferrer\">Inscription au webinaire<\/a><\/p>\n<p>&nbsp;<\/p>\n<h3 class=\"text-center\"><span style=\"font-size: 20px;font-weight: 600\">29\/04 : Les abeilles domestiques vs les pollinisateurs sauvages (2\/4)<\/span><\/h3>\n<p class=\"ce-bodytext\"><strong>De 14 h \u00e0 15 h 30<\/strong><\/p>\n<h6 class=\"ce-bodytext\"><span style=\"font-size: 18px;font-weight: 600\">Programme<\/span><\/h6>\n<ul>\n<li class=\"ce-bodytext\">Concepts fondamentaux,\u00a0<strong style=\"font-size: 16px\">Hemminki Johan,<\/strong><span style=\"font-size: 16px\"> charg\u00e9 d\u2019\u00e9tude et naturaliste, ARB \u00eedF<\/span><\/li>\n<\/ul>\n<p><strong><a class=\"btn btn-iau\" href=\"https:\/\/events.teams.microsoft.com\/event\/72f4adfa-6a14-4902-9166-ae2f05136f42@a03ec1aa-81fc-4359-a02a-796d9c25c28e\" target=\"_blank\" rel=\"noopener noreferrer\">Inscription au webinaire<\/a><\/strong><\/p>\n<p>&nbsp;<\/p>\n<h3><span style=\"font-size: 20px;font-weight: 600\">27-28\/06 : Les microfor\u00eats urbaines (3\/4)<\/span><\/h3>\n<h6><span style=\"font-size: 18px;font-weight: 600\">Programme<\/span><\/h6>\n<ul>\n<li>Concepts fondamentaux, <strong style=\"font-size: 16px\">Gilles Lecuir et Klaire Houeix,<\/strong><span style=\"font-size: 16px\">\u00a0charg\u00e9s d\u2019\u00e9tude et \u00e9cologues, ARB \u00eedF<\/span><\/li>\n<\/ul>\n<p>&nbsp;<\/p>\n<h3>4-8\/11 : Les am\u00e9nagements pour la petite faune (4\/4)<\/h3>\n<h6><span style=\"font-size: 18px;font-weight: 600\">Programme<\/span><\/h6>\n<ul>\n<li>Concepts fondamentaux, Hemminki Johan et Klaire Houeix, charg\u00e9s d&rsquo;\u00e9tudes, naturaliste et \u00e9cologue, ARB \u00eedF<\/li>\n<\/ul>\n<h3><\/h3>\n<p>Source : ARB<\/p>\n","protected":false},"excerpt":{"rendered":"<p>L&rsquo;ARB a lanc\u00e9 une s\u00e9rie de 4 webinaires sur le th\u00e8me des \u00ab Fausses bonnes id\u00e9es \u00bb \u00e9cologiques et \u00e9conomiques ! L&rsquo;objectif de ces webinaires : Comprendre pour mieux agir Face \u00e0 l\u2019\u00e9rosion de la biodiversit\u00e9 et aux impacts du changement climatique, nous avons tous envie de nous retrousser les manches pour sauvegarder la nature. [&hellip;]<\/p>\n","protected":false},"author":14,"featured_media":14532,"comment_status":"closed","ping_status":"closed","sticky":false,"template":"","format":"standard","meta":{"footnotes":""},"categories":[3,11],"tags":[],"class_list":["post-14477","post","type-post","status-publish","format-standard","has-post-thumbnail","hentry","category-agenda-fredon","category-agenda-jevi"],"_links":{"self":[{"href":"https:\/\/www.fredonoccitanie.com\/jevi\/wp-json\/wp\/v2\/posts\/14477","targetHints":{"allow":["GET"]}}],"collection":[{"href":"https:\/\/www.fredonoccitanie.com\/jevi\/wp-json\/wp\/v2\/posts"}],"about":[{"href":"https:\/\/www.fredonoccitanie.com\/jevi\/wp-json\/wp\/v2\/types\/post"}],"author":[{"embeddable":true,"href":"https:\/\/www.fredonoccitanie.com\/jevi\/wp-json\/wp\/v2\/users\/14"}],"replies":[{"embeddable":true,"href":"https:\/\/www.fredonoccitanie.com\/jevi\/wp-json\/wp\/v2\/comments?post=14477"}],"version-history":[{"count":5,"href":"https:\/\/www.fredonoccitanie.com\/jevi\/wp-json\/wp\/v2\/posts\/14477\/revisions"}],"predecessor-version":[{"id":14519,"href":"https:\/\/www.fredonoccitanie.com\/jevi\/wp-json\/wp\/v2\/posts\/14477\/revisions\/14519"}],"wp:featuredmedia":[{"embeddable":true,"href":"https:\/\/www.fredonoccitanie.com\/jevi\/wp-json\/wp\/v2\/media\/14532"}],"wp:attachment":[{"href":"https:\/\/www.fredonoccitanie.com\/jevi\/wp-json\/wp\/v2\/media?parent=14477"}],"wp:term":[{"taxonomy":"category","embeddable":true,"href":"https:\/\/www.fredonoccitanie.com\/jevi\/wp-json\/wp\/v2\/categories?post=14477"},{"taxonomy":"post_tag","embeddable":true,"href":"https:\/\/www.fredonoccitanie.com\/jevi\/wp-json\/wp\/v2\/tags?post=14477"}],"curies":[{"name":"wp","href":"https:\/\/api.w.org\/{rel}","templated":true}]}}