{"id":14420,"date":"2024-03-29T12:40:30","date_gmt":"2024-03-29T11:40:30","guid":{"rendered":"https:\/\/www.fredonoccitanie.com\/jevi\/?p=14420"},"modified":"2024-04-04T10:38:44","modified_gmt":"2024-04-04T08:38:44","slug":"jevi-retour-sur-la-journee-technique-sauvages-de-ma-rue-a-grabels","status":"publish","type":"post","link":"https:\/\/www.fredonoccitanie.com\/jevi\/2024\/03\/29\/jevi-retour-sur-la-journee-technique-sauvages-de-ma-rue-a-grabels\/","title":{"rendered":"[JEVI] &#8211; Retour sur la journ\u00e9e technique Sauvages de ma rue \u00e0 Grabels"},"content":{"rendered":"<h1 style=\"text-align: center;\">Les gestionnaires JEVI se forment \u00e0 Sauvages de ma rue !<\/h1>\n<p style=\"text-align: center;\">Lamier pourpre, laiteron mara\u00eecher, fumeterre grimpante&#8230;Vous connaissez ?<\/p>\n<p>Les gestionnaires du r\u00e9seau JEVI sont all\u00e9s \u00e0 la rencontre de ces plantes qui poussent dans les rues de Grabels pour une initiation au programme de sciences participatives Sauvages de ma rue.<br \/>\n<strong>Au programme : d\u00e9couverte du protocole et des outils d&rsquo;identification, d\u00e9termination sur le terrain et saisie des donn\u00e9es !<\/strong><\/p>\n<p><img loading=\"lazy\" decoding=\"async\" class=\"size-medium wp-image-14421 aligncenter\" src=\"https:\/\/www.fredonoccitanie.com\/jevi\/wp-content\/uploads\/sites\/2\/2024\/03\/sauvages_demarue_Grabels_280324_11-e1711709929199-225x300.jpg\" alt=\"\" width=\"225\" height=\"300\" srcset=\"https:\/\/www.fredonoccitanie.com\/jevi\/wp-content\/uploads\/sites\/2\/2024\/03\/sauvages_demarue_Grabels_280324_11-e1711709929199-225x300.jpg 225w, https:\/\/www.fredonoccitanie.com\/jevi\/wp-content\/uploads\/sites\/2\/2024\/03\/sauvages_demarue_Grabels_280324_11-e1711709929199.jpg 350w\" sizes=\"auto, (max-width: 225px) 100vw, 225px\" \/><br \/>\nConna\u00eetre la flore spontan\u00e9e de nos rues pour changer notre regard et adapter nos pratiques, c&rsquo;\u00e9tait le fil rouge de cette journ\u00e9e organis\u00e9e par <a href=\"https:\/\/www.linkedin.com\/in\/fredon-occitanie-440847214\/\">FREDON Occitanie<\/a> avec <a href=\"https:\/\/www.linkedin.com\/company\/commune-de-grabels\/\" data-test-app-aware-link=\"\">COMMUNE DE GRABELS<\/a> et anim\u00e9e par <a href=\"https:\/\/www.linkedin.com\/company\/tela-botanica\/\" data-test-app-aware-link=\"\">Tela Botanica<\/a> .<\/p>\n<p>L&rsquo;apr\u00e8s-midi <a href=\"https:\/\/www.linkedin.com\/in\/julien-blondin-30413bb4\/\">Julien Blondin<\/a>, responsable du service environnement de la ville de Grabels nous a concoct\u00e9 une visite de plusieurs r\u00e9alisations communales : pr\u00e9sentation de l&rsquo;Atlas de la Biodiversit\u00e9 Communale, d\u00e9simperm\u00e9abilisation et v\u00e9g\u00e9talisation de places, v\u00e9g\u00e9talisation de cimeti\u00e8res&#8230;De beaux projets inspirants qui donnent envie d&rsquo;AGIR !<\/p>\n<p><img loading=\"lazy\" decoding=\"async\" class=\"size-medium wp-image-14422 aligncenter\" src=\"https:\/\/www.fredonoccitanie.com\/jevi\/wp-content\/uploads\/sites\/2\/2024\/03\/sauvages_demarue_Grabels_280324_10-e1711709970967-300x225.jpg\" alt=\"\" width=\"300\" height=\"225\" srcset=\"https:\/\/www.fredonoccitanie.com\/jevi\/wp-content\/uploads\/sites\/2\/2024\/03\/sauvages_demarue_Grabels_280324_10-e1711709970967-300x225.jpg 300w, https:\/\/www.fredonoccitanie.com\/jevi\/wp-content\/uploads\/sites\/2\/2024\/03\/sauvages_demarue_Grabels_280324_10-e1711709970967.jpg 350w\" sizes=\"auto, (max-width: 300px) 100vw, 300px\" \/><br \/>\nCette journ\u00e9e technique \u00e9tait organis\u00e9e dans le cadre du r\u00e9seau JEVI et de la charte Engag\u00e9 pour le v\u00e9g\u00e9tal (Engagement 9 &#8211; Accueil de la biodiversit\u00e9 et Engagement 12 &#8211; Communication et Sensibilisation).<br \/>\n<img loading=\"lazy\" decoding=\"async\" class=\"size-medium wp-image-14423 aligncenter\" src=\"https:\/\/www.fredonoccitanie.com\/jevi\/wp-content\/uploads\/sites\/2\/2024\/03\/sauvages_demarue_Grabels_280324_9-scaled-e1711710063939-300x225.jpg\" alt=\"\" width=\"300\" height=\"225\" srcset=\"https:\/\/www.fredonoccitanie.com\/jevi\/wp-content\/uploads\/sites\/2\/2024\/03\/sauvages_demarue_Grabels_280324_9-scaled-e1711710063939-300x225.jpg 300w, https:\/\/www.fredonoccitanie.com\/jevi\/wp-content\/uploads\/sites\/2\/2024\/03\/sauvages_demarue_Grabels_280324_9-scaled-e1711710063939.jpg 350w\" sizes=\"auto, (max-width: 300px) 100vw, 300px\" \/><br \/>\nPlus d&rsquo;informations sur le r\u00e9seau JEVI et la charte Engag\u00e9 pour le v\u00e9g\u00e9tal :<br \/>\n<a href=\"https:\/\/lnkd.in\/es5EBP4y\" data-test-app-aware-link=\"\">https:\/\/lnkd.in\/es5EBP4y<\/a><\/p>\n<p>Plus d&rsquo;informations sur Sauvages de ma rue :<br \/>\n<a href=\"https:\/\/lnkd.in\/eKW27vyA\" data-test-app-aware-link=\"\">https:\/\/lnkd.in\/eKW27vyA<\/a><\/p>\n","protected":false},"excerpt":{"rendered":"<p>Les gestionnaires JEVI se forment \u00e0 Sauvages de ma rue ! Lamier pourpre, laiteron mara\u00eecher, fumeterre grimpante&#8230;Vous connaissez ? Les gestionnaires du r\u00e9seau JEVI sont all\u00e9s \u00e0 la rencontre de ces plantes qui poussent dans les rues de Grabels pour une initiation au programme de sciences participatives Sauvages de ma rue. Au programme : d\u00e9couverte [&hellip;]<\/p>\n","protected":false},"author":14,"featured_media":14426,"comment_status":"closed","ping_status":"closed","sticky":false,"template":"","format":"standard","meta":{"footnotes":""},"categories":[8,2],"tags":[],"class_list":["post-14420","post","type-post","status-publish","format-standard","has-post-thumbnail","hentry","category-jevi","category-actualites-fredon"],"_links":{"self":[{"href":"https:\/\/www.fredonoccitanie.com\/jevi\/wp-json\/wp\/v2\/posts\/14420","targetHints":{"allow":["GET"]}}],"collection":[{"href":"https:\/\/www.fredonoccitanie.com\/jevi\/wp-json\/wp\/v2\/posts"}],"about":[{"href":"https:\/\/www.fredonoccitanie.com\/jevi\/wp-json\/wp\/v2\/types\/post"}],"author":[{"embeddable":true,"href":"https:\/\/www.fredonoccitanie.com\/jevi\/wp-json\/wp\/v2\/users\/14"}],"replies":[{"embeddable":true,"href":"https:\/\/www.fredonoccitanie.com\/jevi\/wp-json\/wp\/v2\/comments?post=14420"}],"version-history":[{"count":4,"href":"https:\/\/www.fredonoccitanie.com\/jevi\/wp-json\/wp\/v2\/posts\/14420\/revisions"}],"predecessor-version":[{"id":14751,"href":"https:\/\/www.fredonoccitanie.com\/jevi\/wp-json\/wp\/v2\/posts\/14420\/revisions\/14751"}],"wp:featuredmedia":[{"embeddable":true,"href":"https:\/\/www.fredonoccitanie.com\/jevi\/wp-json\/wp\/v2\/media\/14426"}],"wp:attachment":[{"href":"https:\/\/www.fredonoccitanie.com\/jevi\/wp-json\/wp\/v2\/media?parent=14420"}],"wp:term":[{"taxonomy":"category","embeddable":true,"href":"https:\/\/www.fredonoccitanie.com\/jevi\/wp-json\/wp\/v2\/categories?post=14420"},{"taxonomy":"post_tag","embeddable":true,"href":"https:\/\/www.fredonoccitanie.com\/jevi\/wp-json\/wp\/v2\/tags?post=14420"}],"curies":[{"name":"wp","href":"https:\/\/api.w.org\/{rel}","templated":true}]}}