{"id":14332,"date":"2024-03-21T16:43:00","date_gmt":"2024-03-21T15:43:00","guid":{"rendered":"https:\/\/www.fredonoccitanie.com\/jevi\/?p=14332"},"modified":"2024-04-04T10:40:50","modified_gmt":"2024-04-04T08:40:50","slug":"jevi-bienvenue-a-nais-en-stage-au-cotes-des-animateurs-jevi","status":"publish","type":"post","link":"https:\/\/www.fredonoccitanie.com\/jevi\/2024\/03\/21\/jevi-bienvenue-a-nais-en-stage-au-cotes-des-animateurs-jevi\/","title":{"rendered":"[JEVI] Bienvenue \u00e0 Na\u00efs, en stage aux c\u00f4t\u00e9s des animateurs JEVI !"},"content":{"rendered":"<h1 style=\"text-align: center\">Bienvenue \u00e0 Na\u00efs Secroun !<\/h1>\n<h5>C&rsquo;est avec un immense plaisir que nous vous pr\u00e9sentons Na\u00efs Secroun, en stage de Master 1, fra\u00eechement arriv\u00e9e dans l\u2019\u00e9quipe FREDON Occitanie !<\/h5>\n<p>Elle accompagnera avec enthousiasme l&rsquo;\u00e9quipe d&rsquo;animation JEVI pour les six prochains mois. Elle travaillera notamment \u00e0 la pr\u00e9paration d&rsquo;une bo\u00eete \u00e0 outils essentielle afin d\u2019accompagner au mieux les gestionnaires JEVI, elle participera \u00e9galement aux missions d\u2019animation du r\u00e9seau \u00e0 nos c\u00f4t\u00e9s.<\/p>\n<h2>Un petit mot de Na\u00efs :<\/h2>\n<p><span class=\"ui-provider a b c d e f g h i j k l m n o p q r s t u v w x y z ab ac ae af ag ah ai aj ak\" dir=\"ltr\">\u00ab\u00a0Je m\u2019appelle Na\u00efs Secroun et je rejoins l\u2019\u00e9quipe de Fredon Occitanie pour un stage d\u2019une dur\u00e9e de 6mois dans le cadre de la mission JEVI. Issue d\u2019une licence d\u00e9di\u00e9e \u00e0 la transition \u00e9cologique, solidaire et citoyenne, j\u2019ai int\u00e9gr\u00e9 en 2023 un master Gestion de l\u2019environnement \u00e0 l\u2019Universit\u00e9 Paul Val\u00e9ry &#8211; Montpellier 3. J\u2019aime lire, danser et me balader en pleine nature durant mes heures perdues. Ayant pour ambition d\u2019agir pour la pr\u00e9servation de l\u2019environnement, je suis d\u2019autant plus motiv\u00e9e et ravie d\u2019int\u00e9grer l\u2019\u00e9quipe de FREDON Occitanie et d\u2019accompagner au mieux les gestionnaires JEVI dans leur d\u00e9marche \u00ab Engag\u00e9 pour le v\u00e9g\u00e9tal \u00bb !\u00a0\u00bb<\/span><\/p>\n<p>&nbsp;<\/p>\n<p style=\"text-align: center\"><strong>Nous lui souhaitons la bienvenue \u00e0 bord !<\/strong><\/p>\n<p>&nbsp;<\/p>\n<p><img loading=\"lazy\" decoding=\"async\" class=\"alignnone size-medium wp-image-12708 aligncenter\" src=\"https:\/\/www.fredonoccitanie.com\/jevi\/wp-content\/uploads\/sites\/2\/2023\/06\/rainette-2-300x186.png\" alt=\"\" width=\"300\" height=\"186\" srcset=\"https:\/\/www.fredonoccitanie.com\/jevi\/wp-content\/uploads\/sites\/2\/2023\/06\/rainette-2-300x186.png 300w, https:\/\/www.fredonoccitanie.com\/jevi\/wp-content\/uploads\/sites\/2\/2023\/06\/rainette-2-768x476.png 768w, https:\/\/www.fredonoccitanie.com\/jevi\/wp-content\/uploads\/sites\/2\/2023\/06\/rainette-2-705x437.png 705w, https:\/\/www.fredonoccitanie.com\/jevi\/wp-content\/uploads\/sites\/2\/2023\/06\/rainette-2.png 824w\" sizes=\"auto, (max-width: 300px) 100vw, 300px\" \/><\/p>\n","protected":false},"excerpt":{"rendered":"<p>Bienvenue \u00e0 Na\u00efs Secroun ! C&rsquo;est avec un immense plaisir que nous vous pr\u00e9sentons Na\u00efs Secroun, en stage de Master 1, fra\u00eechement arriv\u00e9e dans l\u2019\u00e9quipe FREDON Occitanie ! Elle accompagnera avec enthousiasme l&rsquo;\u00e9quipe d&rsquo;animation JEVI pour les six prochains mois. Elle travaillera notamment \u00e0 la pr\u00e9paration d&rsquo;une bo\u00eete \u00e0 outils essentielle afin d\u2019accompagner au mieux [&hellip;]<\/p>\n","protected":false},"author":19,"featured_media":14413,"comment_status":"closed","ping_status":"closed","sticky":false,"template":"","format":"standard","meta":{"footnotes":""},"categories":[8,2],"tags":[],"class_list":["post-14332","post","type-post","status-publish","format-standard","has-post-thumbnail","hentry","category-jevi","category-actualites-fredon"],"_links":{"self":[{"href":"https:\/\/www.fredonoccitanie.com\/jevi\/wp-json\/wp\/v2\/posts\/14332","targetHints":{"allow":["GET"]}}],"collection":[{"href":"https:\/\/www.fredonoccitanie.com\/jevi\/wp-json\/wp\/v2\/posts"}],"about":[{"href":"https:\/\/www.fredonoccitanie.com\/jevi\/wp-json\/wp\/v2\/types\/post"}],"author":[{"embeddable":true,"href":"https:\/\/www.fredonoccitanie.com\/jevi\/wp-json\/wp\/v2\/users\/19"}],"replies":[{"embeddable":true,"href":"https:\/\/www.fredonoccitanie.com\/jevi\/wp-json\/wp\/v2\/comments?post=14332"}],"version-history":[{"count":5,"href":"https:\/\/www.fredonoccitanie.com\/jevi\/wp-json\/wp\/v2\/posts\/14332\/revisions"}],"predecessor-version":[{"id":14527,"href":"https:\/\/www.fredonoccitanie.com\/jevi\/wp-json\/wp\/v2\/posts\/14332\/revisions\/14527"}],"wp:featuredmedia":[{"embeddable":true,"href":"https:\/\/www.fredonoccitanie.com\/jevi\/wp-json\/wp\/v2\/media\/14413"}],"wp:attachment":[{"href":"https:\/\/www.fredonoccitanie.com\/jevi\/wp-json\/wp\/v2\/media?parent=14332"}],"wp:term":[{"taxonomy":"category","embeddable":true,"href":"https:\/\/www.fredonoccitanie.com\/jevi\/wp-json\/wp\/v2\/categories?post=14332"},{"taxonomy":"post_tag","embeddable":true,"href":"https:\/\/www.fredonoccitanie.com\/jevi\/wp-json\/wp\/v2\/tags?post=14332"}],"curies":[{"name":"wp","href":"https:\/\/api.w.org\/{rel}","templated":true}]}}