{"id":14176,"date":"2024-02-21T15:39:56","date_gmt":"2024-02-21T14:39:56","guid":{"rendered":"https:\/\/www.fredonoccitanie.com\/jevi\/?p=14176"},"modified":"2024-02-21T15:39:56","modified_gmt":"2024-02-21T14:39:56","slug":"rediffusion-webinaire-aides-territoires-decrypte-les-aides-financieres-pour-vos-projets","status":"publish","type":"post","link":"https:\/\/www.fredonoccitanie.com\/jevi\/2024\/02\/21\/rediffusion-webinaire-aides-territoires-decrypte-les-aides-financieres-pour-vos-projets\/","title":{"rendered":"[REDIFFUSION WEBINAIRE] &#8211; Aides-Territoires d\u00e9crypte les aides financi\u00e8res pour vos projets"},"content":{"rendered":"<h4 style=\"text-align: center\"><strong>Porteurs de projets, le Fonds Vert accompagne vos projets !<\/strong><\/h4>\n<p>&nbsp;<\/p>\n<h3 style=\"text-align: center\"><strong>Parmi les diff\u00e9rentes mesures figurent les Atlas de la Biodiversit\u00e9 Communale, <\/strong>les mesures contribuant \u00e0 la <strong>Strat\u00e9gie Nationale Biodiversit\u00e9 et les mesures de renaturation des villes et des villages <\/strong><\/h3>\n<p>\u00c0 l&rsquo;occasion d&rsquo;une s\u00e9rie de webinaires, Aides-territoires et les r\u00e9f\u00e9rents m\u00e9tiers de la Direction g\u00e9n\u00e9rale de l&rsquo;am\u00e9nagement, du logement et de la nature (DGALN), la Direction g\u00e9n\u00e9rale de la pr\u00e9vention des risques (DGPR), la Direction g\u00e9n\u00e9rale des infrastructures de transport et de mobilit\u00e9s (DGITM), la Direction g\u00e9n\u00e9rale de l&rsquo;\u00e9nergie et du climat (DGEC), de la Direction g\u00e9n\u00e9rale des entreprises (DGE), de l&rsquo;Agence nationale de la coh\u00e9sion des territoires (ANCT) et l&rsquo;Office fran\u00e7ais de la biodiversit\u00e9 (OFB) ont d\u00e9crypt\u00e9 chaque mesure et ont r\u00e9pondu aux questions des porteurs de projet.<\/p>\n<p style=\"text-align: center\"><strong>POUR VISIONNER LES WEBINAIRES, CLIQUEZ SUR \u00ab\u00a0REPLAY\u00a0\u00bb et SE CR\u00c9ER UN COMPTE<\/strong><\/p>\n<h4>Mieux conna\u00eetre et mobiliser pour la biodiversit\u00e9 : les Atlas de la biodiversit\u00e9 communale (ABC)<\/h4>\n<p><span aria-hidden=\"true\">\ud83d\uddd3<\/span> Mercredi 7 f\u00e9vrier de 16h \u00e0 17h<\/p>\n<p><strong> <span aria-hidden=\"true\">\ud83d\udd17<\/span> <a href=\"https:\/\/app.livestorm.co\/aides-territoires\/webinaire-fonds-vert-2024-mieux-connaitre-et-mobiliser-pour-la-biodiversite-les-atlas-de-la-biodiversite-communale-abc\/live?s=68a9e6a6-28c5-4457-ada8-9dfb37e4077b#\/chat\" target=\"_self\" rel=\"noopener\"> REPLAY <\/a> <\/strong><\/p>\n<p><span aria-hidden=\"true\">\ud83d\udd17<\/span> <a href=\"https:\/\/drive.google.com\/file\/d\/1kwolK8ghYpBEpTit647JsrPfRqgXiaD-\/view?usp=sharing\" target=\"_self\" rel=\"noopener\"> Support de pr\u00e9sentation <\/a><\/p>\n<h4><strong> La renaturation des villes et des villages et le recyclage foncier <\/strong><\/h4>\n<p><span aria-hidden=\"true\">\ud83d\uddd3<\/span> Jeudi 8 f\u00e9vrier de 11h30 \u00e0 12h30<\/p>\n<p><span aria-hidden=\"true\">\ud83d\udd17<\/span> <a href=\"https:\/\/app.livestorm.co\/aides-territoires\/webinaire-fonds-vert-2024-la-renaturation-des-villes-et-des-villages-et-le-recyclage-foncier\/live?s=dc95373a-a653-4435-ae74-732902f2be74#\/chat\" target=\"_self\" rel=\"noopener\"> <strong> REPLAY <\/strong> <\/a><\/p>\n<p><span aria-hidden=\"true\">\ud83d\udd17<\/span> <a href=\"https:\/\/drive.google.com\/file\/d\/1QO9Dm3h_vX-4uKfBP5solKosCY8ePUcb\/view?usp=sharing\" target=\"_self\" rel=\"noopener\"> Support de pr\u00e9sentation <\/a><\/p>\n<h4>Les mesures contribuant \u00e0 la Strat\u00e9gie nationale de la biodiversit\u00e9 (SNB)<\/h4>\n<p><span aria-hidden=\"true\">\ud83d\uddd3<\/span> Jeudi 15 f\u00e9vrier de 9h30 \u00e0 10h30<\/p>\n<p><span aria-hidden=\"true\">\ud83d\udd17<\/span> <a href=\"https:\/\/app.livestorm.co\/aides-territoires\/webinaire-fonds-vert-2024-les-mesures-contribuant-a-la-strategie-nationale-de-la-biodiversite-snb\/live?s=244916ee-7625-4cca-ac34-9fabba1b1c37#\/chat\" target=\"_self\" rel=\"noopener\"> <strong> REPLAY <\/strong> <\/a><\/p>\n<p><span aria-hidden=\"true\">\ud83d\udd17<\/span> <a href=\"https:\/\/drive.google.com\/file\/d\/1QlFRhYfyGdFS1LUICE6iqAJ20QUdIE2F\/view?usp=sharing\" target=\"_self\" rel=\"noopener\"> Support de pr\u00e9sentation <\/a><\/p>\n<p>&nbsp;<\/p>\n<p style=\"text-align: center\"><a href=\"https:\/\/aides-territoires.beta.gouv.fr\/programmes\/fonds-vert\/\">&gt;&gt; Pour consulter l&rsquo;int\u00e9gralit\u00e9 des webinaires, rendez-vous ici ! &lt;&lt;<\/a><\/p>\n","protected":false},"excerpt":{"rendered":"<p>Porteurs de projets, le Fonds Vert accompagne vos projets ! &nbsp; Parmi les diff\u00e9rentes mesures figurent les Atlas de la Biodiversit\u00e9 Communale, les mesures contribuant \u00e0 la Strat\u00e9gie Nationale Biodiversit\u00e9 et les mesures de renaturation des villes et des villages \u00c0 l&rsquo;occasion d&rsquo;une s\u00e9rie de webinaires, Aides-territoires et les r\u00e9f\u00e9rents m\u00e9tiers de la Direction g\u00e9n\u00e9rale [&hellip;]<\/p>\n","protected":false},"author":14,"featured_media":14066,"comment_status":"closed","ping_status":"closed","sticky":false,"template":"","format":"standard","meta":{"footnotes":""},"categories":[8,2],"tags":[],"class_list":["post-14176","post","type-post","status-publish","format-standard","has-post-thumbnail","hentry","category-jevi","category-actualites-fredon"],"_links":{"self":[{"href":"https:\/\/www.fredonoccitanie.com\/jevi\/wp-json\/wp\/v2\/posts\/14176","targetHints":{"allow":["GET"]}}],"collection":[{"href":"https:\/\/www.fredonoccitanie.com\/jevi\/wp-json\/wp\/v2\/posts"}],"about":[{"href":"https:\/\/www.fredonoccitanie.com\/jevi\/wp-json\/wp\/v2\/types\/post"}],"author":[{"embeddable":true,"href":"https:\/\/www.fredonoccitanie.com\/jevi\/wp-json\/wp\/v2\/users\/14"}],"replies":[{"embeddable":true,"href":"https:\/\/www.fredonoccitanie.com\/jevi\/wp-json\/wp\/v2\/comments?post=14176"}],"version-history":[{"count":5,"href":"https:\/\/www.fredonoccitanie.com\/jevi\/wp-json\/wp\/v2\/posts\/14176\/revisions"}],"predecessor-version":[{"id":14482,"href":"https:\/\/www.fredonoccitanie.com\/jevi\/wp-json\/wp\/v2\/posts\/14176\/revisions\/14482"}],"wp:featuredmedia":[{"embeddable":true,"href":"https:\/\/www.fredonoccitanie.com\/jevi\/wp-json\/wp\/v2\/media\/14066"}],"wp:attachment":[{"href":"https:\/\/www.fredonoccitanie.com\/jevi\/wp-json\/wp\/v2\/media?parent=14176"}],"wp:term":[{"taxonomy":"category","embeddable":true,"href":"https:\/\/www.fredonoccitanie.com\/jevi\/wp-json\/wp\/v2\/categories?post=14176"},{"taxonomy":"post_tag","embeddable":true,"href":"https:\/\/www.fredonoccitanie.com\/jevi\/wp-json\/wp\/v2\/tags?post=14176"}],"curies":[{"name":"wp","href":"https:\/\/api.w.org\/{rel}","templated":true}]}}