{"id":14068,"date":"2024-01-24T14:12:58","date_gmt":"2024-01-24T13:12:58","guid":{"rendered":"https:\/\/www.fredonoccitanie.com\/jevi\/?p=14068"},"modified":"2024-01-25T14:55:39","modified_gmt":"2024-01-25T13:55:39","slug":"webinaires-arbe-20-02-23-comment-supprimer-les-microplastiques-de-remplissage-dans-les-terrains-de-sport-synthetiques","status":"publish","type":"post","link":"https:\/\/www.fredonoccitanie.com\/jevi\/2024\/01\/24\/webinaires-arbe-20-02-23-comment-supprimer-les-microplastiques-de-remplissage-dans-les-terrains-de-sport-synthetiques\/","title":{"rendered":"[Webinaires ARBE] \u2013 20\/02\/23 &#8211; Comment supprimer les microplastiques de remplissage dans les terrains de sport synth\u00e9tiques ?"},"content":{"rendered":"\r\n<div class=\"block text half\">\r\n<div class=\"\">\r\n<h2 class=\"wp-block-heading\" style=\"text-align: center\">Webinaire<\/h2>\r\n<h2 style=\"text-align: center\">Comment supprimer les microplastiques de remplissage dans les terrains de sport synth\u00e9tiques ?<\/h2>\r\n<p>Le 25 septembre 2023, la Pr\u00e9sidente de la Commission Europ\u00e9enne Ursula Von der Leyen a sign\u00e9 un r\u00e8glement qui \u00ab limite les microplastiques ajout\u00e9s intentionnellement \u00bb et qui cible particuli\u00e8rement les terrains de sport synth\u00e9tiques.<\/p>\r\n<p>La question de la dispersion de microplastiques issus du remplissage des stades synth\u00e9tiques est sujette \u00e0 enjeux dans la mesure o\u00f9 ces impacts sur l\u2019environnement sont d\u00e9j\u00e0 av\u00e9r\u00e9s.<\/p>\r\n<p>Du fait d\u2019une mauvaise conception du terrain, d\u2019op\u00e9rations de maintenance inadapt\u00e9es, de pratiques sportives trop intenses, les mat\u00e9riaux de remplissage peuvent se d\u00e9verser dans les milieux naturels avec les eaux de pluies et le ruissellement, le mauvais stockage des granulats, leur d\u00e9placement par les utilisateurs, etc.<\/p>\r\n<p>La performance sportive des terrains en est alors directement impact\u00e9e et entraine un co\u00fbt suppl\u00e9mentaire pour le propri\u00e9taire\/la collectivit\u00e9 qui doit alors effectuer des rechargements en mat\u00e9riaux.<\/p>\r\n<\/div>\r\n<\/div>\r\n<h5 style=\"text-align: center\"><a class=\"auto-button\" href=\"https:\/\/us02web.zoom.us\/webinar\/register\/WN_uHIf3cuhSsyDo0MW5nfitw#\/\" target=\"_blank\" rel=\"noopener\">&gt;&gt; Inscription au webinaire &lt;&lt;<\/a><\/h5>\r\n<p>&nbsp;<\/p>\r\n<div class=\"block image half\"><a href=\"https:\/\/fr.freepik.com\/\" target=\"_blank\" rel=\"noopener\"> <img decoding=\"async\" class=\"full\" src=\"https:\/\/www.arbe-regionsud.org\/thumbs\/blockimg-13371-1000-0\" alt=\"Image de Freepik\" \/><\/a>\r\n<div class=\"caption\">Image de Freepik<\/div>\r\n<\/div>\r\n<div class=\"block text full\">\r\n<div class=\"\">\r\n<p>Ce webinaire aura donc pour objectif de pr\u00e9senter les enjeux et les impacts des microplastiques de remplissages des terrains de sport synth\u00e9tiques ainsi que de mettre en lumi\u00e8re des alternatives locales pour les supprimer.<\/p>\r\n<h5 style=\"text-align: center\"><a class=\"auto-button\" href=\"https:\/\/us02web.zoom.us\/webinar\/register\/WN_uHIf3cuhSsyDo0MW5nfitw#\/\" target=\"_blank\" rel=\"noopener\">&gt;&gt; Inscription au webinaire &lt;&lt;<\/a><\/h5>\r\n<\/div>\r\n<\/div>\r\n<div class=\"block text full\">\r\n<div class=\"\">\r\n<h3>\u00a0<\/h3>\r\n<h3>Les intervenants<\/h3>\r\n<div>\r\n<div>\r\n<ul>\r\n<li><b>Sammy DRISSI-AMRAOUI\u00a0:<\/b> Charg\u00e9 de mission REACH &#8211; Direction G\u00e9n\u00e9rale de la Pr\u00e9vention des Risques \/ Minist\u00e8re de la Transition \u00e9cologique et de la Coh\u00e9sion des territoires.<\/li>\r\n<li>La liste des intervenants repr\u00e9sentants des collectivit\u00e9s sera d\u00e9voil\u00e9e dans les prochaines semaines<\/li>\r\n<\/ul>\r\n<\/div>\r\n<\/div>\r\n<h3>Les animateurs<\/h3>\r\n<div>\r\n<div>\r\n<ul>\r\n<li><b>Nicolas JAMPIERRE\u00a0:<\/b> Charg\u00e9 de mission z\u00e9ro d\u00e9chet plastique \u2013 P\u00f4le accompagnement des territoires \/ ARBE<\/li>\r\n<li><b>Claire POULIN\u00a0:<\/b> Charg\u00e9e de mission z\u00e9ro d\u00e9chet plastique \u2013 P\u00f4le accompagnement des territoires \/ ARBE<\/li>\r\n<\/ul>\r\n<\/div>\r\n<\/div>\r\n<\/div>\r\n<\/div>\r\n<p>&nbsp;<\/p>\r\n<p>Cr\u00e9dit : ARBE<\/p>\r\n","protected":false},"excerpt":{"rendered":"<p>Webinaire Comment supprimer les microplastiques de remplissage dans les terrains de sport synth\u00e9tiques ? Le 25 septembre 2023, la Pr\u00e9sidente de la Commission Europ\u00e9enne Ursula Von der Leyen a sign\u00e9 un r\u00e8glement qui \u00ab limite les microplastiques ajout\u00e9s intentionnellement \u00bb et qui cible particuli\u00e8rement les terrains de sport synth\u00e9tiques. La question de la dispersion de [&hellip;]<\/p>\n","protected":false},"author":14,"featured_media":14077,"comment_status":"closed","ping_status":"open","sticky":false,"template":"","format":"standard","meta":{"footnotes":""},"categories":[3,11],"tags":[7],"class_list":["post-14068","post","type-post","status-publish","format-standard","has-post-thumbnail","hentry","category-agenda-fredon","category-agenda-jevi","tag-actualites-jevi"],"_links":{"self":[{"href":"https:\/\/www.fredonoccitanie.com\/jevi\/wp-json\/wp\/v2\/posts\/14068","targetHints":{"allow":["GET"]}}],"collection":[{"href":"https:\/\/www.fredonoccitanie.com\/jevi\/wp-json\/wp\/v2\/posts"}],"about":[{"href":"https:\/\/www.fredonoccitanie.com\/jevi\/wp-json\/wp\/v2\/types\/post"}],"author":[{"embeddable":true,"href":"https:\/\/www.fredonoccitanie.com\/jevi\/wp-json\/wp\/v2\/users\/14"}],"replies":[{"embeddable":true,"href":"https:\/\/www.fredonoccitanie.com\/jevi\/wp-json\/wp\/v2\/comments?post=14068"}],"version-history":[{"count":5,"href":"https:\/\/www.fredonoccitanie.com\/jevi\/wp-json\/wp\/v2\/posts\/14068\/revisions"}],"predecessor-version":[{"id":14075,"href":"https:\/\/www.fredonoccitanie.com\/jevi\/wp-json\/wp\/v2\/posts\/14068\/revisions\/14075"}],"wp:featuredmedia":[{"embeddable":true,"href":"https:\/\/www.fredonoccitanie.com\/jevi\/wp-json\/wp\/v2\/media\/14077"}],"wp:attachment":[{"href":"https:\/\/www.fredonoccitanie.com\/jevi\/wp-json\/wp\/v2\/media?parent=14068"}],"wp:term":[{"taxonomy":"category","embeddable":true,"href":"https:\/\/www.fredonoccitanie.com\/jevi\/wp-json\/wp\/v2\/categories?post=14068"},{"taxonomy":"post_tag","embeddable":true,"href":"https:\/\/www.fredonoccitanie.com\/jevi\/wp-json\/wp\/v2\/tags?post=14068"}],"curies":[{"name":"wp","href":"https:\/\/api.w.org\/{rel}","templated":true}]}}